{"id":649640,"date":"2024-01-26T22:27:07","date_gmt":"2024-01-26T21:27:07","guid":{"rendered":"https:\/\/www.hashtag.al\/?p=649640"},"modified":"2024-01-26T22:27:07","modified_gmt":"2024-01-26T21:27:07","slug":"charles-michel-behet-pishman-terhiqet-nga-ideja-per-te-kandiduar-ne-zgjedhjet-evropiane","status":"publish","type":"post","link":"https:\/\/www.hashtag.al\/index.php\/2024\/01\/26\/charles-michel-behet-pishman-terhiqet-nga-ideja-per-te-kandiduar-ne-zgjedhjet-evropiane\/","title":{"rendered":"Charles Michel b\u00ebhet pishman, t\u00ebrhiqet nga ideja p\u00ebr t\u00eb kandiduar n\u00eb zgjedhjet evropiane","gt_translate_keys":[{"key":"rendered","format":"text"}]},"content":{"rendered":"<p><span style=\"color: #000000;\"><a style=\"color: #000000;\" href=\"https:\/\/www.hashtag.al\/wp-content\/uploads\/2023\/08\/1688039139_charlesmichel.jpeg\"><img loading=\"lazy\" decoding=\"async\" class=\"aligncenter size-full wp-image-613295\" src=\"https:\/\/www.hashtag.al\/wp-content\/uploads\/2023\/08\/1688039139_charlesmichel.jpeg\" alt=\"\" width=\"780\" height=\"440\" srcset=\"https:\/\/www.hashtag.al\/wp-content\/uploads\/2023\/08\/1688039139_charlesmichel.jpeg 780w, https:\/\/www.hashtag.al\/wp-content\/uploads\/2023\/08\/1688039139_charlesmichel-300x169.jpeg 300w, https:\/\/www.hashtag.al\/wp-content\/uploads\/2023\/08\/1688039139_charlesmichel-768x433.jpeg 768w\" sizes=\"auto, (max-width: 780px) 100vw, 780px\" \/><\/a><\/span><\/p>\n<p><span style=\"color: #000000;\">Presidenti aktual i K\u00ebshillit Evropian, b\u00ebri nj\u00eb hap mbrapa n\u00eb iden\u00eb p\u00ebr t\u00eb kandiduar n\u00eb zgjedhjet evropiane.<\/span><\/p>\n<p><span style=\"color: #000000;\">Charles Michel lajm\u00ebroi se nuk do garoj\u00eb n\u00eb zgjedhje dhe se do vijoj\u00eb t\u2019i p\u00ebrkushtohet p\u00ebrgjegj\u00ebsive t\u00eb marra aktualisht dhe t\u00eb pal\u00ebkundura.<\/span><\/p>\n<p><span style=\"color: #000000;\"><em>\u201cNuk do t\u00eb kandidoj p\u00ebr zgjedhjet europiane. Do t\u2019u p\u00ebrkushtohem p\u00ebrgjegj\u00ebsive q\u00eb mbaj aktualisht, me vendosm\u00ebri t\u00eb pal\u00ebkundur derisa ato t\u00eb p\u00ebrfundojn\u00eb. Un\u00eb do t\u00eb jem gjithmon\u00eb nj\u00eb mb\u00ebshtet\u00ebs i vendosur i nj\u00eb Evrope q\u00eb \u00ebsht\u00eb demokratike, e fort\u00eb, e bashkuar dhe sovrane e fatin e vet,\u201d <\/em>shkruan Michel.<\/span><\/p>\n","protected":false,"gt_translate_keys":[{"key":"rendered","format":"html"}]},"excerpt":{"rendered":"<p>Presidenti aktual i K\u00ebshillit Evropian, b\u00ebri nj\u00eb hap mbrapa n\u00eb iden\u00eb p\u00ebr t\u00eb kandiduar n\u00eb zgjedhjet evropiane. Charles Michel lajm\u00ebroi se nuk do garoj\u00eb n\u00eb zgjedhje dhe se do vijoj\u00eb t\u2019i p\u00ebrkushtohet p\u00ebrgjegj\u00ebsive t\u00eb marra aktualisht dhe t\u00eb pal\u00ebkundura. \u201cNuk do t\u00eb kandidoj p\u00ebr zgjedhjet europiane. Do t\u2019u p\u00ebrkushtohem p\u00ebrgjegj\u00ebsive q\u00eb mbaj aktualisht, me vendosm\u00ebri [&hellip;]<\/p>\n","protected":false,"gt_translate_keys":[{"key":"rendered","format":"html"}]},"author":32,"featured_media":613295,"comment_status":"closed","ping_status":"open","sticky":false,"template":"","format":"standard","meta":{"footnotes":""},"categories":[6,13],"tags":[],"class_list":["post-649640","post","type-post","status-publish","format-standard","has-post-thumbnail","hentry","category-nderkombetare","category-te-fundit"],"gt_translate_keys":[{"key":"link","format":"url"}],"_links":{"self":[{"href":"https:\/\/www.hashtag.al\/index.php\/wp-json\/wp\/v2\/posts\/649640","targetHints":{"allow":["GET"]}}],"collection":[{"href":"https:\/\/www.hashtag.al\/index.php\/wp-json\/wp\/v2\/posts"}],"about":[{"href":"https:\/\/www.hashtag.al\/index.php\/wp-json\/wp\/v2\/types\/post"}],"author":[{"embeddable":true,"href":"https:\/\/www.hashtag.al\/index.php\/wp-json\/wp\/v2\/users\/32"}],"replies":[{"embeddable":true,"href":"https:\/\/www.hashtag.al\/index.php\/wp-json\/wp\/v2\/comments?post=649640"}],"version-history":[{"count":0,"href":"https:\/\/www.hashtag.al\/index.php\/wp-json\/wp\/v2\/posts\/649640\/revisions"}],"wp:featuredmedia":[{"embeddable":true,"href":"https:\/\/www.hashtag.al\/index.php\/wp-json\/wp\/v2\/media\/613295"}],"wp:attachment":[{"href":"https:\/\/www.hashtag.al\/index.php\/wp-json\/wp\/v2\/media?parent=649640"}],"wp:term":[{"taxonomy":"category","embeddable":true,"href":"https:\/\/www.hashtag.al\/index.php\/wp-json\/wp\/v2\/categories?post=649640"},{"taxonomy":"post_tag","embeddable":true,"href":"https:\/\/www.hashtag.al\/index.php\/wp-json\/wp\/v2\/tags?post=649640"}],"curies":[{"name":"wp","href":"https:\/\/api.w.org\/{rel}","templated":true}]}}