{"id":649479,"date":"2024-01-26T13:03:12","date_gmt":"2024-01-26T12:03:12","guid":{"rendered":"https:\/\/www.hashtag.al\/?p=649479"},"modified":"2024-01-26T13:03:12","modified_gmt":"2024-01-26T12:03:12","slug":"amnistia-salianji-te-perjashtohen-nga-kjo-e-drejte-shtetasit-qe-jane-zgjedhur-si-deputete","status":"publish","type":"post","link":"https:\/\/www.hashtag.al\/index.php\/2024\/01\/26\/amnistia-salianji-te-perjashtohen-nga-kjo-e-drejte-shtetasit-qe-jane-zgjedhur-si-deputete\/","title":{"rendered":"\u2018Amnistia\u2019\/ Salianji: T\u00eb p\u00ebrjashtohen nga kjo e drejt\u00eb shtetasit q\u00eb jan\u00eb zgjedhur si deputet\u00eb","gt_translate_keys":[{"key":"rendered","format":"text"}]},"content":{"rendered":"<p><img loading=\"lazy\" decoding=\"async\" class=\"size-full wp-image-649484 aligncenter\" src=\"https:\/\/www.hashtag.al\/wp-content\/uploads\/2024\/01\/salianjiii.jpg\" alt=\"\" width=\"856\" height=\"480\" srcset=\"https:\/\/www.hashtag.al\/wp-content\/uploads\/2024\/01\/salianjiii.jpg 856w, https:\/\/www.hashtag.al\/wp-content\/uploads\/2024\/01\/salianjiii-300x168.jpg 300w, https:\/\/www.hashtag.al\/wp-content\/uploads\/2024\/01\/salianjiii-768x431.jpg 768w\" sizes=\"auto, (max-width: 856px) 100vw, 856px\" \/><\/p>\n<p><span style=\"font-weight: 400; color: #000000;\">Deputeti i Partis\u00eb Demokratike, Ervin Salianji n\u00eb nj\u00eb deklarat\u00eb p\u00ebr mediat nga kryesia e Kuvendit foli p\u00ebr amnistin\u00eb, ku u shpreh se ka propozuar nj\u00eb amendament, ku sipas tij nga kjo e drejt\u00eb duhet t\u00eb p\u00ebrjashtohen shtetasit q\u00eb jan\u00eb zgjedhur si deputet\u00eb.<\/span><\/p>\n<p><span style=\"font-weight: 400; color: #000000;\">M\u00eb tej ai u shpreh se nuk b\u00ebn asnj\u00eb kompromis me asnj\u00eb bandit, kriminel apo mafioz.<\/span><\/p>\n<p><span style=\"color: #000000;\"><i><span style=\"font-weight: 400;\">\u201cAmnistia ndjek q\u00ebllimet q\u00eb lidhjen me humanizmin q\u00eb ka p\u00ebr q\u00ebllim t\u00eb leht\u00ebsoj\u00eb pozit\u00ebn e shtetaseve dhe jam i bindur se dhjet\u00ebra familje po presin.<\/span><\/i><\/span><\/p>\n<p><span style=\"color: #000000;\"><i><span style=\"font-weight: 400;\">P\u00ebrmes k\u00ebtij amendimi dua t\u00eb p\u00ebrjashtohet kjo e drejt\u00eb p\u00ebr shtetasit q\u00eb jan\u00eb aktualisht deputet\u00eb t\u00eb zgjedhur, kjo q\u00eb amnistia t\u00eb mos shfryt\u00ebzohet. p\u00ebr \u00e7do njeri q\u00eb ka ngren\u00eb sallat\u00eb kot k\u00ebto koh\u00eb duke menduar q\u00eb ka pasur ndonj\u00eb amendimin p\u00ebr t\u00eb p\u00ebrfituar n\u00eb m\u00ebnyr\u00eb t\u00eb drejtp\u00ebrdrejt\u00eb, po i them q\u00eb nuk p\u00ebrfshihen.<\/span><\/i><\/span><\/p>\n<p><span style=\"color: #000000;\"><i><span style=\"font-weight: 400;\">Dua t\u00eb theksoj se un\u00eb nuk hyj tek ata q\u00eb cenojn\u00eb dinjitetin, nuk b\u00ebj asnj\u00eb kompromis me asnj\u00eb nga akuzat, bandit, kriminel mafioz q\u00eb \u00ebsht\u00eb p\u00ebrfshir\u00eb n\u00eb trafik droge. Jam i vetmi politikan q\u00eb gjykohem n\u00eb gjykat\u00eb p\u00ebr shkak t\u00eb nj\u00eb denoncimi n\u00eb interes publik\u201d<\/span><\/i><span style=\"font-weight: 400;\">, u shpreh Salianji.<\/span><\/span><\/p>\n","protected":false,"gt_translate_keys":[{"key":"rendered","format":"html"}]},"excerpt":{"rendered":"<p>Deputeti i Partis\u00eb Demokratike, Ervin Salianji n\u00eb nj\u00eb deklarat\u00eb p\u00ebr mediat nga kryesia e Kuvendit foli p\u00ebr amnistin\u00eb, ku u shpreh se ka propozuar nj\u00eb amendament, ku sipas tij nga kjo e drejt\u00eb duhet t\u00eb p\u00ebrjashtohen shtetasit q\u00eb jan\u00eb zgjedhur si deputet\u00eb. M\u00eb tej ai u shpreh se nuk b\u00ebn asnj\u00eb kompromis me asnj\u00eb bandit, [&hellip;]<\/p>\n","protected":false,"gt_translate_keys":[{"key":"rendered","format":"html"}]},"author":4,"featured_media":649484,"comment_status":"closed","ping_status":"open","sticky":false,"template":"","format":"standard","meta":{"footnotes":""},"categories":[65],"tags":[],"class_list":["post-649479","post","type-post","status-publish","format-standard","has-post-thumbnail","hentry","category-lajme"],"gt_translate_keys":[{"key":"link","format":"url"}],"_links":{"self":[{"href":"https:\/\/www.hashtag.al\/index.php\/wp-json\/wp\/v2\/posts\/649479","targetHints":{"allow":["GET"]}}],"collection":[{"href":"https:\/\/www.hashtag.al\/index.php\/wp-json\/wp\/v2\/posts"}],"about":[{"href":"https:\/\/www.hashtag.al\/index.php\/wp-json\/wp\/v2\/types\/post"}],"author":[{"embeddable":true,"href":"https:\/\/www.hashtag.al\/index.php\/wp-json\/wp\/v2\/users\/4"}],"replies":[{"embeddable":true,"href":"https:\/\/www.hashtag.al\/index.php\/wp-json\/wp\/v2\/comments?post=649479"}],"version-history":[{"count":0,"href":"https:\/\/www.hashtag.al\/index.php\/wp-json\/wp\/v2\/posts\/649479\/revisions"}],"wp:featuredmedia":[{"embeddable":true,"href":"https:\/\/www.hashtag.al\/index.php\/wp-json\/wp\/v2\/media\/649484"}],"wp:attachment":[{"href":"https:\/\/www.hashtag.al\/index.php\/wp-json\/wp\/v2\/media?parent=649479"}],"wp:term":[{"taxonomy":"category","embeddable":true,"href":"https:\/\/www.hashtag.al\/index.php\/wp-json\/wp\/v2\/categories?post=649479"},{"taxonomy":"post_tag","embeddable":true,"href":"https:\/\/www.hashtag.al\/index.php\/wp-json\/wp\/v2\/tags?post=649479"}],"curies":[{"name":"wp","href":"https:\/\/api.w.org\/{rel}","templated":true}]}}