{"id":649331,"date":"2024-01-25T20:25:56","date_gmt":"2024-01-25T19:25:56","guid":{"rendered":"https:\/\/www.hashtag.al\/?p=649331"},"modified":"2024-01-25T20:25:56","modified_gmt":"2024-01-25T19:25:56","slug":"rikthimi-i-fruthit-ne-vend-mjeku-pediater-apel-vaksinimi-e-vetmja-menyre-per-mbrojtjen-e-femijeve","status":"publish","type":"post","link":"https:\/\/www.hashtag.al\/index.php\/2024\/01\/25\/rikthimi-i-fruthit-ne-vend-mjeku-pediater-apel-vaksinimi-e-vetmja-menyre-per-mbrojtjen-e-femijeve\/","title":{"rendered":"Rikthimi i fruthit n\u00eb vend, mjeku pediat\u00ebr apel: Vaksinimi, e vetmja m\u00ebnyr\u00eb p\u00ebr mbrojtjen e f\u00ebmij\u00ebve","gt_translate_keys":[{"key":"rendered","format":"text"}]},"content":{"rendered":"<p style=\"line-height: 24pt; margin: 0in 0in 22.5pt; text-align: left;\"><span style=\"color: #000000;\"><img loading=\"lazy\" decoding=\"async\" class=\"size-full wp-image-649332 aligncenter\" src=\"https:\/\/www.hashtag.al\/wp-content\/uploads\/2024\/01\/1706196925_fruthi-768x433-1.jpg\" alt=\"\" width=\"768\" height=\"433\" srcset=\"https:\/\/www.hashtag.al\/wp-content\/uploads\/2024\/01\/1706196925_fruthi-768x433-1.jpg 768w, https:\/\/www.hashtag.al\/wp-content\/uploads\/2024\/01\/1706196925_fruthi-768x433-1-300x169.jpg 300w\" sizes=\"auto, (max-width: 768px) 100vw, 768px\" \/><\/span><\/p>\n<p style=\"line-height: 24pt; margin: 0in 0in 22.5pt; text-align: left;\"><span style=\"color: #000000;\">Mjeku pediat\u00ebr Kujtim Ibrahimi p\u00ebrmes nj\u00eb komunikimi t\u00eb drejtp\u00ebrdrejt\u00eb n\u00eb News24 ka folur rreth situat\u00ebs s\u00eb krijuar nga rikthimi i fruthit n\u00eb vend. <\/span><span style=\"color: #000000;\">Ibrahimi u shpreh se fruthi mund t\u00eb shmanget p\u00ebrmes kryerjes s\u00eb vaksin\u00ebs, e cila sipas tij shpesh her\u00eb shmanget nga prind\u00ebrit e f\u00ebmij\u00ebve me frik\u00ebn se ajo mund t\u00eb shkaktoj\u00eb autiz\u00ebm. <\/span><span style=\"color: #000000;\">Sipas tij fruthi mund t\u00eb sjell\u00eb komplikacione tep\u00ebr t\u00eb r\u00ebnda q\u00eb mund t\u00eb shkojn\u00eb deri n\u00eb infeksion truri ose vdekje.<\/span><\/p>\n<p style=\"line-height: 24pt; box-sizing: inherit; font-variant-ligatures: normal; font-variant-caps: normal; orphans: 2; text-align: left; widows: 2; -webkit-text-stroke-width: 0px; word-spacing: 0px; margin: 0in 0in 22.5pt;\"><span style=\"color: #000000;\">Ai p\u00ebrs\u00ebriti apelin p\u00ebr kryerjen e vaksin\u00ebs duke theksuar se ajo \u00ebsht\u00eb e vetmja m\u00ebnyr\u00eb p\u00ebr shmangien e virusit dhe garantimin e sh\u00ebndetit t\u00eb f\u00ebmij\u00ebve.<\/span><\/p>\n<p style=\"line-height: 24pt; box-sizing: inherit; font-variant-ligatures: normal; font-variant-caps: normal; orphans: 2; text-align: left; widows: 2; -webkit-text-stroke-width: 0px; word-spacing: 0px; margin: 0in 0in 22.5pt;\"><span style=\"color: #000000;\"><i><span style=\"font-variant-ligatures: normal; font-variant-caps: normal; orphans: 2; text-align: start; widows: 2; -webkit-text-stroke-width: 0px; float: none; word-spacing: 0px;\">\u201cKa mjaft refuzime t\u00eb b\u00ebrjes s\u00eb vaksin\u00ebs s\u00eb fruthit me aludimin se ajo mund t\u00eb shkaktoj\u00eb autiz\u00ebm, por kjo nuk \u00ebsht\u00eb e provuar. \u00c7do f\u00ebmije i vaksinuar \u00ebsht\u00eb i mbrojtur p\u00ebrjet\u00eb nga fruthi. F\u00ebmij\u00ebt e pavaksinuar rrezikojn\u00eb t\u00eb p\u00ebrballen me komplikimet e fruthit, q\u00eb jan\u00eb tep\u00ebr t\u00eb r\u00ebnda.Jemi p\u00ebrballur me situata shum\u00eb t\u00eb v\u00ebshtira, ka pasur infeksion t\u00eb trurit q\u00eb \u00ebsht\u00eb edhe rasti m\u00eb i r\u00ebnd\u00eb q\u00eb shkakton vdekje ose probleme t\u00eb r\u00ebnda neurologjike. Ky virus p\u00ebrhapet p\u00ebrmes p\u00ebshtym\u00ebs, ajrit dhe kjo ndodh kur k\u00ebta f\u00ebmij\u00eb shkojn\u00eb n\u00eb vende me grumbullime njer\u00ebzish.<\/span><\/i><\/span><\/p>\n<p style=\"line-height: 24pt; margin: 0in 0in 22.5pt; text-align: left;\"><span style=\"color: #000000;\"><i>T\u00eb gjitha statistikat tregojn\u00eb se t\u00eb s\u00ebmur\u00ebt me fruth jan\u00eb t\u00eb pavaksinuar. Vaksina e mbron f\u00ebmij\u00ebn nga k\u00ebto komplikime. Q\u00eb t\u00eb gjith\u00eb ata q\u00eb nuk kan\u00eb b\u00ebr\u00eb vaksin\u00ebn e fruthit duhet ta b\u00ebjn\u00eb at\u00eb\u201d, <\/i>u shpreh ai.<\/span><\/p>\n","protected":false,"gt_translate_keys":[{"key":"rendered","format":"html"}]},"excerpt":{"rendered":"<p>Mjeku pediat\u00ebr Kujtim Ibrahimi p\u00ebrmes nj\u00eb komunikimi t\u00eb drejtp\u00ebrdrejt\u00eb n\u00eb News24 ka folur rreth situat\u00ebs s\u00eb krijuar nga rikthimi i fruthit n\u00eb vend. Ibrahimi u shpreh se fruthi mund t\u00eb shmanget p\u00ebrmes kryerjes s\u00eb vaksin\u00ebs, e cila sipas tij shpesh her\u00eb shmanget nga prind\u00ebrit e f\u00ebmij\u00ebve me frik\u00ebn se ajo mund t\u00eb shkaktoj\u00eb autiz\u00ebm. Sipas [&hellip;]<\/p>\n","protected":false,"gt_translate_keys":[{"key":"rendered","format":"html"}]},"author":4,"featured_media":649332,"comment_status":"closed","ping_status":"open","sticky":false,"template":"","format":"standard","meta":{"footnotes":""},"categories":[65],"tags":[],"class_list":["post-649331","post","type-post","status-publish","format-standard","has-post-thumbnail","hentry","category-lajme"],"gt_translate_keys":[{"key":"link","format":"url"}],"_links":{"self":[{"href":"https:\/\/www.hashtag.al\/index.php\/wp-json\/wp\/v2\/posts\/649331","targetHints":{"allow":["GET"]}}],"collection":[{"href":"https:\/\/www.hashtag.al\/index.php\/wp-json\/wp\/v2\/posts"}],"about":[{"href":"https:\/\/www.hashtag.al\/index.php\/wp-json\/wp\/v2\/types\/post"}],"author":[{"embeddable":true,"href":"https:\/\/www.hashtag.al\/index.php\/wp-json\/wp\/v2\/users\/4"}],"replies":[{"embeddable":true,"href":"https:\/\/www.hashtag.al\/index.php\/wp-json\/wp\/v2\/comments?post=649331"}],"version-history":[{"count":0,"href":"https:\/\/www.hashtag.al\/index.php\/wp-json\/wp\/v2\/posts\/649331\/revisions"}],"wp:featuredmedia":[{"embeddable":true,"href":"https:\/\/www.hashtag.al\/index.php\/wp-json\/wp\/v2\/media\/649332"}],"wp:attachment":[{"href":"https:\/\/www.hashtag.al\/index.php\/wp-json\/wp\/v2\/media?parent=649331"}],"wp:term":[{"taxonomy":"category","embeddable":true,"href":"https:\/\/www.hashtag.al\/index.php\/wp-json\/wp\/v2\/categories?post=649331"},{"taxonomy":"post_tag","embeddable":true,"href":"https:\/\/www.hashtag.al\/index.php\/wp-json\/wp\/v2\/tags?post=649331"}],"curies":[{"name":"wp","href":"https:\/\/api.w.org\/{rel}","templated":true}]}}