{"id":648648,"date":"2024-01-23T17:31:17","date_gmt":"2024-01-23T16:31:17","guid":{"rendered":"https:\/\/www.hashtag.al\/?p=648648"},"modified":"2024-01-23T17:31:17","modified_gmt":"2024-01-23T16:31:17","slug":"pse-vrasja-e-18-vjecarit-nga-podujeva-u-raportua-si-therje-me-thike","status":"publish","type":"post","link":"https:\/\/www.hashtag.al\/index.php\/2024\/01\/23\/pse-vrasja-e-18-vjecarit-nga-podujeva-u-raportua-si-therje-me-thike\/","title":{"rendered":"Pse vrasja e 18-vje\u00e7arit nga Podujeva u raportua si \u2018therje me thik\u00eb\u2019","gt_translate_keys":[{"key":"rendered","format":"text"}]},"content":{"rendered":"<p style=\"text-align: left;\"><span style=\"color: #000000;\"><img loading=\"lazy\" decoding=\"async\" class=\"size-full wp-image-648650 aligncenter\" src=\"https:\/\/www.hashtag.al\/wp-content\/uploads\/2024\/01\/18-vjecari-600x360-1-e1706025435970.png\" alt=\"\" width=\"552\" height=\"306\" srcset=\"https:\/\/www.hashtag.al\/wp-content\/uploads\/2024\/01\/18-vjecari-600x360-1-e1706025435970.png 552w, https:\/\/www.hashtag.al\/wp-content\/uploads\/2024\/01\/18-vjecari-600x360-1-e1706025435970-300x166.png 300w\" sizes=\"auto, (max-width: 552px) 100vw, 552px\" \/><\/span><\/p>\n<p style=\"text-align: left;\"><span style=\"color: #000000;\">Rasti i vrasjes s\u00eb Lulzim Fejzullahu nga Podujeva u p\u00ebrshkrua nga Policia n\u00eb fillim si \u201ctherje me thik\u00eb\u201d dhe versioni ndryshoi pasi 18-vje\u00e7ari vdiq pas nj\u00eb p\u00ebrpjekjeje gjasht\u00ebditore t\u00eb mjek\u00ebve p\u00ebr ta mbajtur at\u00eb n\u00eb jet\u00eb.<\/span><\/p>\n<p style=\"text-align: left;\"><span style=\"color: #000000;\">Pamjet e publikuara t\u00eb diel\u00ebn d\u00ebshmuan se ai ishte goditur me vetur\u00eb, e m\u00eb pas kishte marr\u00eb goditje t\u00eb p\u00ebrs\u00ebritshme me shkop n\u00eb kok\u00eb nga dy t\u00eb mitur.<\/span><\/p>\n<p style=\"text-align: left;\"><span style=\"color: #000000;\">Zyra p\u00ebr marr\u00ebdh\u00ebnie me publikun dhe media e Policis\u00eb, n\u00eb nj\u00eb p\u00ebrgjigje p\u00ebr Gazet\u00ebn Express dha nj\u00eb sqarim p\u00ebr rastin e 14 janarit ku 18-vje\u00e7ari. Fillimisht tha se kjo \u201cdyshohet t\u00eb jet\u00eb vazhdim\u00ebsi e nj\u00eb z\u00ebnke (mosmarr\u00ebveshje apo konflikti) t\u00eb ndodhur po t\u00eb nj\u00ebjt\u00ebn dit\u00eb, disa minuta p\u00ebrpara, n\u00eb rrug\u00ebn \u2018Jusuf G\u00ebrvalla\u2019 n\u00eb Podujev\u00eb\u201d, dhe se kan\u00eb trajtuar dhe po trajtojn\u00eb \u201c\u00e7far\u00ebdo informacioni q\u00eb mund t\u00eb nd\u00ebrlidhet me \u00e7far\u00ebdo rrethane q\u00eb ka mundur ti paraprij ngjarjes\u201d.<\/span><\/p>\n<p style=\"text-align: left;\"><span style=\"color: #000000;\">Policia u arsyetua se veprimet operative dhe hetimore lidhur me k\u00ebt\u00eb rast i ka marr\u00eb n\u00eb p\u00ebrputhje me \u201cautorizimet e marra nga prokurori i shtetit\u201d dhe se \u201cn\u00eb kontekstin e k\u00ebsaj p\u00ebrgjat\u00eb ekzaminimit forenzik, n\u00eb vendin e ngjarjes policia ka\u00a0 gjetur dhe sekuestruar nj\u00eb thik\u00eb, t\u00eb cil\u00ebn e ka administruar n\u00eb cil\u00ebsin\u00eb e prov\u00ebs materiale\u201d.<\/span><\/p>\n<p style=\"text-align: left;\"><span style=\"color: #000000;\"><em>\u201cQ\u00eb nga momenti i marrjes s\u00eb informacionit p\u00ebr rastin,\u00a0 policia ka trajtuar me kujdes t\u00eb ve\u00e7ant\u00eb \u00e7do aspekt t\u00eb ngjarjes dhe ka nd\u00ebrmarr\u00eb me p\u00ebrpik\u00ebri t\u00eb gjitha veprimet e nevojshme\u00a0 t\u00eb ekzaminimit\u00a0 ato operative si dhe veprimet hetimore n\u00eb p\u00ebrputhje me kompetenc\u00ebn si dhe autorizimet e marra nga prokurori i shtetit\u201d,<\/em> thuhet n\u00eb p\u00ebrgjigjen e Policis\u00eb.<\/span><\/p>\n<p style=\"text-align: left;\"><span style=\"color: #000000;\">N\u00eb fund t\u00eb sqarimit t\u00eb gjat\u00eb, p\u00ebr t\u00eb kuptuar p\u00ebrtej asaj \u00e7far\u00eb thuhej n\u00eb p\u00ebrgjigje, Policia tha q\u00eb t\u2019i drejtohemi Prokuroris\u00eb.<\/span><\/p>\n<p style=\"text-align: left;\"><span style=\"color: #000000;\">Gazeta Express ka pyetur n\u00eb Prokurorin\u00eb Themelore t\u00eb Prishtin\u00ebs p\u00ebr ndryshimin e p\u00ebrshkrimit t\u00eb rastit, por nga organi i ndjekjes q\u00eb p\u00ebrve\u00e7 kryeqytetit mbulon edhe gjasht\u00eb komuna tjera, nuk dhan\u00eb m\u00eb tep\u00ebr p\u00ebrgjigje, p\u00ebrve\u00e7se tregoi se dy sulmuesve u ishte caktuar paraburgimi nj\u00eb dit\u00eb pas rastit dhe se rasti u rikualifikua pasi 18-vje\u00e7ari vdiq n\u00eb QKUK.<\/span><\/p>\n<p style=\"text-align: left;\"><span style=\"color: #000000;\"><em>\u201cReferuar pyetjeve tuaja, ju njoftojm\u00eb se Prokurori i Shtetit, m\u00eb 15.01.2024, ka paraqitur k\u00ebrkes\u00eb p\u00ebr caktimin e mas\u00ebs s\u00eb paraburgimit ndaj dy t\u00eb miturve, n\u00eb drejtim t\u00eb vepr\u00ebs penale \u201cVrasja n\u00eb tentativ\u00eb\u201d,<\/em> sipas KPRK-s\u00eb, pran\u00eb gjykat\u00ebs kompetente dhe po n\u00eb t\u00eb nj\u00ebjt\u00ebn dit\u00eb, pas mbajtjes s\u00eb seanc\u00ebs d\u00ebgjimore, Gjykata Themelore n\u00eb Prishtin\u00eb-Departamenti p\u00ebr t\u00eb Mitur, ka aprovuar k\u00ebrkes\u00ebn e prokuroris\u00eb, pra ka caktuar mas\u00ebn e paraburgimit p\u00ebr t\u00eb nj\u00ebjtit\u201d, thuhet n\u00eb p\u00ebrgjigjen e Prokuroris\u00eb.<\/span><\/p>\n<p style=\"text-align: left;\"><span style=\"color: #000000;\"><em>\u201cAshtu si\u00e7 iu kemi njoftuar p\u00ebrmes komunikat\u00ebs, prokuroria ka pranuar informata n\u00eb rrug\u00ebn \u201cDrenica\u201d Podujev\u00eb, nga nj\u00eb p\u00ebrleshje fizike, dy t\u00eb dyshuar (t\u00eb mitur) e kan\u00eb goditur me nj\u00eb shkop viktim\u00ebn (tashm\u00eb t\u00eb ndjerin, 18 vje\u00e7), duke i shkaktuar l\u00ebndime trupore, ku si pasoj\u00eb e k\u00ebtyre l\u00ebndimeve t\u00eb marra, viktima \u00ebsht\u00eb d\u00ebrguar n\u00eb QKUK p\u00ebr trajtim mjek\u00ebsor, nd\u00ebrsa po n\u00eb t\u00eb nj\u00ebjt\u00ebn dit\u00eb, me urdh\u00ebr t\u00eb Prokurorit t\u00eb Shtetit, dy t\u00eb miturit jan\u00eb ndaluar p\u00ebr shkak t\u00eb vepr\u00ebs penale \u201cVrasje n\u00eb tentativ\u00eb\u201d (tashm\u00eb rasti vazhdon t\u00eb trajtohet si vrasje e r\u00ebnd\u00eb)\u201d, thuhet<\/em> tutje n\u00eb p\u00ebrgjigje.<\/span><\/p>\n<p style=\"text-align: left;\"><span style=\"color: #000000;\">Prokuroria thot\u00eb se \u201cnuk mund t\u00eb japim informata t\u00eb tjera\u201d lidhur me k\u00ebt\u00eb \u00e7\u00ebshtje, \u201cp\u00ebr shkak se rasti i takon procedur\u00ebs p\u00ebr t\u00eb mitur dhe si t\u00eb tilla jan\u00eb t\u00eb natyr\u00ebs konfidenciale\u201d.<\/span><\/p>\n<p style=\"text-align: left;\"><span style=\"color: #000000;\">Inspektorati Policor i Kosov\u00ebs ka nisur nj\u00eb hetim duke grumbulluar informacione p\u00ebr veprimet e polic\u00ebve, pas vrasjes s\u00eb 18-vje\u00e7arit Lulzim Fejzullahu.<\/span><\/p>\n<p style=\"text-align: left;\"><span style=\"color: #000000;\">Z\u00ebdh\u00ebn\u00ebsi i IPK-s\u00eb, Arb\u00ebr Beka, i tha Expressit dje se po mbledhin informacionet, duke p\u00ebrfshir\u00eb edhe shkresat e Policis\u00eb lidhur me k\u00ebt\u00eb rast.<\/span><\/p>\n<p style=\"text-align: left;\"><span style=\"color: #000000;\"><em>\u201cDuke ju referuar k\u00ebrkes\u00ebs suaj ju informojm\u00eb se lidhur me k\u00ebt\u00eb rast Inspektorati Policor i Kosov\u00ebs sipas detyr\u00ebs zyrtare ka filluar nj\u00eb hetim preliminar q\u00eb p\u00ebrfshin p\u00ebrve\u00e7 tjerash edhe grumbullimin e informacioneve shtes\u00eb rreth veprimeve t\u00eb policis\u00eb si dhe sigurimin e t\u00eb gjitha shkresave lidhur me k\u00ebt\u00eb rast\u201d,<\/em> tha Beka.<\/span><\/p>\n<p style=\"text-align: left;\"><span style=\"color: #000000;\"><strong>\u00c7fare tha mjeku?<\/strong><\/span><\/p>\n<p style=\"text-align: left;\"><span style=\"color: #000000;\">Lulzim Fejzullahu vdiq t\u00eb shtun\u00ebn n\u00eb QKUK, pasi me gjith\u00eb trajtimin mjek\u00ebsor nuk mundi t\u2019u mbijetoj\u00eb l\u00ebndimeve t\u00eb r\u00ebnda q\u00eb i kishte marr\u00eb gjasht\u00eb dit\u00eb m\u00eb par\u00eb. Shaqir Uka, shef i repartit t\u00eb Intensiv\u00ebs n\u00eb QKUK, ku po trajtohej 18-vje\u00e7ari, i tha gazet\u00ebs dje se te viktima nuk kan\u00eb par\u00eb plag\u00eb ther\u00ebse.<\/span><\/p>\n<p style=\"text-align: left;\"><span style=\"color: #000000;\"><em>\u201cPacienti \u00ebsht\u00eb sjell\u00eb n\u00eb nj\u00ebsin\u00eb e mjekimit intensiv qendror pas intervenimit kirurgjik n\u00eb sall\u00ebn e qendr\u00ebs emergjente n\u00eb urgjenc\u00eb, p\u00ebr shkak t\u00eb l\u00ebndimeve q\u00eb ka p\u00ebsuar n\u00eb regjionin e kok\u00ebs dhe ato si pasoj\u00eb e gjakderdhjes q\u00eb ka p\u00ebsu n\u00eb regjionin e kok\u00ebs si pasoj\u00eb e goditjeve. Nuk kemi t\u00eb evidentuar, as n\u00eb raportin e Qendr\u00ebs Emergjente, por as ne k\u00ebtu nuk kemi pa q\u00eb ka pas\u00eb plag\u00eb ther\u00ebse\u201d,<\/em> tha Uka.<\/span><\/p>\n<p style=\"text-align: left;\"><span style=\"color: #000000;\">Inspektorati Policor i Kosov\u00ebs ka nisur nj\u00eb hetim duke grumbulluar informacione p\u00ebr veprimet e polic\u00ebve, pas vrasjes s\u00eb 18-vje\u00e7arit Lulzim Fejzullahu.<\/span><\/p>\n<p style=\"text-align: left;\"><span style=\"color: #000000;\"><strong>IPK po i heton veprimet policore<\/strong><\/span><\/p>\n<p style=\"text-align: left;\"><span style=\"color: #000000;\">Z\u00ebdh\u00ebn\u00ebsi i IPK-s\u00eb, Arb\u00ebr Beka, i tha Gazet\u00ebs Express se po mbledhin informacionet, duke p\u00ebrfshir\u00eb edhe shkresat e Policis\u00eb lidhur me k\u00ebt\u00eb rast q\u00eb u p\u00ebrshkrua ndryshe dit\u00ebn kur ndodhi, nga \u00e7far\u00eb treguan pamjet e publikuara dje.<\/span><\/p>\n<p style=\"text-align: left;\"><span style=\"color: #000000;\"><em>\u201cDuke ju referuar k\u00ebrkes\u00ebs suaj ju informojm\u00eb se lidhur me k\u00ebt\u00eb rast Inspektorati Policor i Kosov\u00ebs sipas detyr\u00ebs zyrtare ka filluar nj\u00eb hetim preliminar q\u00eb p\u00ebrfshin p\u00ebrve\u00e7 tjerash edhe grumbullimin e informacioneve shtes\u00eb rreth veprimeve t\u00eb policis\u00eb si dhe sigurimin e t\u00eb gjitha shkresave lidhur me k\u00ebt\u00eb rast\u201d,<\/em> tha Beka.<\/span><\/p>\n<p style=\"text-align: left;\"><span style=\"color: #000000;\"><em>\u201cVeprimet tjera do t\u00eb nd\u00ebrmerren var\u00ebsisht nga t\u00eb gjeturat e hetimit preliminar dhe autorizimeve ligjore t\u00eb IPK-s\u00eb\u201d,<\/em> shtoi ai.<\/span><\/p>\n<p style=\"text-align: left;\"><span style=\"color: #000000;\">Rrahim Fejzullahu, axha i viktim\u00ebs, tha t\u00eb diel\u00ebn se familjar\u00eb t\u00eb t\u00eb dyshuarve i kishin d\u00ebrguar njer\u00ebz. Gjyshi i nj\u00ebrit prej sulmuesve, si\u00e7 tha ai, i kishte th\u00ebn\u00eb se \u201cedhe djali yn\u00eb \u00ebsht\u00eb i therrur\u201d.<\/span><\/p>\n<p style=\"text-align: left;\"><span style=\"color: #000000;\">Lulzim Fejzullahu n\u00eb mosh\u00ebn 4 vje\u00e7are kishte mbetur pa nj\u00ebrin prind, nd\u00ebrsa pak m\u00eb von\u00eb i kishte vdekur edhe tjetri. Ai u varros t\u00eb diel\u00ebn n\u00eb varrezat e qytetit n\u00eb Podujev\u00eb.<\/span><\/p>\n","protected":false,"gt_translate_keys":[{"key":"rendered","format":"html"}]},"excerpt":{"rendered":"<p>Rasti i vrasjes s\u00eb Lulzim Fejzullahu nga Podujeva u p\u00ebrshkrua nga Policia n\u00eb fillim si \u201ctherje me thik\u00eb\u201d dhe versioni ndryshoi pasi 18-vje\u00e7ari vdiq pas nj\u00eb p\u00ebrpjekjeje gjasht\u00ebditore t\u00eb mjek\u00ebve p\u00ebr ta mbajtur at\u00eb n\u00eb jet\u00eb. Pamjet e publikuara t\u00eb diel\u00ebn d\u00ebshmuan se ai ishte goditur me vetur\u00eb, e m\u00eb pas kishte marr\u00eb goditje t\u00eb [&hellip;]<\/p>\n","protected":false,"gt_translate_keys":[{"key":"rendered","format":"html"}]},"author":4,"featured_media":648650,"comment_status":"closed","ping_status":"open","sticky":false,"template":"","format":"standard","meta":{"footnotes":""},"categories":[149,65],"tags":[],"class_list":["post-648648","post","type-post","status-publish","format-standard","has-post-thumbnail","hentry","category-kosoverajon","category-lajme"],"gt_translate_keys":[{"key":"link","format":"url"}],"_links":{"self":[{"href":"https:\/\/www.hashtag.al\/index.php\/wp-json\/wp\/v2\/posts\/648648","targetHints":{"allow":["GET"]}}],"collection":[{"href":"https:\/\/www.hashtag.al\/index.php\/wp-json\/wp\/v2\/posts"}],"about":[{"href":"https:\/\/www.hashtag.al\/index.php\/wp-json\/wp\/v2\/types\/post"}],"author":[{"embeddable":true,"href":"https:\/\/www.hashtag.al\/index.php\/wp-json\/wp\/v2\/users\/4"}],"replies":[{"embeddable":true,"href":"https:\/\/www.hashtag.al\/index.php\/wp-json\/wp\/v2\/comments?post=648648"}],"version-history":[{"count":0,"href":"https:\/\/www.hashtag.al\/index.php\/wp-json\/wp\/v2\/posts\/648648\/revisions"}],"wp:featuredmedia":[{"embeddable":true,"href":"https:\/\/www.hashtag.al\/index.php\/wp-json\/wp\/v2\/media\/648650"}],"wp:attachment":[{"href":"https:\/\/www.hashtag.al\/index.php\/wp-json\/wp\/v2\/media?parent=648648"}],"wp:term":[{"taxonomy":"category","embeddable":true,"href":"https:\/\/www.hashtag.al\/index.php\/wp-json\/wp\/v2\/categories?post=648648"},{"taxonomy":"post_tag","embeddable":true,"href":"https:\/\/www.hashtag.al\/index.php\/wp-json\/wp\/v2\/tags?post=648648"}],"curies":[{"name":"wp","href":"https:\/\/api.w.org\/{rel}","templated":true}]}}