{"id":648397,"date":"2024-01-22T18:21:09","date_gmt":"2024-01-22T17:21:09","guid":{"rendered":"https:\/\/www.hashtag.al\/?p=648397"},"modified":"2024-01-22T18:21:09","modified_gmt":"2024-01-22T17:21:09","slug":"agron-neza-del-nga-spak-pas-6-ore-marrje-ne-pyetje","status":"publish","type":"post","link":"https:\/\/www.hashtag.al\/index.php\/2024\/01\/22\/agron-neza-del-nga-spak-pas-6-ore-marrje-ne-pyetje\/","title":{"rendered":"Agron Neza del nga SPAK pas 6 or\u00eb marrje n\u00eb pyetje","gt_translate_keys":[{"key":"rendered","format":"text"}]},"content":{"rendered":"<p><span style=\"color: #000000;\"><a style=\"color: #000000;\" href=\"https:\/\/www.hashtag.al\/wp-content\/uploads\/2024\/01\/neza-agron.jpeg\"><img loading=\"lazy\" decoding=\"async\" class=\"aligncenter size-full wp-image-648399\" src=\"https:\/\/www.hashtag.al\/wp-content\/uploads\/2024\/01\/neza-agron.jpeg\" alt=\"\" width=\"1179\" height=\"973\" srcset=\"https:\/\/www.hashtag.al\/wp-content\/uploads\/2024\/01\/neza-agron.jpeg 1179w, https:\/\/www.hashtag.al\/wp-content\/uploads\/2024\/01\/neza-agron-300x248.jpeg 300w, https:\/\/www.hashtag.al\/wp-content\/uploads\/2024\/01\/neza-agron-1024x845.jpeg 1024w, https:\/\/www.hashtag.al\/wp-content\/uploads\/2024\/01\/neza-agron-768x634.jpeg 768w\" sizes=\"auto, (max-width: 1179px) 100vw, 1179px\" \/><\/a><\/span><\/p>\n<p><span style=\"color: #000000;\">Agron Neza ka dal\u00eb nga ambientet e SPAK-ut pas 6 or\u00eb marrje n\u00eb pyetje.<\/span><\/p>\n<p><span style=\"color: #000000;\">Neza n\u00eb dalje ka th\u00ebn\u00eb p\u00ebr gazetar\u00ebt se duhet t\u00eb pyesin prokurorin se p\u00ebrse ndodhej n\u00eb SPAK.<\/span><\/p>\n<p><span style=\"color: #000000;\">Neza raportohet t\u00eb jet\u00eb marr\u00eb n\u00eb pyetje n\u00eb Prokurorin\u00eb e Posa\u00e7me, n\u00eb lidhje me p\u00ebrmendjen e tij n\u00eb \u00e7\u00ebshtjen \u201cMcGonigal\u201d, ku p\u00ebrmendet edhe emri i kryeministrit Edi Rama dhe ish-zyrtarit t\u00eb FBI, \u00e7\u00ebshtje p\u00ebr t\u00eb cil\u00ebn SPAK ka nisur hetim.<\/span><\/p>\n<p><span style=\"color: #000000;\">N\u00eb dosjen e autoriteteve amerikane del se n\u00eb gusht 2017 McGonigal \u00ebsht\u00eb takuar me Agron Nez\u00ebn, nj\u00eb ish-agjent shqiptar, i njohur si personi \u2018B\u2019, i vendosur prej vitesh n\u00eb SHBA dhe me pasaport\u00eb amerikane.<\/span><\/p>\n<p><span style=\"color: #000000;\">McGonigal i ka k\u00ebrkuar para Nez\u00ebs dhe m\u00eb pas t\u00eb b\u00ebjn\u00eb udh\u00ebtime n\u00ebp\u00ebr Europ\u00eb ku McGonigal me sa duket p\u00ebrdori pozicionin e tij n\u00eb p\u00ebrpjekjet p\u00ebr t\u00eb krijuar biznes p\u00ebr zotin Neza, sugjeruan prokuror\u00ebt n\u00eb padin\u00eb e Uashingtonit.<\/span><\/p>\n<p><a href=\"https:\/\/www.hashtag.al\/wp-content\/uploads\/2024\/01\/neza-spak.jpeg\"><img loading=\"lazy\" decoding=\"async\" class=\"aligncenter size-full wp-image-648401\" src=\"https:\/\/www.hashtag.al\/wp-content\/uploads\/2024\/01\/neza-spak.jpeg\" alt=\"\" width=\"1034\" height=\"763\" srcset=\"https:\/\/www.hashtag.al\/wp-content\/uploads\/2024\/01\/neza-spak.jpeg 1034w, https:\/\/www.hashtag.al\/wp-content\/uploads\/2024\/01\/neza-spak-300x221.jpeg 300w, https:\/\/www.hashtag.al\/wp-content\/uploads\/2024\/01\/neza-spak-1024x756.jpeg 1024w, https:\/\/www.hashtag.al\/wp-content\/uploads\/2024\/01\/neza-spak-768x567.jpeg 768w\" sizes=\"auto, (max-width: 1034px) 100vw, 1034px\" \/><\/a><\/p>\n","protected":false,"gt_translate_keys":[{"key":"rendered","format":"html"}]},"excerpt":{"rendered":"<p>Agron Neza ka dal\u00eb nga ambientet e SPAK-ut pas 6 or\u00eb marrje n\u00eb pyetje. Neza n\u00eb dalje ka th\u00ebn\u00eb p\u00ebr gazetar\u00ebt se duhet t\u00eb pyesin prokurorin se p\u00ebrse ndodhej n\u00eb SPAK. Neza raportohet t\u00eb jet\u00eb marr\u00eb n\u00eb pyetje n\u00eb Prokurorin\u00eb e Posa\u00e7me, n\u00eb lidhje me p\u00ebrmendjen e tij n\u00eb \u00e7\u00ebshtjen \u201cMcGonigal\u201d, ku p\u00ebrmendet edhe emri [&hellip;]<\/p>\n","protected":false,"gt_translate_keys":[{"key":"rendered","format":"html"}]},"author":32,"featured_media":648399,"comment_status":"closed","ping_status":"open","sticky":false,"template":"","format":"standard","meta":{"footnotes":""},"categories":[65,13],"tags":[],"class_list":["post-648397","post","type-post","status-publish","format-standard","has-post-thumbnail","hentry","category-lajme","category-te-fundit"],"gt_translate_keys":[{"key":"link","format":"url"}],"_links":{"self":[{"href":"https:\/\/www.hashtag.al\/index.php\/wp-json\/wp\/v2\/posts\/648397","targetHints":{"allow":["GET"]}}],"collection":[{"href":"https:\/\/www.hashtag.al\/index.php\/wp-json\/wp\/v2\/posts"}],"about":[{"href":"https:\/\/www.hashtag.al\/index.php\/wp-json\/wp\/v2\/types\/post"}],"author":[{"embeddable":true,"href":"https:\/\/www.hashtag.al\/index.php\/wp-json\/wp\/v2\/users\/32"}],"replies":[{"embeddable":true,"href":"https:\/\/www.hashtag.al\/index.php\/wp-json\/wp\/v2\/comments?post=648397"}],"version-history":[{"count":0,"href":"https:\/\/www.hashtag.al\/index.php\/wp-json\/wp\/v2\/posts\/648397\/revisions"}],"wp:featuredmedia":[{"embeddable":true,"href":"https:\/\/www.hashtag.al\/index.php\/wp-json\/wp\/v2\/media\/648399"}],"wp:attachment":[{"href":"https:\/\/www.hashtag.al\/index.php\/wp-json\/wp\/v2\/media?parent=648397"}],"wp:term":[{"taxonomy":"category","embeddable":true,"href":"https:\/\/www.hashtag.al\/index.php\/wp-json\/wp\/v2\/categories?post=648397"},{"taxonomy":"post_tag","embeddable":true,"href":"https:\/\/www.hashtag.al\/index.php\/wp-json\/wp\/v2\/tags?post=648397"}],"curies":[{"name":"wp","href":"https:\/\/api.w.org\/{rel}","templated":true}]}}