{"id":648396,"date":"2024-01-22T18:21:21","date_gmt":"2024-01-22T17:21:21","guid":{"rendered":"https:\/\/www.hashtag.al\/?p=648396"},"modified":"2024-01-22T20:40:39","modified_gmt":"2024-01-22T19:40:39","slug":"perplasen-me-automjet-dhe-dhunuan-per-vdekje-18-vjecarin-nga-podujeva-gjykata-merr-vendimin-per-dy-te-dyshuarit","status":"publish","type":"post","link":"https:\/\/www.hashtag.al\/index.php\/2024\/01\/22\/perplasen-me-automjet-dhe-dhunuan-per-vdekje-18-vjecarin-nga-podujeva-gjykata-merr-vendimin-per-dy-te-dyshuarit\/","title":{"rendered":"P\u00ebrplas\u00ebn me automjet dhe dhunuan p\u00ebr vdekje 18-vje\u00e7arin nga Podujeva, Gjykata merr vendimin p\u00ebr dy t\u00eb dyshuarit","gt_translate_keys":[{"key":"rendered","format":"text"}]},"content":{"rendered":"<p style=\"text-align: left;\"><span style=\"color: #000000;\"><img loading=\"lazy\" decoding=\"async\" class=\"size-full wp-image-648398 aligncenter\" src=\"https:\/\/www.hashtag.al\/wp-content\/uploads\/2024\/01\/collage-6-600x360-1.jpg\" alt=\"\" width=\"600\" height=\"360\" srcset=\"https:\/\/www.hashtag.al\/wp-content\/uploads\/2024\/01\/collage-6-600x360-1.jpg 600w, https:\/\/www.hashtag.al\/wp-content\/uploads\/2024\/01\/collage-6-600x360-1-300x180.jpg 300w\" sizes=\"auto, (max-width: 600px) 100vw, 600px\" \/><\/span><\/p>\n<p style=\"text-align: left;\"><span style=\"color: #000000;\">Gjykata e Prishtin\u00ebs ka caktuar mas\u00ebn e paraburgimit ndaj\u00a0 dy personave t\u00eb dyshuar, Artiol Abdullu dhe Elton Kadri p\u00ebr vrasjen e 18 vje\u00e7arit, Lulzim Zejnullahu n\u00eb Podujev\u00eb.<\/span><\/p>\n<p style=\"text-align: left;\"><span style=\"color: #000000;\">K\u00ebt\u00eb e ka konfirmuar z\u00ebdh\u00ebn\u00ebsja e Gjykat\u00ebs Themelore n\u00eb Prishtin\u00eb, Mirlinda Gashi.<\/span><\/p>\n<p style=\"text-align: left;\"><span style=\"color: #000000;\">\u201c<em>\u00cbsht\u00eb marr\u00eb vendimi ndaj tyre, tashm\u00eb iu \u00ebsht\u00eb caktuar masa dhe jan\u00eb d\u00ebrguar n\u00eb mbajtje<\/em>\u201d, tha ajo.<\/span><\/p>\n<p style=\"text-align: left;\"><span style=\"color: #000000;\">18-vje\u00e7ari Lulzim Zejnullahu vdiq t\u00eb shtun\u00ebn si pasoj\u00eb e l\u00ebndimeve t\u00eb shkaktuara nga dy t\u00eb dyshuar t\u00eb mosh\u00ebs s\u00eb mitur.<\/span><\/p>\n","protected":false,"gt_translate_keys":[{"key":"rendered","format":"html"}]},"excerpt":{"rendered":"<p>Gjykata e Prishtin\u00ebs ka caktuar mas\u00ebn e paraburgimit ndaj\u00a0 dy personave t\u00eb dyshuar, Artiol Abdullu dhe Elton Kadri p\u00ebr vrasjen e 18 vje\u00e7arit, Lulzim Zejnullahu n\u00eb Podujev\u00eb. K\u00ebt\u00eb e ka konfirmuar z\u00ebdh\u00ebn\u00ebsja e Gjykat\u00ebs Themelore n\u00eb Prishtin\u00eb, Mirlinda Gashi. \u201c\u00cbsht\u00eb marr\u00eb vendimi ndaj tyre, tashm\u00eb iu \u00ebsht\u00eb caktuar masa dhe jan\u00eb d\u00ebrguar n\u00eb mbajtje\u201d, tha [&hellip;]<\/p>\n","protected":false,"gt_translate_keys":[{"key":"rendered","format":"html"}]},"author":4,"featured_media":648398,"comment_status":"closed","ping_status":"open","sticky":false,"template":"","format":"standard","meta":{"footnotes":""},"categories":[65],"tags":[],"class_list":["post-648396","post","type-post","status-publish","format-standard","has-post-thumbnail","hentry","category-lajme"],"gt_translate_keys":[{"key":"link","format":"url"}],"_links":{"self":[{"href":"https:\/\/www.hashtag.al\/index.php\/wp-json\/wp\/v2\/posts\/648396","targetHints":{"allow":["GET"]}}],"collection":[{"href":"https:\/\/www.hashtag.al\/index.php\/wp-json\/wp\/v2\/posts"}],"about":[{"href":"https:\/\/www.hashtag.al\/index.php\/wp-json\/wp\/v2\/types\/post"}],"author":[{"embeddable":true,"href":"https:\/\/www.hashtag.al\/index.php\/wp-json\/wp\/v2\/users\/4"}],"replies":[{"embeddable":true,"href":"https:\/\/www.hashtag.al\/index.php\/wp-json\/wp\/v2\/comments?post=648396"}],"version-history":[{"count":0,"href":"https:\/\/www.hashtag.al\/index.php\/wp-json\/wp\/v2\/posts\/648396\/revisions"}],"wp:featuredmedia":[{"embeddable":true,"href":"https:\/\/www.hashtag.al\/index.php\/wp-json\/wp\/v2\/media\/648398"}],"wp:attachment":[{"href":"https:\/\/www.hashtag.al\/index.php\/wp-json\/wp\/v2\/media?parent=648396"}],"wp:term":[{"taxonomy":"category","embeddable":true,"href":"https:\/\/www.hashtag.al\/index.php\/wp-json\/wp\/v2\/categories?post=648396"},{"taxonomy":"post_tag","embeddable":true,"href":"https:\/\/www.hashtag.al\/index.php\/wp-json\/wp\/v2\/tags?post=648396"}],"curies":[{"name":"wp","href":"https:\/\/api.w.org\/{rel}","templated":true}]}}