{"id":648393,"date":"2024-01-22T18:12:52","date_gmt":"2024-01-22T17:12:52","guid":{"rendered":"https:\/\/www.hashtag.al\/?p=648393"},"modified":"2024-01-22T18:12:52","modified_gmt":"2024-01-22T17:12:52","slug":"afera-cez-dia-gazetari-merret-ne-pyetje-nga-spak-zbulohen-detajet","status":"publish","type":"post","link":"https:\/\/www.hashtag.al\/index.php\/2024\/01\/22\/afera-cez-dia-gazetari-merret-ne-pyetje-nga-spak-zbulohen-detajet\/","title":{"rendered":"Afera CEZ-DIA, gazetari merret n\u00eb pyetje nga SPAK, zbulohen detajet","gt_translate_keys":[{"key":"rendered","format":"text"}]},"content":{"rendered":"<p style=\"text-align: left;\"><span style=\"color: #000000;\"><img loading=\"lazy\" decoding=\"async\" class=\"size-full wp-image-648394 aligncenter\" src=\"https:\/\/www.hashtag.al\/wp-content\/uploads\/2024\/01\/WhatsApp-Image-2024-01-22-at-17.59.37-600x450-1.jpeg\" alt=\"\" width=\"600\" height=\"450\" srcset=\"https:\/\/www.hashtag.al\/wp-content\/uploads\/2024\/01\/WhatsApp-Image-2024-01-22-at-17.59.37-600x450-1.jpeg 600w, https:\/\/www.hashtag.al\/wp-content\/uploads\/2024\/01\/WhatsApp-Image-2024-01-22-at-17.59.37-600x450-1-300x225.jpeg 300w\" sizes=\"auto, (max-width: 600px) 100vw, 600px\" \/><\/span><\/p>\n<p style=\"text-align: left;\"><span style=\"color: #000000;\">Zhvillime t\u00eb reja kan\u00eb dal\u00eb n\u00eb drit\u00eb lidhur me hetimet rreth afer\u00ebs CEZ-DIA, pasi SPAK ka marr\u00eb n\u00eb pyetje gazetarin Fatos Mahmutaj.<\/span><\/p>\n<p style=\"text-align: left;\"><span style=\"color: #000000;\">Mahmutaj \u00ebsht\u00eb marr\u00eb n\u00eb pyetje n\u00eb lidhje me nj\u00eb intervist\u00eb q\u00eb i ka marr\u00eb bashk\u00ebshortes s\u00eb Kastriot Ismailajt n\u00eb Vjen\u00eb n\u00eb shkurt t\u00eb vitit 2017.<\/span><\/p>\n<p style=\"text-align: left;\"><span style=\"color: #000000;\">Kujtojm\u00eb se Kastriot Ismailaj i cili \u00ebsht\u00eb edhe ish-administratori i DIA \u00ebsht\u00eb d\u00ebnuar lidhur me k\u00ebt\u00eb afer\u00eb.<\/span><\/p>\n","protected":false,"gt_translate_keys":[{"key":"rendered","format":"html"}]},"excerpt":{"rendered":"<p>Zhvillime t\u00eb reja kan\u00eb dal\u00eb n\u00eb drit\u00eb lidhur me hetimet rreth afer\u00ebs CEZ-DIA, pasi SPAK ka marr\u00eb n\u00eb pyetje gazetarin Fatos Mahmutaj. Mahmutaj \u00ebsht\u00eb marr\u00eb n\u00eb pyetje n\u00eb lidhje me nj\u00eb intervist\u00eb q\u00eb i ka marr\u00eb bashk\u00ebshortes s\u00eb Kastriot Ismailajt n\u00eb Vjen\u00eb n\u00eb shkurt t\u00eb vitit 2017. Kujtojm\u00eb se Kastriot Ismailaj i cili \u00ebsht\u00eb edhe [&hellip;]<\/p>\n","protected":false,"gt_translate_keys":[{"key":"rendered","format":"html"}]},"author":4,"featured_media":648394,"comment_status":"closed","ping_status":"open","sticky":false,"template":"","format":"standard","meta":{"footnotes":""},"categories":[65],"tags":[],"class_list":["post-648393","post","type-post","status-publish","format-standard","has-post-thumbnail","hentry","category-lajme"],"gt_translate_keys":[{"key":"link","format":"url"}],"_links":{"self":[{"href":"https:\/\/www.hashtag.al\/index.php\/wp-json\/wp\/v2\/posts\/648393","targetHints":{"allow":["GET"]}}],"collection":[{"href":"https:\/\/www.hashtag.al\/index.php\/wp-json\/wp\/v2\/posts"}],"about":[{"href":"https:\/\/www.hashtag.al\/index.php\/wp-json\/wp\/v2\/types\/post"}],"author":[{"embeddable":true,"href":"https:\/\/www.hashtag.al\/index.php\/wp-json\/wp\/v2\/users\/4"}],"replies":[{"embeddable":true,"href":"https:\/\/www.hashtag.al\/index.php\/wp-json\/wp\/v2\/comments?post=648393"}],"version-history":[{"count":0,"href":"https:\/\/www.hashtag.al\/index.php\/wp-json\/wp\/v2\/posts\/648393\/revisions"}],"wp:featuredmedia":[{"embeddable":true,"href":"https:\/\/www.hashtag.al\/index.php\/wp-json\/wp\/v2\/media\/648394"}],"wp:attachment":[{"href":"https:\/\/www.hashtag.al\/index.php\/wp-json\/wp\/v2\/media?parent=648393"}],"wp:term":[{"taxonomy":"category","embeddable":true,"href":"https:\/\/www.hashtag.al\/index.php\/wp-json\/wp\/v2\/categories?post=648393"},{"taxonomy":"post_tag","embeddable":true,"href":"https:\/\/www.hashtag.al\/index.php\/wp-json\/wp\/v2\/tags?post=648393"}],"curies":[{"name":"wp","href":"https:\/\/api.w.org\/{rel}","templated":true}]}}