{"id":648185,"date":"2024-01-22T08:01:15","date_gmt":"2024-01-22T07:01:15","guid":{"rendered":"https:\/\/www.hashtag.al\/?p=648185"},"modified":"2024-01-22T08:01:15","modified_gmt":"2024-01-22T07:01:15","slug":"dhjetera-mijera-protestues-ne-gjithe-francen-kunder-ligjit-te-emigracionit","status":"publish","type":"post","link":"https:\/\/www.hashtag.al\/index.php\/2024\/01\/22\/dhjetera-mijera-protestues-ne-gjithe-francen-kunder-ligjit-te-emigracionit\/","title":{"rendered":"Dhjet\u00ebra mij\u00ebra protestues n\u00eb gjith\u00eb Franc\u00ebn kund\u00ebr ligjit t\u00eb emigracionit","gt_translate_keys":[{"key":"rendered","format":"text"}]},"content":{"rendered":"<p><span style=\"color: #000000;\"><img loading=\"lazy\" decoding=\"async\" class=\"aligncenter size-full wp-image-648166\" src=\"https:\/\/www.hashtag.al\/wp-content\/uploads\/2024\/01\/000_34G83XX.webp\" alt=\"\" width=\"980\" height=\"551\" srcset=\"https:\/\/www.hashtag.al\/wp-content\/uploads\/2024\/01\/000_34G83XX.webp 980w, https:\/\/www.hashtag.al\/wp-content\/uploads\/2024\/01\/000_34G83XX-300x169.webp 300w, https:\/\/www.hashtag.al\/wp-content\/uploads\/2024\/01\/000_34G83XX-768x432.webp 768w\" sizes=\"auto, (max-width: 980px) 100vw, 980px\" \/><\/span><\/p>\n<p><span style=\"color: #000000;\">Dhjet\u00ebra mij\u00ebra franceze protestuan n\u00eb mbar\u00eb vendin duke i k\u00ebrkuar presidentit Macron t\u00eb mos e n\u00ebnshkruaj\u00eb ligjn e emigracionit. <\/span><\/p>\n<p><span style=\"color: #000000;\">Koha e protestave vjen kat\u00ebr dit\u00eb p\u00ebrpara se K\u00ebshilli Kushtetues t\u00eb vendos\u00eb t\u00eb enjten n\u00ebse t\u00eb gjitha nenet e ligjit t\u00eb miratuar n\u00eb dhjetor, jan\u00eb n\u00eb p\u00ebrputhje me Kushtetut\u00ebn franceze. <\/span><\/p>\n<p><span style=\"color: #000000;\">Projektligji forcon aft\u00ebsin\u00eb e Franc\u00ebs p\u00ebr t\u00eb d\u00ebbuar t\u00eb huajt q\u00eb konsiderohen t\u00eb pad\u00ebshiruesh\u00ebm dhe e b\u00ebn m\u00eb t\u00eb v\u00ebshtir\u00eb p\u00ebr t\u00eb huajt t\u00eb p\u00ebrfitojn\u00eb nga mir\u00ebqenia sociale, nd\u00ebr masat e tjera. <\/span><\/p>\n<p><span style=\"color: #000000;\">Protesta u thirr nga 200 figura nga sektor\u00eb t\u00eb ndrysh\u00ebm, p\u00ebrfshir\u00eb artet dhe sindikatat. Ligji &#8220;u shkrua n\u00ebn diktatin e tregtar\u00ebve t\u00eb urrejtjes q\u00eb \u00ebnd\u00ebrrojn\u00eb t&#8217;i imponojn\u00eb Franc\u00ebs projektin e tyre t\u00eb &#8216;preferenc\u00ebs komb\u00ebtare'&#8221;, shkruan n\u00ebnshkruesit e thirrjes p\u00ebr t\u00eb marshuar. <\/span><\/p>\n<p><span style=\"color: #000000;\">Preferenca komb\u00ebtare, sipas s\u00eb cil\u00ebs francez\u00ebt, jo t\u00eb huajt, duhet t\u00eb p\u00ebrfitojn\u00eb nga pasurit\u00eb e tok\u00ebs, ka qen\u00eb prej koh\u00ebsh thirrja e partis\u00eb s\u00eb ekstremit t\u00eb djatht\u00eb Rally National. <\/span><\/p>\n<p><span style=\"color: #000000;\">Disa nene t\u00eb ligjit e b\u00ebjn\u00eb m\u00eb t\u00eb v\u00ebshtir\u00eb sjelljen e an\u00ebtar\u00ebve t\u00eb familjes n\u00eb Franc\u00eb, p\u00ebr shembull, nj\u00eb aplikant q\u00eb p\u00ebrpiqet t\u00eb bashkohet me bashk\u00ebshortin\/en e tij duhet t\u00eb tregoj\u00eb njohuri t\u00eb gjuh\u00ebs fr\u00ebnge. <\/span><\/p>\n<p><span style=\"color: #000000;\">Gjykata gjithashtu ka t\u00eb ngjar\u00eb t\u00eb shqyrtoj\u00eb standardet m\u00eb t\u00eb ashpra p\u00ebr marrjen e sh\u00ebrbimeve sociale dhe strehimin ose rivendosjen e nj\u00eb ligji t\u00eb hequr n\u00eb vitin 2012 q\u00eb e b\u00ebn t\u00eb paligjshme q\u00eb nj\u00eb i huaj t\u00eb jet\u00eb n\u00eb Franc\u00eb pa dokumente q\u00ebndrimi. <\/span><\/p>\n<p><span style=\"color: #000000;\">Ligji i emigracionit pasqyron at\u00eb q\u00eb duket t\u00eb jet\u00eb p\u00ebrpjekja m\u00eb e fundit e centristit Macron p\u00ebr t\u00eb anuar qeverin\u00eb n\u00eb t\u00eb djatht\u00eb, ve\u00e7an\u00ebrisht p\u00ebrpara zgjedhjeve evropiane n\u00eb qershor me t\u00eb djatht\u00ebn ekstreme q\u00eb \u00ebsht\u00eb p\u00ebrpara n\u00eb popullaritet, sipas sondazheve. <\/span><\/p>\n<p><span style=\"color: #000000;\">Gjithashtu n\u00eb horizont \u00ebsht\u00eb mund\u00ebsia e nj\u00eb fitoreje n\u00eb zgjedhjet presidenciale t\u00eb vitit 2027 nga udh\u00ebheq\u00ebsja e Rally National, Marine Le Pen. <\/span><\/p>\n<p><span style=\"color: #000000;\">Pas dy mandateve presidenciale, Macron nuk do jet\u00eb m\u00eb n\u00eb gar\u00eb.<\/span><\/p>\n","protected":false,"gt_translate_keys":[{"key":"rendered","format":"html"}]},"excerpt":{"rendered":"<p>Dhjet\u00ebra mij\u00ebra franceze protestuan n\u00eb mbar\u00eb vendin duke i k\u00ebrkuar presidentit Macron t\u00eb mos e n\u00ebnshkruaj\u00eb ligjn e emigracionit. Koha e protestave vjen kat\u00ebr dit\u00eb p\u00ebrpara se K\u00ebshilli Kushtetues t\u00eb vendos\u00eb t\u00eb enjten n\u00ebse t\u00eb gjitha nenet e ligjit t\u00eb miratuar n\u00eb dhjetor, jan\u00eb n\u00eb p\u00ebrputhje me Kushtetut\u00ebn franceze. Projektligji forcon aft\u00ebsin\u00eb e Franc\u00ebs p\u00ebr [&hellip;]<\/p>\n","protected":false,"gt_translate_keys":[{"key":"rendered","format":"html"}]},"author":51,"featured_media":648166,"comment_status":"closed","ping_status":"open","sticky":false,"template":"","format":"standard","meta":{"footnotes":""},"categories":[53],"tags":[],"class_list":["post-648185","post","type-post","status-publish","format-standard","has-post-thumbnail","hentry","category-fast-foodi"],"gt_translate_keys":[{"key":"link","format":"url"}],"_links":{"self":[{"href":"https:\/\/www.hashtag.al\/index.php\/wp-json\/wp\/v2\/posts\/648185","targetHints":{"allow":["GET"]}}],"collection":[{"href":"https:\/\/www.hashtag.al\/index.php\/wp-json\/wp\/v2\/posts"}],"about":[{"href":"https:\/\/www.hashtag.al\/index.php\/wp-json\/wp\/v2\/types\/post"}],"author":[{"embeddable":true,"href":"https:\/\/www.hashtag.al\/index.php\/wp-json\/wp\/v2\/users\/51"}],"replies":[{"embeddable":true,"href":"https:\/\/www.hashtag.al\/index.php\/wp-json\/wp\/v2\/comments?post=648185"}],"version-history":[{"count":0,"href":"https:\/\/www.hashtag.al\/index.php\/wp-json\/wp\/v2\/posts\/648185\/revisions"}],"wp:featuredmedia":[{"embeddable":true,"href":"https:\/\/www.hashtag.al\/index.php\/wp-json\/wp\/v2\/media\/648166"}],"wp:attachment":[{"href":"https:\/\/www.hashtag.al\/index.php\/wp-json\/wp\/v2\/media?parent=648185"}],"wp:term":[{"taxonomy":"category","embeddable":true,"href":"https:\/\/www.hashtag.al\/index.php\/wp-json\/wp\/v2\/categories?post=648185"},{"taxonomy":"post_tag","embeddable":true,"href":"https:\/\/www.hashtag.al\/index.php\/wp-json\/wp\/v2\/tags?post=648185"}],"curies":[{"name":"wp","href":"https:\/\/api.w.org\/{rel}","templated":true}]}}