{"id":648075,"date":"2024-01-21T16:27:00","date_gmt":"2024-01-21T15:27:00","guid":{"rendered":"https:\/\/www.hashtag.al\/?p=648075"},"modified":"2024-01-21T16:29:20","modified_gmt":"2024-01-21T15:29:20","slug":"rrahu-bashkeshorten-me-urdher-mbrojtjeje-dhe-nenen-e-saj-pranga-40-vjecarit-ne-peqin","status":"publish","type":"post","link":"https:\/\/www.hashtag.al\/index.php\/2024\/01\/21\/rrahu-bashkeshorten-me-urdher-mbrojtjeje-dhe-nenen-e-saj-pranga-40-vjecarit-ne-peqin\/","title":{"rendered":"Rrahu bashk\u00ebshorten q\u00eb kishte urdh\u00ebr mbrojtjeje dhe n\u00ebn\u00ebn e saj, pranga 40-vje\u00e7arit n\u00eb Peqin","gt_translate_keys":[{"key":"rendered","format":"text"}]},"content":{"rendered":"<p><img loading=\"lazy\" decoding=\"async\" class=\"aligncenter size-full wp-image-648076\" src=\"https:\/\/www.hashtag.al\/wp-content\/uploads\/2024\/01\/dhune.jpeg\" alt=\"\" width=\"1157\" height=\"724\" srcset=\"https:\/\/www.hashtag.al\/wp-content\/uploads\/2024\/01\/dhune.jpeg 1157w, https:\/\/www.hashtag.al\/wp-content\/uploads\/2024\/01\/dhune-300x188.jpeg 300w, https:\/\/www.hashtag.al\/wp-content\/uploads\/2024\/01\/dhune-1024x640.jpeg 1024w, https:\/\/www.hashtag.al\/wp-content\/uploads\/2024\/01\/dhune-768x481.jpeg 768w\" sizes=\"auto, (max-width: 1157px) 100vw, 1157px\" \/><\/p>\n<p><span style=\"color: #000000;\">Nj\u00eb 40-vje\u00e7ar \u00ebsht\u00eb arrestuar n\u00eb Peqin pasi akuzohet se ka rrahur bashk\u00ebshorten, e cila kishte urdh\u00ebr mbrojtjeje dhe n\u00ebn\u00ebn e k\u00ebsaj t\u00eb fundit. <\/span><\/p>\n<p><span style=\"color: #000000;\">Ngjarja ka ndodhur n\u00eb banes\u00ebn ku jetonin n\u00ebn\u00eb e bij\u00eb.<\/span><\/p>\n<p><span style=\"color: #000000;\"><strong>Njoftimi<\/strong><\/span><\/p>\n<p><span style=\"color: #000000;\"><em>\u201cSi rezultat i veprimeve t\u00eb shpejta policore, u b\u00eb kapja dhe arrestimi n\u00eb flagranc\u00eb i shtetasit F. B., 40 vje\u00e7, banues n\u00eb Peqin, pasi ka ushtruar dhun\u00eb fizike ndaj bashk\u00ebshortes s\u00eb tij, e cila \u00ebsht\u00eb e pajisur me urdh\u00ebr mbrojtjeje, dhe ndaj n\u00ebn\u00ebs s\u00eb saj, n\u00eb banes\u00ebn ku jetonin k\u00ebto dy shtetase.\u201d<\/em><\/span><\/p>\n","protected":false,"gt_translate_keys":[{"key":"rendered","format":"html"}]},"excerpt":{"rendered":"<p>Nj\u00eb 40-vje\u00e7ar \u00ebsht\u00eb arrestuar n\u00eb Peqin pasi akuzohet se ka rrahur bashk\u00ebshorten, e cila kishte urdh\u00ebr mbrojtjeje dhe n\u00ebn\u00ebn e k\u00ebsaj t\u00eb fundit. Ngjarja ka ndodhur n\u00eb banes\u00ebn ku jetonin n\u00ebn\u00eb e bij\u00eb. Njoftimi \u201cSi rezultat i veprimeve t\u00eb shpejta policore, u b\u00eb kapja dhe arrestimi n\u00eb flagranc\u00eb i shtetasit F. B., 40 vje\u00e7, banues [&hellip;]<\/p>\n","protected":false,"gt_translate_keys":[{"key":"rendered","format":"html"}]},"author":51,"featured_media":648076,"comment_status":"closed","ping_status":"open","sticky":false,"template":"","format":"standard","meta":{"footnotes":""},"categories":[65],"tags":[],"class_list":["post-648075","post","type-post","status-publish","format-standard","has-post-thumbnail","hentry","category-lajme"],"gt_translate_keys":[{"key":"link","format":"url"}],"_links":{"self":[{"href":"https:\/\/www.hashtag.al\/index.php\/wp-json\/wp\/v2\/posts\/648075","targetHints":{"allow":["GET"]}}],"collection":[{"href":"https:\/\/www.hashtag.al\/index.php\/wp-json\/wp\/v2\/posts"}],"about":[{"href":"https:\/\/www.hashtag.al\/index.php\/wp-json\/wp\/v2\/types\/post"}],"author":[{"embeddable":true,"href":"https:\/\/www.hashtag.al\/index.php\/wp-json\/wp\/v2\/users\/51"}],"replies":[{"embeddable":true,"href":"https:\/\/www.hashtag.al\/index.php\/wp-json\/wp\/v2\/comments?post=648075"}],"version-history":[{"count":0,"href":"https:\/\/www.hashtag.al\/index.php\/wp-json\/wp\/v2\/posts\/648075\/revisions"}],"wp:featuredmedia":[{"embeddable":true,"href":"https:\/\/www.hashtag.al\/index.php\/wp-json\/wp\/v2\/media\/648076"}],"wp:attachment":[{"href":"https:\/\/www.hashtag.al\/index.php\/wp-json\/wp\/v2\/media?parent=648075"}],"wp:term":[{"taxonomy":"category","embeddable":true,"href":"https:\/\/www.hashtag.al\/index.php\/wp-json\/wp\/v2\/categories?post=648075"},{"taxonomy":"post_tag","embeddable":true,"href":"https:\/\/www.hashtag.al\/index.php\/wp-json\/wp\/v2\/tags?post=648075"}],"curies":[{"name":"wp","href":"https:\/\/api.w.org\/{rel}","templated":true}]}}