{"id":646994,"date":"2024-01-16T23:09:03","date_gmt":"2024-01-16T22:09:03","guid":{"rendered":"https:\/\/www.hashtag.al\/?p=646994"},"modified":"2024-01-16T23:09:03","modified_gmt":"2024-01-16T22:09:03","slug":"serbi-mijera-persona-protestojne-kunder-rezultatit-zgjedhor","status":"publish","type":"post","link":"https:\/\/www.hashtag.al\/index.php\/2024\/01\/16\/serbi-mijera-persona-protestojne-kunder-rezultatit-zgjedhor\/","title":{"rendered":"Serbi: Mij\u00ebra persona protestojn\u00eb kund\u00ebr rezultatit zgjedhor","gt_translate_keys":[{"key":"rendered","format":"text"}]},"content":{"rendered":"<p><span style=\"color: #000000;\"><a href=\"https:\/\/www.hashtag.al\/wp-content\/uploads\/2024\/01\/1705440422_beograd.jpeg\"><img loading=\"lazy\" decoding=\"async\" class=\"aligncenter size-full wp-image-646995\" src=\"https:\/\/www.hashtag.al\/wp-content\/uploads\/2024\/01\/1705440422_beograd.jpeg\" alt=\"\" width=\"780\" height=\"440\" srcset=\"https:\/\/www.hashtag.al\/wp-content\/uploads\/2024\/01\/1705440422_beograd.jpeg 780w, https:\/\/www.hashtag.al\/wp-content\/uploads\/2024\/01\/1705440422_beograd-300x169.jpeg 300w, https:\/\/www.hashtag.al\/wp-content\/uploads\/2024\/01\/1705440422_beograd-768x433.jpeg 768w\" sizes=\"auto, (max-width: 780px) 100vw, 780px\" \/><\/a><\/span><\/p>\n<p><span style=\"color: #000000;\">Mij\u00ebra mb\u00ebshtet\u00ebs t\u00eb opozit\u00ebs kan\u00eb marshuar t\u00eb mart\u00ebn n\u00eb kryeqytetin e Serbis\u00eb, Beograd, n\u00eb nj\u00eb protest\u00eb kund\u00ebr Qeveris\u00eb, duke k\u00ebrkuar anulimin e zgjedhjeve t\u00eb muajit t\u00eb kaluar.<\/span><\/p>\n<p><span style=\"color: #000000;\">Ai proces zgjedhor \u00ebsht\u00eb p\u00ebrshkruar si jo i drejt\u00eb, sipas v\u00ebzhguesve nd\u00ebrkomb\u00ebtar\u00eb.<\/span><\/p>\n<p><span style=\"color: #000000;\">Partia n\u00eb pushtet, Partia P\u00ebrparimtare Serbe (SNS) ka fituar 46.72 p\u00ebr qind t\u00eb votave n\u00eb zgjedhjet e parakohshme parlamentare dhe lokale.<\/span><\/p>\n<p><span style=\"color: #000000;\">Mir\u00ebpo, nj\u00eb mision nd\u00ebrkomb\u00ebtar v\u00ebzhgimi ka th\u00ebn\u00eb se SNS-ja ka siguruar avantazh t\u00eb padrejt\u00eb p\u00ebrmes paragjykimeve mediale, ndikimit t\u00eb presidentit serb, Aleksandar Vu\u00e7i\u00e7 dhe parregullsive zgjedhore, p\u00ebrfshir\u00eb blerjen e vot\u00ebs.<\/span><\/p>\n<p><span style=\"color: #000000;\">Vu\u00e7i\u00e7 dhe aleat\u00ebt kan\u00eb th\u00ebn\u00eb se zgjedhjet jan\u00eb qen\u00eb t\u00eb drejta.<\/span><\/p>\n<p><span style=\"color: #000000;\">Marshi \u00ebsht\u00eb organizuar edhe p\u00ebr t\u00eb sh\u00ebnuar p\u00ebrvjetorin e gjasht\u00eb t\u00eb vrasjes s\u00eb Oliver Ivanoviqit, politikanit serb t\u00eb Kosov\u00ebs.<\/span><\/p>\n<p><span style=\"color: #000000;\">Ivanovi\u00e7 \u00ebsht\u00eb vrar\u00eb para zyr\u00ebs s\u00eb partis\u00eb s\u00eb tij, m\u00eb 2018, n\u00eb Mitrovic\u00eb t\u00eb Veriut.<\/span><\/p>\n<p><span style=\"color: #000000;\">Hetimet p\u00ebr vrasjen e Ivanoviqit jan\u00eb duke vazhduar n\u00eb Kosov\u00eb dhe Serbi.<\/span><\/p>\n<p><span style=\"color: #000000;\">N\u00eb nj\u00eb adresim para turm\u00ebs, Marinika Tepiq, lidere e aleanc\u00ebs Serbia kund\u00ebr Dhun\u00ebs (SPN), e cila ka dal\u00eb e dyta n\u00eb zgjedhje, ka th\u00ebn\u00eb se opozita vazhdon t\u00eb jet\u00eb e vendosur p\u00ebr t\u00eb kontestuar rezultatin zgjedhor.<\/span><\/p>\n<p><span style=\"color: #000000;\"><em>\u201cI gjith\u00eb planeti e di, e kemi z\u00ebn\u00eb at\u00eb [Vu\u00e7iqin], i cili nuk guxon t\u00eb dal\u00eb para popullit t\u00eb vet\u201d,<\/em> ka th\u00ebn\u00eb Tepi\u00e7, e cila jav\u00ebn e kaluar ka hyr\u00eb n\u00eb grev\u00eb dyjavore p\u00ebr t\u00eb protestuar rezultatin zgjedhor.<\/span><\/p>\n<p><span style=\"color: #000000;\">Opozita ka th\u00ebn\u00eb se d\u00ebshiron q\u00eb t\u00eb anulohen edhe zgjedhjet n\u00eb Beograd.<\/span><\/p>\n<p><span style=\"color: #000000;\">T\u00eb h\u00ebn\u00ebn, Millosh Vu\u00e7evi\u00e7, udh\u00ebheq\u00ebs n\u00eb SNS, ka th\u00ebn\u00eb se votimet n\u00eb Beograd mund t\u00eb p\u00ebrs\u00ebriten, n\u00ebse askush nuk arrin t\u00eb krijoj\u00eb koalicion dhe t\u00eb siguroj\u00eb shumic\u00ebn n\u00eb kuvendin komunal.<\/span><\/p>\n<p><span style=\"color: #000000;\">Me nj\u00eb popullsi prej 1.4 milion banor\u00ebve, Beogradi p\u00ebrb\u00ebn rreth nj\u00eb t\u00eb kat\u00ebrt\u00ebn e elektoratit n\u00eb Serbi dhe udh\u00ebheq\u00ebsi i kryeqytetit konsiderohet si nj\u00eb prej zyrtar\u00ebve m\u00eb me ndikim n\u00eb shtet.\/ <span style=\"color: #0000ff;\"><a style=\"color: #0000ff;\" href=\"https:\/\/www.evropaelire.org\/a\/mijera-persona-protestojne-kunder-rezulatit-zgjedhor-ne-serbi\/32777128.html\">REL<\/a><\/span><\/span><\/p>\n","protected":false,"gt_translate_keys":[{"key":"rendered","format":"html"}]},"excerpt":{"rendered":"<p>Mij\u00ebra mb\u00ebshtet\u00ebs t\u00eb opozit\u00ebs kan\u00eb marshuar t\u00eb mart\u00ebn n\u00eb kryeqytetin e Serbis\u00eb, Beograd, n\u00eb nj\u00eb protest\u00eb kund\u00ebr Qeveris\u00eb, duke k\u00ebrkuar anulimin e zgjedhjeve t\u00eb muajit t\u00eb kaluar. Ai proces zgjedhor \u00ebsht\u00eb p\u00ebrshkruar si jo i drejt\u00eb, sipas v\u00ebzhguesve nd\u00ebrkomb\u00ebtar\u00eb. Partia n\u00eb pushtet, Partia P\u00ebrparimtare Serbe (SNS) ka fituar 46.72 p\u00ebr qind t\u00eb votave n\u00eb zgjedhjet [&hellip;]<\/p>\n","protected":false,"gt_translate_keys":[{"key":"rendered","format":"html"}]},"author":30,"featured_media":646995,"comment_status":"closed","ping_status":"open","sticky":false,"template":"","format":"standard","meta":{"footnotes":""},"categories":[149],"tags":[],"class_list":["post-646994","post","type-post","status-publish","format-standard","has-post-thumbnail","hentry","category-kosoverajon"],"gt_translate_keys":[{"key":"link","format":"url"}],"_links":{"self":[{"href":"https:\/\/www.hashtag.al\/index.php\/wp-json\/wp\/v2\/posts\/646994","targetHints":{"allow":["GET"]}}],"collection":[{"href":"https:\/\/www.hashtag.al\/index.php\/wp-json\/wp\/v2\/posts"}],"about":[{"href":"https:\/\/www.hashtag.al\/index.php\/wp-json\/wp\/v2\/types\/post"}],"author":[{"embeddable":true,"href":"https:\/\/www.hashtag.al\/index.php\/wp-json\/wp\/v2\/users\/30"}],"replies":[{"embeddable":true,"href":"https:\/\/www.hashtag.al\/index.php\/wp-json\/wp\/v2\/comments?post=646994"}],"version-history":[{"count":0,"href":"https:\/\/www.hashtag.al\/index.php\/wp-json\/wp\/v2\/posts\/646994\/revisions"}],"wp:featuredmedia":[{"embeddable":true,"href":"https:\/\/www.hashtag.al\/index.php\/wp-json\/wp\/v2\/media\/646995"}],"wp:attachment":[{"href":"https:\/\/www.hashtag.al\/index.php\/wp-json\/wp\/v2\/media?parent=646994"}],"wp:term":[{"taxonomy":"category","embeddable":true,"href":"https:\/\/www.hashtag.al\/index.php\/wp-json\/wp\/v2\/categories?post=646994"},{"taxonomy":"post_tag","embeddable":true,"href":"https:\/\/www.hashtag.al\/index.php\/wp-json\/wp\/v2\/tags?post=646994"}],"curies":[{"name":"wp","href":"https:\/\/api.w.org\/{rel}","templated":true}]}}