{"id":646818,"date":"2024-01-16T11:39:47","date_gmt":"2024-01-16T10:39:47","guid":{"rendered":"https:\/\/www.hashtag.al\/?p=646818"},"modified":"2024-01-16T11:39:47","modified_gmt":"2024-01-16T10:39:47","slug":"levizje-ne-dy-komisariate-ne-vend-kush-vjen-e-kush-iken","status":"publish","type":"post","link":"https:\/\/www.hashtag.al\/index.php\/2024\/01\/16\/levizje-ne-dy-komisariate-ne-vend-kush-vjen-e-kush-iken\/","title":{"rendered":"L\u00ebvizje n\u00eb dy komisariate n\u00eb vend, kush vjen e kush ik\u00ebn","gt_translate_keys":[{"key":"rendered","format":"text"}]},"content":{"rendered":"<p><img loading=\"lazy\" decoding=\"async\" class=\"aligncenter size-full wp-image-646820\" src=\"https:\/\/www.hashtag.al\/wp-content\/uploads\/2024\/01\/policia.jpeg\" alt=\"\" width=\"1127\" height=\"785\" srcset=\"https:\/\/www.hashtag.al\/wp-content\/uploads\/2024\/01\/policia.jpeg 1127w, https:\/\/www.hashtag.al\/wp-content\/uploads\/2024\/01\/policia-300x209.jpeg 300w, https:\/\/www.hashtag.al\/wp-content\/uploads\/2024\/01\/policia-1024x713.jpeg 1024w, https:\/\/www.hashtag.al\/wp-content\/uploads\/2024\/01\/policia-768x535.jpeg 768w, https:\/\/www.hashtag.al\/wp-content\/uploads\/2024\/01\/policia-360x252.jpeg 360w\" sizes=\"auto, (max-width: 1127px) 100vw, 1127px\" \/><\/p>\n<p><span style=\"color: #000000;\">Dy ndryshime n\u00eb radh\u00ebt e policis\u00eb kan\u00eb ndodhur s\u00eb fundmi. <\/span><\/p>\n<p><span style=\"color: #000000;\">Agim Hoxha ka shkuar shef komisariati n\u00eb Lezh\u00eb duke z\u00ebvend\u00ebsuar n\u00eb k\u00ebt\u00eb pozicion Behar Cak\u00ebn. <\/span><\/p>\n<p><span style=\"color: #000000;\">Ky i fundit ka kaluar n\u00eb Drejtorin\u00eb e P\u00ebrgjithshme t\u00eb Policis\u00eb s\u00eb Shtetit.<\/span><\/p>\n<p><span style=\"color: #000000;\">N\u00eb Lushnj\u00eb \u00ebsht\u00eb em\u00ebruar shef komisariati Edmond Pjetri, i cili z\u00ebvend\u00ebson Agim Bash\u00ebn. <\/span><\/p>\n<p><span style=\"color: #000000;\">Basha ka kaluar n\u00eb Akademin\u00eb e Rendit.<\/span><\/p>\n","protected":false,"gt_translate_keys":[{"key":"rendered","format":"html"}]},"excerpt":{"rendered":"<p>Dy ndryshime n\u00eb radh\u00ebt e policis\u00eb kan\u00eb ndodhur s\u00eb fundmi. Agim Hoxha ka shkuar shef komisariati n\u00eb Lezh\u00eb duke z\u00ebvend\u00ebsuar n\u00eb k\u00ebt\u00eb pozicion Behar Cak\u00ebn. Ky i fundit ka kaluar n\u00eb Drejtorin\u00eb e P\u00ebrgjithshme t\u00eb Policis\u00eb s\u00eb Shtetit. N\u00eb Lushnj\u00eb \u00ebsht\u00eb em\u00ebruar shef komisariati Edmond Pjetri, i cili z\u00ebvend\u00ebson Agim Bash\u00ebn. Basha ka kaluar n\u00eb [&hellip;]<\/p>\n","protected":false,"gt_translate_keys":[{"key":"rendered","format":"html"}]},"author":51,"featured_media":646820,"comment_status":"closed","ping_status":"open","sticky":false,"template":"","format":"standard","meta":{"footnotes":""},"categories":[65],"tags":[],"class_list":["post-646818","post","type-post","status-publish","format-standard","has-post-thumbnail","hentry","category-lajme"],"gt_translate_keys":[{"key":"link","format":"url"}],"_links":{"self":[{"href":"https:\/\/www.hashtag.al\/index.php\/wp-json\/wp\/v2\/posts\/646818","targetHints":{"allow":["GET"]}}],"collection":[{"href":"https:\/\/www.hashtag.al\/index.php\/wp-json\/wp\/v2\/posts"}],"about":[{"href":"https:\/\/www.hashtag.al\/index.php\/wp-json\/wp\/v2\/types\/post"}],"author":[{"embeddable":true,"href":"https:\/\/www.hashtag.al\/index.php\/wp-json\/wp\/v2\/users\/51"}],"replies":[{"embeddable":true,"href":"https:\/\/www.hashtag.al\/index.php\/wp-json\/wp\/v2\/comments?post=646818"}],"version-history":[{"count":0,"href":"https:\/\/www.hashtag.al\/index.php\/wp-json\/wp\/v2\/posts\/646818\/revisions"}],"wp:featuredmedia":[{"embeddable":true,"href":"https:\/\/www.hashtag.al\/index.php\/wp-json\/wp\/v2\/media\/646820"}],"wp:attachment":[{"href":"https:\/\/www.hashtag.al\/index.php\/wp-json\/wp\/v2\/media?parent=646818"}],"wp:term":[{"taxonomy":"category","embeddable":true,"href":"https:\/\/www.hashtag.al\/index.php\/wp-json\/wp\/v2\/categories?post=646818"},{"taxonomy":"post_tag","embeddable":true,"href":"https:\/\/www.hashtag.al\/index.php\/wp-json\/wp\/v2\/tags?post=646818"}],"curies":[{"name":"wp","href":"https:\/\/api.w.org\/{rel}","templated":true}]}}