{"id":646353,"date":"2024-01-14T13:36:26","date_gmt":"2024-01-14T12:36:26","guid":{"rendered":"https:\/\/www.hashtag.al\/?p=646353"},"modified":"2024-01-14T13:36:26","modified_gmt":"2024-01-14T12:36:26","slug":"mbyten-kater-emigrante-ne-ujerat-franceze-ne-tentative-per-te-kaluar-ne-angli","status":"publish","type":"post","link":"https:\/\/www.hashtag.al\/index.php\/2024\/01\/14\/mbyten-kater-emigrante-ne-ujerat-franceze-ne-tentative-per-te-kaluar-ne-angli\/","title":{"rendered":"Mbyten kat\u00ebr emigrant\u00eb n\u00eb uj\u00ebrat franceze n\u00eb tentativ\u00eb p\u00ebr t\u00eb kaluar n\u00eb Angli","gt_translate_keys":[{"key":"rendered","format":"text"}]},"content":{"rendered":"<p><span style=\"color: #000000;\"><a style=\"color: #000000;\" href=\"https:\/\/www.hashtag.al\/wp-content\/uploads\/2023\/06\/emigrante.jpg\"><img loading=\"lazy\" decoding=\"async\" class=\"aligncenter size-full wp-image-601533\" src=\"https:\/\/www.hashtag.al\/wp-content\/uploads\/2023\/06\/emigrante.jpg\" alt=\"\" width=\"1200\" height=\"749\" srcset=\"https:\/\/www.hashtag.al\/wp-content\/uploads\/2023\/06\/emigrante.jpg 1200w, https:\/\/www.hashtag.al\/wp-content\/uploads\/2023\/06\/emigrante-300x187.jpg 300w, https:\/\/www.hashtag.al\/wp-content\/uploads\/2023\/06\/emigrante-1024x640.jpg 1024w, https:\/\/www.hashtag.al\/wp-content\/uploads\/2023\/06\/emigrante-768x479.jpg 768w\" sizes=\"auto, (max-width: 1200px) 100vw, 1200px\" \/><\/a><\/span><\/p>\n<p><span style=\"color: #000000;\">Kat\u00ebr emigrant\u00eb jan\u00eb mbytur n\u00eb uj\u00ebrat franceze duke u p\u00ebrpjekur ta kalojn\u00eb Kanalin Anglez t\u00eb diel\u00ebn, sipas agjencis\u00eb s\u00eb lajmeve AFP.<\/span><\/p>\n<p><span style=\"color: #000000;\">Rreth 70 njer\u00ebz u munduan t\u00eb hipnin n\u00eb nj\u00eb anije t\u00eb vog\u00ebl, e cila u p\u00ebrmbys duke tentuar t\u00eb nisej nga nj\u00eb plazh n\u00eb or\u00ebt e hershme t\u00eb s\u00eb diel\u00ebs, sipas mediave franceze.<\/span><\/p>\n<p><span style=\"color: #000000;\">Dhjet\u00ebra prej tyre u nxor\u00ebn nga uji nga ekipet e shp\u00ebtimit n\u00eb qytetin Calais n\u00eb veri t\u00eb Franc\u00ebs.<\/span><\/p>\n<p><span style=\"color: #000000;\">Autoritetet lokale njoftuan se kat\u00ebr emigrant\u00ebt e mbytur ishin nga Iraku dhe Siria.<\/span><\/p>\n<p><span style=\"color: #000000;\">Nj\u00eb person tjet\u00ebr u l\u00ebndua r\u00ebnd\u00eb dhe u d\u00ebrgua n\u00eb nj\u00eb spital t\u00eb af\u00ebrt n\u00eb Bolougne.<\/span><\/p>\n<p><span style=\"color: #000000;\">Emigrant\u00ebt has\u00ebn n\u00eb telashe menj\u00ebher\u00eb pasi anija u nis nga bregdeti francez n\u00eb drejtim t\u00eb Anglis\u00eb rreth or\u00ebs 2:00 m\u00ebngjesin e s\u00eb diel\u00ebs, sipas AFP-s\u00eb.<\/span><\/p>\n<p><span style=\"color: #000000;\">\u201cPasi anija u nis nga plazhi, njer\u00ebzit has\u00ebn n\u00eb v\u00ebshtir\u00ebsi n\u00eb uj\u00eb p\u00ebr t\u00eb arritur t\u00eb hipin n\u00eb anije\u201d, tha p\u00ebr AFP-n\u00eb nj\u00eb z\u00ebdh\u00ebn\u00ebs i prefektur\u00ebs detare t\u00eb Franc\u00ebs.<\/span><\/p>\n<p><span style=\"color: #000000;\">Nj\u00eb anije patrulluese shkoi n\u00eb vendin e ngjarjes dhe i gjeti trupat e pajet\u00eb.<\/span><\/p>\n<p><span style=\"color: #000000;\">Rreth 50 zjarrfik\u00ebs dhe disa automjete t\u00eb policis\u00eb shkuan n\u00eb vendin e ngjarjes, po ashtu.<\/span><\/p>\n<p><span style=\"color: #000000;\">Dhjet\u00ebra t\u00eb mbijetuar u d\u00ebrguan n\u00eb nj\u00eb qend\u00ebr t\u00eb komunitetit lokal.<\/span><\/p>\n","protected":false,"gt_translate_keys":[{"key":"rendered","format":"html"}]},"excerpt":{"rendered":"<p>Kat\u00ebr emigrant\u00eb jan\u00eb mbytur n\u00eb uj\u00ebrat franceze duke u p\u00ebrpjekur ta kalojn\u00eb Kanalin Anglez t\u00eb diel\u00ebn, sipas agjencis\u00eb s\u00eb lajmeve AFP. Rreth 70 njer\u00ebz u munduan t\u00eb hipnin n\u00eb nj\u00eb anije t\u00eb vog\u00ebl, e cila u p\u00ebrmbys duke tentuar t\u00eb nisej nga nj\u00eb plazh n\u00eb or\u00ebt e hershme t\u00eb s\u00eb diel\u00ebs, sipas mediave franceze. Dhjet\u00ebra [&hellip;]<\/p>\n","protected":false,"gt_translate_keys":[{"key":"rendered","format":"html"}]},"author":32,"featured_media":601533,"comment_status":"closed","ping_status":"open","sticky":false,"template":"","format":"standard","meta":{"footnotes":""},"categories":[6,13],"tags":[],"class_list":["post-646353","post","type-post","status-publish","format-standard","has-post-thumbnail","hentry","category-nderkombetare","category-te-fundit"],"gt_translate_keys":[{"key":"link","format":"url"}],"_links":{"self":[{"href":"https:\/\/www.hashtag.al\/index.php\/wp-json\/wp\/v2\/posts\/646353","targetHints":{"allow":["GET"]}}],"collection":[{"href":"https:\/\/www.hashtag.al\/index.php\/wp-json\/wp\/v2\/posts"}],"about":[{"href":"https:\/\/www.hashtag.al\/index.php\/wp-json\/wp\/v2\/types\/post"}],"author":[{"embeddable":true,"href":"https:\/\/www.hashtag.al\/index.php\/wp-json\/wp\/v2\/users\/32"}],"replies":[{"embeddable":true,"href":"https:\/\/www.hashtag.al\/index.php\/wp-json\/wp\/v2\/comments?post=646353"}],"version-history":[{"count":0,"href":"https:\/\/www.hashtag.al\/index.php\/wp-json\/wp\/v2\/posts\/646353\/revisions"}],"wp:featuredmedia":[{"embeddable":true,"href":"https:\/\/www.hashtag.al\/index.php\/wp-json\/wp\/v2\/media\/601533"}],"wp:attachment":[{"href":"https:\/\/www.hashtag.al\/index.php\/wp-json\/wp\/v2\/media?parent=646353"}],"wp:term":[{"taxonomy":"category","embeddable":true,"href":"https:\/\/www.hashtag.al\/index.php\/wp-json\/wp\/v2\/categories?post=646353"},{"taxonomy":"post_tag","embeddable":true,"href":"https:\/\/www.hashtag.al\/index.php\/wp-json\/wp\/v2\/tags?post=646353"}],"curies":[{"name":"wp","href":"https:\/\/api.w.org\/{rel}","templated":true}]}}