{"id":646260,"date":"2024-01-13T21:29:27","date_gmt":"2024-01-13T20:29:27","guid":{"rendered":"https:\/\/www.hashtag.al\/?p=646260"},"modified":"2024-01-13T21:29:27","modified_gmt":"2024-01-13T20:29:27","slug":"senatori-sanders-paralajmeron-bidenin-nese-nuk-del-me-nje-axhende-progresive-per-nevojat-e-klases-punetore-trump-do-fitoje","status":"publish","type":"post","link":"https:\/\/www.hashtag.al\/index.php\/2024\/01\/13\/senatori-sanders-paralajmeron-bidenin-nese-nuk-del-me-nje-axhende-progresive-per-nevojat-e-klases-punetore-trump-do-fitoje\/","title":{"rendered":"Senatori Sanders paralajm\u00ebron Bidenin: N\u00ebse nuk del me nj\u00eb axhend\u00eb progresive p\u00ebr nevojat e klas\u00ebs pun\u00ebtore, Trump do fitoj\u00eb","gt_translate_keys":[{"key":"rendered","format":"text"}]},"content":{"rendered":"<p><span style=\"color: #000000;\"><a href=\"https:\/\/www.hashtag.al\/wp-content\/uploads\/2024\/01\/Screenshot-2024-01-13-182044.png\"><img loading=\"lazy\" decoding=\"async\" class=\"aligncenter size-full wp-image-646261\" src=\"https:\/\/www.hashtag.al\/wp-content\/uploads\/2024\/01\/Screenshot-2024-01-13-182044.png\" alt=\"\" width=\"1265\" height=\"670\" srcset=\"https:\/\/www.hashtag.al\/wp-content\/uploads\/2024\/01\/Screenshot-2024-01-13-182044.png 1265w, https:\/\/www.hashtag.al\/wp-content\/uploads\/2024\/01\/Screenshot-2024-01-13-182044-300x159.png 300w, https:\/\/www.hashtag.al\/wp-content\/uploads\/2024\/01\/Screenshot-2024-01-13-182044-1024x542.png 1024w, https:\/\/www.hashtag.al\/wp-content\/uploads\/2024\/01\/Screenshot-2024-01-13-182044-768x407.png 768w\" sizes=\"auto, (max-width: 1265px) 100vw, 1265px\" \/><\/a><\/span><\/p>\n<p><span style=\"color: #000000;\">Bernie Sanders, politikani kryesor progresiv i Amerik\u00ebs, ka l\u00ebshuar nj\u00eb paralajm\u00ebrim t\u00eb ashp\u00ebr p\u00ebr Joe Biden n\u00eb fillim t\u00eb vitit t\u00eb zgjedhjeve presidenciale: <em>\u201cji m\u00eb agresiv n\u00eb adresimin e anktheve t\u00eb miliona votuesve n\u00eb v\u00ebshtir\u00ebsi ose rrezikoni t&#8217;ia ktheni Sht\u00ebpin\u00eb e Bardh\u00eb demagogut antidemokratik Donald Trumpit\u201d<\/em>, \u00ebsht\u00eb shprehur ai.<\/span><\/p>\n<p><span style=\"color: #000000;\">N\u00eb nj\u00eb intervist\u00eb nga baza e tij n\u00eb Burlington, Vermont, Sanders i k\u00ebrkoi presidentit demokrat t\u00eb injektonte m\u00eb shum\u00eb urgjenc\u00eb n\u00eb ofert\u00ebn e tij p\u00ebr rizgjedhje. Ai tha se n\u00ebse presidenti nuk do t\u00eb ishte m\u00eb i drejtp\u00ebrdrejt\u00eb n\u00eb njohjen e shum\u00eb krizave me t\u00eb cilat p\u00ebrballen familjet e klas\u00ebs pun\u00ebtore, rivali i tij republikan do t\u00eb fitonte, sipas <span style=\"color: #0000ff;\"><a style=\"color: #0000ff;\" href=\"https:\/\/www.theguardian.com\/us-news\/2024\/jan\/13\/sanders-warns-biden-working-class-voters-presidential-election\">The Guardian.<\/a><\/span><\/span><\/p>\n<p><span style=\"color: #000000;\"><em>\u201cNe duhet t\u00eb shohim Sht\u00ebpin\u00eb e Bardh\u00eb t\u00eb l\u00ebviz\u00eb n\u00eb m\u00ebnyr\u00eb m\u00eb agresive n\u00eb kujdesin sh\u00ebndet\u00ebsor, n\u00eb strehim, n\u00eb reform\u00ebn e taksave, n\u00eb koston e lart\u00eb t\u00eb barnave me recet\u00eb,\u201d<\/em> tha Sanders. \u201c<em>N\u00ebse ne mund ta b\u00ebjm\u00eb presidentin t\u00eb l\u00ebviz\u00eb n\u00eb at\u00eb drejtim, ai do t\u00eb fitoj\u00eb; n\u00ebse jo, ai do t\u00eb humbas\u00eb.\u201d<\/em><\/span><\/p>\n<p><span style=\"color: #000000;\">Senatori amerikan nga Vermonti shtoi se ai ishte n\u00eb kontakt me Sht\u00ebpin\u00eb e Bardh\u00eb duke e shtyr\u00eb at\u00eb pik\u00eb. <em>\u201cShpresojm\u00eb t\u2019i b\u00ebjm\u00eb t\u00eb qart\u00eb presidentit dhe ekipit t\u00eb tij se nuk do t\u00eb fitojn\u00eb k\u00ebto zgjedhje n\u00ebse nuk dalin me nj\u00eb axhend\u00eb progresive q\u00eb flet p\u00ebr nevojat e klas\u00ebs pun\u00ebtore t\u00eb k\u00ebtij vendi.\u201d<\/em><\/span><\/p>\n<p><span style=\"color: #000000;\">Paralajm\u00ebrimi i Sanders vjen n\u00eb nj\u00eb moment kritik n\u00eb politik\u00ebn amerikane. T\u00eb h\u00ebn\u00ebn, republikan\u00ebt n\u00eb Iowa do t\u00eb mblidhen p\u00ebr grupet parlamentare q\u00eb sh\u00ebnojn\u00eb fillimin zyrtar t\u00eb zgjedhjeve presidenciale t\u00eb vitit 2024.<\/span><\/p>\n<p><span style=\"color: #000000;\">Biden nuk p\u00ebrballet me asnj\u00eb sfidues serioz n\u00eb zgjedhjet paraprake demokrate. Por shqet\u00ebsimet po shtohen p\u00ebr m\u00ebnyr\u00ebn se si ai do t\u00eb ia dilte kund\u00ebr Trump, duke pasur parasysh nj\u00eb revansh t\u00eb mundsh\u00ebm mes tyre n\u00eb n\u00ebntor.<\/span><\/p>\n<p><span style=\"color: #000000;\">Sondazhet e fundit kan\u00eb treguar se Trump jo vet\u00ebm q\u00eb po ec\u00ebn mir\u00eb n\u00eb shtetet kryesore t\u00eb fush\u00ebbetej\u00ebs, por po fiton t\u00ebrheqje me grupet demografike q\u00eb rezultuan jetike p\u00ebr fitoren e Bidenit n\u00eb vitin 2020, duke p\u00ebrfshir\u00eb votuesit hispanik\u00eb dhe t\u00eb rinj.<\/span><\/p>\n<p><span style=\"color: #000000;\">N\u00eb intervist\u00ebn e tij n\u00eb Guardian, Sanders hodhi k\u00ebrc\u00ebnimin e nj\u00eb presidence t\u00eb dyt\u00eb t\u00eb Trump n\u00eb terma ekzistencial\u00eb. \u201c<em>Do t\u00eb jet\u00eb fundi i demokracis\u00eb, demokracis\u00eb funksionale,\u201d<\/em> tha ai.<\/span><\/p>\n<p><span style=\"color: #000000;\">Ai parashikoi se gjat\u00eb kat\u00ebr viteve t\u00eb tjera, Trump do t\u00eb zhvendoste shtyllat elektorale n\u00eb m\u00ebnyr\u00eb q\u00eb <em>\u201cshum\u00eb njer\u00ebz q\u00eb do t\u00eb votonin kund\u00ebr Trumpit nuk jan\u00eb n\u00eb gjendje ta b\u00ebjn\u00eb k\u00ebt\u00eb. Ai do ta b\u00ebj\u00eb m\u00eb t\u00eb v\u00ebshtir\u00eb p\u00ebr t\u00eb rinjt\u00eb, njer\u00ebzit me ngjyr\u00eb, pjes\u00ebmarrjen n\u00eb procesin politik.\u201d<\/em><\/span><\/p>\n<p><span style=\"color: #000000;\">\u00cbsht\u00eb n\u00eb at\u00eb kontekst distopian q\u00eb Sanders kritikon ekipin e rizgjedhjes s\u00eb presidentit p\u00ebr d\u00ebshtimin p\u00ebr t\u00eb goditur mjaftuesh\u00ebm daullen. &#8220;<em>Ata nuk jan\u00eb reklamuesit e tyre m\u00eb t\u00eb mir\u00eb, ata nuk b\u00ebjn\u00eb nj\u00eb pun\u00eb ve\u00e7an\u00ebrisht t\u00eb mir\u00eb n\u00eb shpjegimin e asaj q\u00eb Biden ka arritur<\/em>,&#8221; tha ai.<\/span><\/p>\n<p><span style=\"color: #000000;\">Sanders lavd\u00ebroi Biden p\u00ebr planin e shp\u00ebtimit prej 1.9 trilion dollar\u00ebsh Covid, i cili tha se ndihmoi n\u00eb shmangien e kolapsit ekonomik gjat\u00eb pandemis\u00eb, dhe p\u00ebr Aktin e Reduktimit t\u00eb Inflacionit, i cili pompoi para n\u00eb transformimin e energjis\u00eb s\u00eb SHBA-s\u00eb nga karburantet fosile.<\/span><\/p>\n<p><span style=\"color: #000000;\">Ai ishte gjithashtu i paqart\u00eb n\u00eb lidhje me vendimin historik t\u00eb Biden p\u00ebr t&#8217;iu bashkuar nj\u00eb linje kutie t\u00eb United Auto Workers (UAW) gjat\u00eb grev\u00ebs s\u00eb sindikat\u00ebs me tre prodhuesit m\u00eb t\u00eb m\u00ebdhenj t\u00eb makinave, gj\u00eb q\u00eb ai tha se e b\u00ebri at\u00eb &#8220;presidentin m\u00eb t\u00eb fort\u00eb pro sindikat\u00ebs q\u00eb kemi pasur, sigurisht, q\u00eb nga FDR.<\/span><\/p>\n<p><span style=\"color: #000000;\">Kritik\u00ebt do t\u00eb akuzojn\u00eb Sanders se po p\u00ebrpiqet t\u00eb shtyj\u00eb politik\u00ebn e tij drejt krijimit t\u00eb Partis\u00eb Demokratike. Por ai ka besueshm\u00ebri kur b\u00ebhet fjal\u00eb p\u00ebr fushatat presidenciale, pasi i \u00ebsht\u00eb afruar dy her\u00eb sigurimit t\u00eb nominimit demokrat dhe i ka dh\u00ebn\u00eb Biden nj\u00eb hap n\u00eb Sht\u00ebpin\u00eb e Bardh\u00eb n\u00eb vitin 2020.<\/span><\/p>\n","protected":false,"gt_translate_keys":[{"key":"rendered","format":"html"}]},"excerpt":{"rendered":"<p>Bernie Sanders, politikani kryesor progresiv i Amerik\u00ebs, ka l\u00ebshuar nj\u00eb paralajm\u00ebrim t\u00eb ashp\u00ebr p\u00ebr Joe Biden n\u00eb fillim t\u00eb vitit t\u00eb zgjedhjeve presidenciale: \u201cji m\u00eb agresiv n\u00eb adresimin e anktheve t\u00eb miliona votuesve n\u00eb v\u00ebshtir\u00ebsi ose rrezikoni t&#8217;ia ktheni Sht\u00ebpin\u00eb e Bardh\u00eb demagogut antidemokratik Donald Trumpit\u201d, \u00ebsht\u00eb shprehur ai. N\u00eb nj\u00eb intervist\u00eb nga baza e [&hellip;]<\/p>\n","protected":false,"gt_translate_keys":[{"key":"rendered","format":"html"}]},"author":30,"featured_media":646261,"comment_status":"closed","ping_status":"open","sticky":false,"template":"","format":"standard","meta":{"footnotes":""},"categories":[6],"tags":[],"class_list":["post-646260","post","type-post","status-publish","format-standard","has-post-thumbnail","hentry","category-nderkombetare"],"gt_translate_keys":[{"key":"link","format":"url"}],"_links":{"self":[{"href":"https:\/\/www.hashtag.al\/index.php\/wp-json\/wp\/v2\/posts\/646260","targetHints":{"allow":["GET"]}}],"collection":[{"href":"https:\/\/www.hashtag.al\/index.php\/wp-json\/wp\/v2\/posts"}],"about":[{"href":"https:\/\/www.hashtag.al\/index.php\/wp-json\/wp\/v2\/types\/post"}],"author":[{"embeddable":true,"href":"https:\/\/www.hashtag.al\/index.php\/wp-json\/wp\/v2\/users\/30"}],"replies":[{"embeddable":true,"href":"https:\/\/www.hashtag.al\/index.php\/wp-json\/wp\/v2\/comments?post=646260"}],"version-history":[{"count":0,"href":"https:\/\/www.hashtag.al\/index.php\/wp-json\/wp\/v2\/posts\/646260\/revisions"}],"wp:featuredmedia":[{"embeddable":true,"href":"https:\/\/www.hashtag.al\/index.php\/wp-json\/wp\/v2\/media\/646261"}],"wp:attachment":[{"href":"https:\/\/www.hashtag.al\/index.php\/wp-json\/wp\/v2\/media?parent=646260"}],"wp:term":[{"taxonomy":"category","embeddable":true,"href":"https:\/\/www.hashtag.al\/index.php\/wp-json\/wp\/v2\/categories?post=646260"},{"taxonomy":"post_tag","embeddable":true,"href":"https:\/\/www.hashtag.al\/index.php\/wp-json\/wp\/v2\/tags?post=646260"}],"curies":[{"name":"wp","href":"https:\/\/api.w.org\/{rel}","templated":true}]}}