{"id":646026,"date":"2024-01-12T15:11:21","date_gmt":"2024-01-12T14:11:21","guid":{"rendered":"https:\/\/www.hashtag.al\/?p=646026"},"modified":"2024-01-12T15:11:21","modified_gmt":"2024-01-12T14:11:21","slug":"noka-grupi-eshte-i-bashkuar-diskutuam-format-e-aksionit-drejt-aktit-final-te-mosbindjes-civile","status":"publish","type":"post","link":"https:\/\/www.hashtag.al\/index.php\/2024\/01\/12\/noka-grupi-eshte-i-bashkuar-diskutuam-format-e-aksionit-drejt-aktit-final-te-mosbindjes-civile\/","title":{"rendered":"Noka: Grupi \u00ebsht\u00eb i bashkuar, diskutuam format e aksionit drejt aktit final t\u00eb mosbindjes civile","gt_translate_keys":[{"key":"rendered","format":"text"}]},"content":{"rendered":"<p><span style=\"color: #000000;\"><a href=\"https:\/\/www.hashtag.al\/wp-content\/uploads\/2024\/01\/flamur-noka.jpg\"><img loading=\"lazy\" decoding=\"async\" class=\"aligncenter size-full wp-image-646027\" src=\"https:\/\/www.hashtag.al\/wp-content\/uploads\/2024\/01\/flamur-noka.jpg\" alt=\"\" width=\"949\" height=\"480\" srcset=\"https:\/\/www.hashtag.al\/wp-content\/uploads\/2024\/01\/flamur-noka.jpg 949w, https:\/\/www.hashtag.al\/wp-content\/uploads\/2024\/01\/flamur-noka-300x152.jpg 300w, https:\/\/www.hashtag.al\/wp-content\/uploads\/2024\/01\/flamur-noka-768x388.jpg 768w\" sizes=\"auto, (max-width: 949px) 100vw, 949px\" \/><\/a><\/span><\/p>\n<p><span style=\"color: #000000;\">Flamur Noka ka folur p\u00ebr gazetar\u00ebt, pas daljes nga mbledhja e Grupit Parlamentar t\u00eb PD, q\u00eb u mbajt n\u00eb ambientet e Kryesis\u00eb s\u00eb Kuvendit.<\/span><\/p>\n<p><span style=\"color: #000000;\">Ai tha se n\u00eb mbledhje u diskutuan modalitetet p\u00ebr bashkimin e opozit\u00ebs, dhe vazhdim\u00ebsin\u00eb drejt \u201caktit final t\u00eb aksionit, mosbindjes civile\u201d.<\/span><\/p>\n<p><span style=\"color: #000000;\"><em>\u201cGrupi \u00ebsht\u00eb i bashkuar, edhe PD \u00ebsht\u00eb e bashkuar, modalitetet jan\u00eb n\u00eb p\u00ebrfundim. Ajo q\u00eb diskutuam, format dhe m\u00ebnyr\u00ebn e aksionit ton\u00eb, vazhdim\u00ebsin\u00eb dhe p\u00ebrshkall\u00ebzimit drejt aktit final t\u00eb mosbindjes civile. Parlamenti zhvendoset nga parlamenti i narkotrafikant\u00ebve, n\u00eb parlamentin e rrug\u00ebs s\u00eb shpres\u00ebs\u201d,<\/em> tha ai.<\/span><\/p>\n","protected":false,"gt_translate_keys":[{"key":"rendered","format":"html"}]},"excerpt":{"rendered":"<p>Flamur Noka ka folur p\u00ebr gazetar\u00ebt, pas daljes nga mbledhja e Grupit Parlamentar t\u00eb PD, q\u00eb u mbajt n\u00eb ambientet e Kryesis\u00eb s\u00eb Kuvendit. Ai tha se n\u00eb mbledhje u diskutuan modalitetet p\u00ebr bashkimin e opozit\u00ebs, dhe vazhdim\u00ebsin\u00eb drejt \u201caktit final t\u00eb aksionit, mosbindjes civile\u201d. \u201cGrupi \u00ebsht\u00eb i bashkuar, edhe PD \u00ebsht\u00eb e bashkuar, modalitetet [&hellip;]<\/p>\n","protected":false,"gt_translate_keys":[{"key":"rendered","format":"html"}]},"author":30,"featured_media":646027,"comment_status":"closed","ping_status":"open","sticky":false,"template":"","format":"standard","meta":{"footnotes":""},"categories":[65],"tags":[],"class_list":["post-646026","post","type-post","status-publish","format-standard","has-post-thumbnail","hentry","category-lajme"],"gt_translate_keys":[{"key":"link","format":"url"}],"_links":{"self":[{"href":"https:\/\/www.hashtag.al\/index.php\/wp-json\/wp\/v2\/posts\/646026","targetHints":{"allow":["GET"]}}],"collection":[{"href":"https:\/\/www.hashtag.al\/index.php\/wp-json\/wp\/v2\/posts"}],"about":[{"href":"https:\/\/www.hashtag.al\/index.php\/wp-json\/wp\/v2\/types\/post"}],"author":[{"embeddable":true,"href":"https:\/\/www.hashtag.al\/index.php\/wp-json\/wp\/v2\/users\/30"}],"replies":[{"embeddable":true,"href":"https:\/\/www.hashtag.al\/index.php\/wp-json\/wp\/v2\/comments?post=646026"}],"version-history":[{"count":0,"href":"https:\/\/www.hashtag.al\/index.php\/wp-json\/wp\/v2\/posts\/646026\/revisions"}],"wp:featuredmedia":[{"embeddable":true,"href":"https:\/\/www.hashtag.al\/index.php\/wp-json\/wp\/v2\/media\/646027"}],"wp:attachment":[{"href":"https:\/\/www.hashtag.al\/index.php\/wp-json\/wp\/v2\/media?parent=646026"}],"wp:term":[{"taxonomy":"category","embeddable":true,"href":"https:\/\/www.hashtag.al\/index.php\/wp-json\/wp\/v2\/categories?post=646026"},{"taxonomy":"post_tag","embeddable":true,"href":"https:\/\/www.hashtag.al\/index.php\/wp-json\/wp\/v2\/tags?post=646026"}],"curies":[{"name":"wp","href":"https:\/\/api.w.org\/{rel}","templated":true}]}}