{"id":645949,"date":"2024-01-12T11:08:08","date_gmt":"2024-01-12T10:08:08","guid":{"rendered":"https:\/\/www.hashtag.al\/?p=645949"},"modified":"2024-01-12T11:08:08","modified_gmt":"2024-01-12T10:08:08","slug":"biznesmenet-me-te-fuqishem-ne-indi-mbeshtesin-hapur-kryeministrin-modi-para-zgjedhjeve-te-ketij-viti","status":"publish","type":"post","link":"https:\/\/www.hashtag.al\/index.php\/2024\/01\/12\/biznesmenet-me-te-fuqishem-ne-indi-mbeshtesin-hapur-kryeministrin-modi-para-zgjedhjeve-te-ketij-viti\/","title":{"rendered":"Biznesmen\u00ebt m\u00eb t\u00eb fuqish\u00ebm n\u00eb Indi mb\u00ebshtesin hapur kryeministrin Modi para zgjedhjeve t\u00eb k\u00ebtij viti","gt_translate_keys":[{"key":"rendered","format":"text"}]},"content":{"rendered":"<p><img loading=\"lazy\" decoding=\"async\" class=\"aligncenter size-full wp-image-645950\" src=\"https:\/\/www.hashtag.al\/wp-content\/uploads\/2024\/01\/ambanimodi.jpg\" alt=\"\" width=\"1280\" height=\"720\" srcset=\"https:\/\/www.hashtag.al\/wp-content\/uploads\/2024\/01\/ambanimodi.jpg 1280w, https:\/\/www.hashtag.al\/wp-content\/uploads\/2024\/01\/ambanimodi-300x169.jpg 300w, https:\/\/www.hashtag.al\/wp-content\/uploads\/2024\/01\/ambanimodi-1024x576.jpg 1024w, https:\/\/www.hashtag.al\/wp-content\/uploads\/2024\/01\/ambanimodi-768x432.jpg 768w\" sizes=\"auto, (max-width: 1280px) 100vw, 1280px\" \/><\/p>\n<p><span style=\"color: #000000;\">Udh\u00ebheq\u00ebsit kryesor\u00eb t\u00eb biznesit t\u00eb Indis\u00eb t\u00eb m\u00ebrkur\u00ebn lavd\u00ebruan kryeministrin Narendra Modi, i cili do t\u00eb k\u00ebrkoj\u00eb nj\u00eb mandat t\u00eb tret\u00eb radhazi n\u00eb detyr\u00eb n\u00eb zgjedhjet komb\u00ebtare t\u00eb planifikuara p\u00ebr m\u00eb von\u00eb k\u00ebt\u00eb vit.<\/span><\/p>\n<p><span style=\"color: #000000;\">Duke folur n\u00eb Samitin Global t\u00eb Gujarat 2024 n\u00eb Gandhinagar, n\u00eb shtetin e Gujarat, ku Modi sundoi nga viti 2001 deri n\u00eb 2014, manjat\u00ebt i dhan\u00eb mb\u00ebshtetje nj\u00ebz\u00ebri Modi-t p\u00ebr nxitjen e ekonomis\u00eb dhe ngritjen e statusit t\u00eb Indis\u00eb si nj\u00eb lojtar i r\u00ebnd\u00ebsish\u00ebm gjeopolitik dhe destinacion t\u00ebrheq\u00ebs investimi.<\/span><\/p>\n<p><span style=\"color: #000000;\">Duke iu drejtuar s\u00e9ances p\u00ebruruese t\u00eb samitit, ku mor\u00ebn pjes\u00eb presidenti i Emirateve t\u00eb Bashkuara Arabe Mohamed Bin Zayed dhe personalitete t\u00eb tjera, Mukesh Ambani, kryetari i Reliance Group dhe njeriu m\u00eb i pasur i Azis\u00eb, iu referua Modit si &#8220;udh\u00ebheq\u00ebsi yn\u00eb i dashur&#8221; dhe &#8220;udh\u00ebheq\u00ebsi m\u00eb i madh global i koh\u00ebt tona\u201d, i cili \u201cduartrokitet\u201d nga e gjith\u00eb bota.<\/span><\/p>\n<p><span style=\"color: #000000;\">Nj\u00eb tjet\u00ebr manjat indian, Gautam Adani, v\u00ebrejti se produkti i brendsh\u00ebm bruto (PBB) i Indis\u00eb u rrit 185%, nd\u00ebrsa t\u00eb ardhurat p\u00ebr frym\u00eb jan\u00eb rritur 165% q\u00eb nga viti 2014, kur Modi mori postin e kryeministrit. <em>\u201cKjo arritje \u00ebsht\u00eb e pashembullt, ve\u00e7an\u00ebrisht duke pasur parasysh konfliktet gjeopolitike dhe sfidat pandemike t\u00eb k\u00ebsaj dekade\u201d<\/em>, tha Adani.<\/span><\/p>\n<p><span style=\"color: #000000;\">Ashtu si Modi, edhe Ambani edhe Adani vijn\u00eb nga rajoni Gujarat. Pasuria neto e Ambanit vler\u00ebsohet aktualisht n\u00eb 96.6 miliard\u00eb dollar\u00eb, sipas Indeksit t\u00eb Miliarder\u00ebve t\u00eb Bloomberg (BBI), nd\u00ebrsa ajo e Adanit \u00ebsht\u00eb 95.0 miliard\u00eb dollar\u00eb.<\/span><\/p>\n<p><span style=\"color: #000000;\">Lavd\u00ebrime p\u00ebr politikat ekonomike t\u00eb vendosura nga qeveria e Modi erdh\u00ebn edhe nga shefa t\u00eb tjer\u00eb t\u00eb sektorit t\u00eb korporatave si Lakshmi Niwas Mittal, nj\u00eb miliarder \u00e7eliku me baz\u00eb n\u00eb Mbret\u00ebrin\u00eb e Bashkuar me origjin\u00eb indiane, kryetar i ArcelorMittal dhe N Chandrasekaran, kryetari i Tata Group.<\/span><\/p>\n<p><span style=\"color: #000000;\">Udh\u00ebheq\u00ebsit e industris\u00eb shfryt\u00ebzuan mund\u00ebsin\u00eb p\u00ebr t\u00eb adresuar nj\u00eb ngjarje t\u00eb profilit t\u00eb lart\u00eb n\u00eb shtetin e Modit, ku rritja ekonomike ka qen\u00eb nj\u00eb tem\u00eb debati nga ekspert\u00ebt dhe ekonomist\u00ebt, p\u00ebr t\u00eb premtuar m\u00eb shum\u00eb investime p\u00ebrpara zgjedhjeve m\u00eb von\u00eb k\u00ebt\u00eb vit. <\/span><\/p>\n<p><span style=\"color: #000000;\">Konglomeratet kryesore po planifikojn\u00eb t\u00eb zgjerojn\u00eb pranin\u00eb e tyre n\u00eb fusha t\u00eb reja q\u00eb promovohen n\u00eb m\u00ebnyr\u00eb agresive nga qeveria, si elektronika dhe gjysm\u00ebp\u00ebr\u00e7uesit, automjetet elektrike, mbrojtja dhe energjia e gjelb\u00ebr.<\/span><\/p>\n","protected":false,"gt_translate_keys":[{"key":"rendered","format":"html"}]},"excerpt":{"rendered":"<p>Udh\u00ebheq\u00ebsit kryesor\u00eb t\u00eb biznesit t\u00eb Indis\u00eb t\u00eb m\u00ebrkur\u00ebn lavd\u00ebruan kryeministrin Narendra Modi, i cili do t\u00eb k\u00ebrkoj\u00eb nj\u00eb mandat t\u00eb tret\u00eb radhazi n\u00eb detyr\u00eb n\u00eb zgjedhjet komb\u00ebtare t\u00eb planifikuara p\u00ebr m\u00eb von\u00eb k\u00ebt\u00eb vit. Duke folur n\u00eb Samitin Global t\u00eb Gujarat 2024 n\u00eb Gandhinagar, n\u00eb shtetin e Gujarat, ku Modi sundoi nga viti 2001 deri [&hellip;]<\/p>\n","protected":false,"gt_translate_keys":[{"key":"rendered","format":"html"}]},"author":51,"featured_media":645950,"comment_status":"closed","ping_status":"open","sticky":false,"template":"","format":"standard","meta":{"footnotes":""},"categories":[53],"tags":[],"class_list":["post-645949","post","type-post","status-publish","format-standard","has-post-thumbnail","hentry","category-fast-foodi"],"gt_translate_keys":[{"key":"link","format":"url"}],"_links":{"self":[{"href":"https:\/\/www.hashtag.al\/index.php\/wp-json\/wp\/v2\/posts\/645949","targetHints":{"allow":["GET"]}}],"collection":[{"href":"https:\/\/www.hashtag.al\/index.php\/wp-json\/wp\/v2\/posts"}],"about":[{"href":"https:\/\/www.hashtag.al\/index.php\/wp-json\/wp\/v2\/types\/post"}],"author":[{"embeddable":true,"href":"https:\/\/www.hashtag.al\/index.php\/wp-json\/wp\/v2\/users\/51"}],"replies":[{"embeddable":true,"href":"https:\/\/www.hashtag.al\/index.php\/wp-json\/wp\/v2\/comments?post=645949"}],"version-history":[{"count":0,"href":"https:\/\/www.hashtag.al\/index.php\/wp-json\/wp\/v2\/posts\/645949\/revisions"}],"wp:featuredmedia":[{"embeddable":true,"href":"https:\/\/www.hashtag.al\/index.php\/wp-json\/wp\/v2\/media\/645950"}],"wp:attachment":[{"href":"https:\/\/www.hashtag.al\/index.php\/wp-json\/wp\/v2\/media?parent=645949"}],"wp:term":[{"taxonomy":"category","embeddable":true,"href":"https:\/\/www.hashtag.al\/index.php\/wp-json\/wp\/v2\/categories?post=645949"},{"taxonomy":"post_tag","embeddable":true,"href":"https:\/\/www.hashtag.al\/index.php\/wp-json\/wp\/v2\/tags?post=645949"}],"curies":[{"name":"wp","href":"https:\/\/api.w.org\/{rel}","templated":true}]}}