{"id":645916,"date":"2024-01-12T09:25:41","date_gmt":"2024-01-12T08:25:41","guid":{"rendered":"https:\/\/www.hashtag.al\/?p=645916"},"modified":"2024-01-12T09:41:14","modified_gmt":"2024-01-12T08:41:14","slug":"netanyahu-denon-afriken-e-jugut-per-rastin-e-gjenocidit-kunder-izraelit-ne-gjykaten-e-hages-hipokrizi","status":"publish","type":"post","link":"https:\/\/www.hashtag.al\/index.php\/2024\/01\/12\/netanyahu-denon-afriken-e-jugut-per-rastin-e-gjenocidit-kunder-izraelit-ne-gjykaten-e-hages-hipokrizi\/","title":{"rendered":"Netanyahu kritika Afrik\u00ebs s\u00eb Jugut: Akuzimi i Izraelit p\u00ebr gjenocid, hipokrizi","gt_translate_keys":[{"key":"rendered","format":"text"}]},"content":{"rendered":"<p><span style=\"color: #000000;\"><img loading=\"lazy\" decoding=\"async\" class=\"aligncenter size-full wp-image-629471\" src=\"https:\/\/www.hashtag.al\/wp-content\/uploads\/2023\/11\/netanyahu.png\" alt=\"\" width=\"1099\" height=\"664\" srcset=\"https:\/\/www.hashtag.al\/wp-content\/uploads\/2023\/11\/netanyahu.png 1099w, https:\/\/www.hashtag.al\/wp-content\/uploads\/2023\/11\/netanyahu-300x181.png 300w, https:\/\/www.hashtag.al\/wp-content\/uploads\/2023\/11\/netanyahu-1024x619.png 1024w, https:\/\/www.hashtag.al\/wp-content\/uploads\/2023\/11\/netanyahu-768x464.png 768w\" sizes=\"auto, (max-width: 1099px) 100vw, 1099px\" \/><\/span><\/p>\n<p><span style=\"color: #000000;\">Kryeministri izraelit Netanyahu d\u00ebnoi t\u00eb enjten rastin e gjenocidit n\u00eb Gjykat\u00ebn e Hag\u00ebs nga Afrika e Jugut kund\u00ebr Izraelit n\u00eb Gaza si &#8220;hipokrizi dhe g\u00ebnjesht\u00ebr&#8221;.<\/span><\/p>\n<p><span style=\"color: #000000;\"> Tre muaj bombardime izraelite kan\u00eb shkat\u00ebrruar pjes\u00ebn m\u00eb t\u00eb madhe t\u00eb enklav\u00ebs bregdetare, duke vrar\u00eb m\u00eb shum\u00eb se 23,000 njer\u00ebz dhe duke d\u00ebbuar pothuajse t\u00eb gjith\u00eb popullsin\u00eb prej 2.3 milion\u00eb palestinez\u00ebsh nga sht\u00ebpit\u00eb e tyre. <\/span><\/p>\n<p><span style=\"color: #000000;\">Nj\u00eb bllokad\u00eb izraelite ka kufizuar ndjesh\u00ebm furnizimet me ushqim, karburant dhe ila\u00e7e, duke krijuar at\u00eb q\u00eb Kombet e Bashkuara e p\u00ebrshkruajn\u00eb si nj\u00eb katastrof\u00eb humanitare.<\/span><\/p>\n<p><span style=\"color: #000000;\">Izraeli thot\u00eb se mjeti i tij i vet\u00ebm p\u00ebr t&#8217;u mbrojtur \u00ebsht\u00eb \u00e7rr\u00ebnjosja e Hamasit, grupi militant q\u00eb sundon Gaz\u00ebn, luft\u00ebtar\u00ebt e t\u00eb cilit sulmuan komunitetet izraelite m\u00eb 7 tetor, duke vrar\u00eb 1200 njer\u00ebz dhe duke kapur 240 pengje. Izraeli faj\u00ebson Hamasin p\u00ebr t\u00eb gjitha d\u00ebmtimet e m\u00ebvonshme ndaj civil\u00ebve palestinez\u00eb p\u00ebr veprimin mes tyre, gj\u00eb q\u00eb luft\u00ebtar\u00ebt e mohojn\u00eb.<\/span><\/p>\n<p><span style=\"color: #000000;\">\u00c7\u00ebshtja, e paraqitur nga Afrika e Jugut n\u00eb Gjykat\u00ebn Nd\u00ebrkomb\u00ebtare t\u00eb Drejt\u00ebsis\u00eb (ICJ) n\u00eb Hag\u00eb, akuzon Izraelin p\u00ebr shkelje t\u00eb konvent\u00ebs s\u00eb gjenocidit t\u00eb vitit 1948, e miratuar pas vrasjes masive t\u00eb hebrenjve n\u00eb Holokaust, e cila mandaton t\u00eb gjitha vendet t\u00eb sigurojn\u00eb q\u00eb krime t\u00eb tilla t\u00eb mos p\u00ebrs\u00ebriten kurr\u00eb.<\/span><\/p>\n<p><span style=\"color: #000000;\"><em>&#8220;Izraeli ka nj\u00eb q\u00ebllim gjenocidal kund\u00ebr palestinez\u00ebve n\u00eb Gaza,&#8221;<\/em> i tha gjykat\u00ebs n\u00eb Hag\u00eb Tembeka Ngcukaitobi, avokate e Gjykat\u00ebs s\u00eb Lart\u00eb t\u00eb Afrik\u00ebs s\u00eb Jugut.<\/span><\/p>\n<p><span style=\"color: #000000;\"><em>\u201cSynimi p\u00ebr t\u00eb shkat\u00ebrruar Gaz\u00ebn \u00ebsht\u00eb ushqyer n\u00eb nivelin m\u00eb t\u00eb lart\u00eb t\u00eb shtetit\u201d.<\/em><\/span><\/p>\n<p><span style=\"color: #000000;\">Afrika e Jugut i k\u00ebrkoi gjykat\u00ebs nj\u00eb urdh\u00ebr paraprak p\u00ebr t&#8217;i k\u00ebrkuar Izraelit t\u00eb ndaloj\u00eb luft\u00ebn tani, nd\u00ebrsa gjykata t\u00eb d\u00ebgjoj\u00eb argumentet e plota t\u00eb \u00e7\u00ebshtjes n\u00eb muajt e ardhsh\u00ebm.<\/span><\/p>\n<p><span style=\"color: #000000;\">N\u00eb nj\u00eb p\u00ebrgjigje t\u00eb formuluar ashp\u00ebr, kryeministri izraelit Benjamin Netanyahu tha se &#8220;hipokrizia e Afrik\u00ebs s\u00eb Jugut \u00ebsht\u00eb e pamas\u00eb &#8220;.<\/span><\/p>\n<p><span style=\"color: #000000;\"><em>&#8220;Ne po luftojm\u00eb terrorist\u00ebt, po luftojm\u00eb g\u00ebnjeshtrat&#8230;Sot pam\u00eb nj\u00eb bot\u00eb t\u00eb p\u00ebrmbysur. Izraeli akuzohet p\u00ebr gjenocid nd\u00ebrsa po lufton kund\u00ebr gjenocidit,&#8221;<\/em> tha ai.<\/span><\/p>\n<p><span style=\"color: #000000;\">Ministria e Jashtme e Izraelit akuzoi Afrik\u00ebn e Jugut se &#8220;funksionon si krahu ligjor i organizat\u00ebs terroriste Hamas&#8221; n\u00eb nj\u00eb rast t\u00eb ngritur mbi &#8220;pretendime t\u00eb rreme dhe t\u00eb pabaza&#8221;.<\/span><\/p>\n<p><span style=\"color: #000000;\">Sht\u00ebpia e Bardh\u00eb tha gjithashtu se akuzat p\u00ebr gjenocid ishin t\u00eb pabaza.<\/span><\/p>\n<p><span style=\"color: #000000;\">Palestinez\u00ebt than\u00eb se shpresonin q\u00eb gjykata t\u00eb ndalonte luft\u00ebn.<\/span><\/p>\n<p><span style=\"color: #000000;\">N\u00eb Rafah, n\u00eb Gaz\u00ebn jugore, ku trupat e an\u00ebtar\u00ebve t\u00eb familjes al-Arjany t\u00eb vrar\u00eb gjat\u00eb nat\u00ebs u vendos\u00ebn jasht\u00eb nj\u00eb morgu, fqinji Khamis Kelab mori m\u00eb t\u00eb voglin prej tre f\u00ebmij\u00ebve t\u00eb lidhur n\u00eb qefin dhe e futi n\u00eb djep foshnj\u00ebn e vdekur.<\/span><\/p>\n<p><span style=\"color: #000000;\"><em>&#8220;P\u00ebr Gjykat\u00ebn e t\u00eb Drejtave t\u00eb Njeriut, cili \u00ebsht\u00eb faji i k\u00ebsaj foshnje? \u00c7far\u00eb b\u00ebri kjo vajz\u00eb? \u00c7far\u00eb krimi b\u00ebri ajo? A ishte ajo terroriste? A hodhi raketa kjo foshnj\u00eb?&#8221;<\/em> tha ai.<\/span><\/p>\n<p><span style=\"color: #000000;\"><em>&#8220;Ajo ishte brenda nj\u00eb \u00e7ad\u00ebr, n\u00eb t\u00eb ftoht\u00eb t\u00eb ftoht\u00eb, ajo u godit nga nj\u00eb bomb\u00eb, kjo foshnj\u00eb \u00ebsht\u00eb vet\u00ebm disa dit\u00ebsh, o njer\u00ebz.&#8221;<\/em><\/span><\/p>\n<p><span style=\"color: #000000;\">Gjysm\u00ebh\u00ebna e Kuqe Palestineze raportoi von\u00eb t\u00eb enjten se n\u00ebnt\u00eb persona ishin vrar\u00eb n\u00eb nj\u00eb bombardim izraelit q\u00eb goditi nj\u00eb sht\u00ebpi n\u00eb Rafah.<\/span><\/p>\n","protected":false,"gt_translate_keys":[{"key":"rendered","format":"html"}]},"excerpt":{"rendered":"<p>Kryeministri izraelit Netanyahu d\u00ebnoi t\u00eb enjten rastin e gjenocidit n\u00eb Gjykat\u00ebn e Hag\u00ebs nga Afrika e Jugut kund\u00ebr Izraelit n\u00eb Gaza si &#8220;hipokrizi dhe g\u00ebnjesht\u00ebr&#8221;. Tre muaj bombardime izraelite kan\u00eb shkat\u00ebrruar pjes\u00ebn m\u00eb t\u00eb madhe t\u00eb enklav\u00ebs bregdetare, duke vrar\u00eb m\u00eb shum\u00eb se 23,000 njer\u00ebz dhe duke d\u00ebbuar pothuajse t\u00eb gjith\u00eb popullsin\u00eb prej 2.3 milion\u00eb [&hellip;]<\/p>\n","protected":false,"gt_translate_keys":[{"key":"rendered","format":"html"}]},"author":51,"featured_media":629471,"comment_status":"closed","ping_status":"open","sticky":false,"template":"","format":"standard","meta":{"footnotes":""},"categories":[6],"tags":[],"class_list":["post-645916","post","type-post","status-publish","format-standard","has-post-thumbnail","hentry","category-nderkombetare"],"gt_translate_keys":[{"key":"link","format":"url"}],"_links":{"self":[{"href":"https:\/\/www.hashtag.al\/index.php\/wp-json\/wp\/v2\/posts\/645916","targetHints":{"allow":["GET"]}}],"collection":[{"href":"https:\/\/www.hashtag.al\/index.php\/wp-json\/wp\/v2\/posts"}],"about":[{"href":"https:\/\/www.hashtag.al\/index.php\/wp-json\/wp\/v2\/types\/post"}],"author":[{"embeddable":true,"href":"https:\/\/www.hashtag.al\/index.php\/wp-json\/wp\/v2\/users\/51"}],"replies":[{"embeddable":true,"href":"https:\/\/www.hashtag.al\/index.php\/wp-json\/wp\/v2\/comments?post=645916"}],"version-history":[{"count":0,"href":"https:\/\/www.hashtag.al\/index.php\/wp-json\/wp\/v2\/posts\/645916\/revisions"}],"wp:featuredmedia":[{"embeddable":true,"href":"https:\/\/www.hashtag.al\/index.php\/wp-json\/wp\/v2\/media\/629471"}],"wp:attachment":[{"href":"https:\/\/www.hashtag.al\/index.php\/wp-json\/wp\/v2\/media?parent=645916"}],"wp:term":[{"taxonomy":"category","embeddable":true,"href":"https:\/\/www.hashtag.al\/index.php\/wp-json\/wp\/v2\/categories?post=645916"},{"taxonomy":"post_tag","embeddable":true,"href":"https:\/\/www.hashtag.al\/index.php\/wp-json\/wp\/v2\/tags?post=645916"}],"curies":[{"name":"wp","href":"https:\/\/api.w.org\/{rel}","templated":true}]}}