{"id":645912,"date":"2024-01-12T09:07:37","date_gmt":"2024-01-12T08:07:37","guid":{"rendered":"https:\/\/www.hashtag.al\/?p=645912"},"modified":"2024-01-12T09:07:37","modified_gmt":"2024-01-12T08:07:37","slug":"denoncimi-i-tabakut-renia-e-konsumit-nga-taksa-e-inflacioni-socialist-shqiptaret-jane-varferuar","status":"publish","type":"post","link":"https:\/\/www.hashtag.al\/index.php\/2024\/01\/12\/denoncimi-i-tabakut-renia-e-konsumit-nga-taksa-e-inflacioni-socialist-shqiptaret-jane-varferuar\/","title":{"rendered":"Denoncimi i Tabakut: R\u00ebnia e konsumit nga taksa e inflacioni socialist, shqiptar\u00ebt jan\u00eb varf\u00ebruar","gt_translate_keys":[{"key":"rendered","format":"text"}]},"content":{"rendered":"<p><img loading=\"lazy\" decoding=\"async\" class=\"aligncenter size-full wp-image-632820\" src=\"https:\/\/www.hashtag.al\/wp-content\/uploads\/2023\/11\/jorida-tabaku1.jpeg\" alt=\"\" width=\"2560\" height=\"1706\" srcset=\"https:\/\/www.hashtag.al\/wp-content\/uploads\/2023\/11\/jorida-tabaku1.jpeg 2560w, https:\/\/www.hashtag.al\/wp-content\/uploads\/2023\/11\/jorida-tabaku1-300x200.jpeg 300w, https:\/\/www.hashtag.al\/wp-content\/uploads\/2023\/11\/jorida-tabaku1-1024x682.jpeg 1024w, https:\/\/www.hashtag.al\/wp-content\/uploads\/2023\/11\/jorida-tabaku1-768x512.jpeg 768w, https:\/\/www.hashtag.al\/wp-content\/uploads\/2023\/11\/jorida-tabaku1-1536x1024.jpeg 1536w, https:\/\/www.hashtag.al\/wp-content\/uploads\/2023\/11\/jorida-tabaku1-2048x1365.jpeg 2048w\" sizes=\"auto, (max-width: 2560px) 100vw, 2560px\" \/><\/p>\n<p><span style=\"color: #000000;\">Deputetja e PD-s\u00eb Jorida Tabaku denoncoi qeverin\u00eb Rama p\u00ebr varf\u00ebrimin e shqiptar\u00ebve p\u00ebrmes rritjes s\u00eb taksave e inflacionit. <\/span><\/p>\n<p><span style=\"color: #000000;\">Ajo deklaroi se n\u00eb vend ka r\u00ebnie t\u00eb konsumit pik\u00ebrisht n\u00eb muajt e pikut e kjo p\u00ebr shkak t\u00eb rritjes s\u00eb \u00e7mimeve, p\u00ebrqendrimit t\u00eb ekonomis\u00eb n\u00eb pak duar e rritjes s\u00eb taksave.<\/span><\/p>\n<p><span style=\"color: #000000;\"><em>\u201cPublikimi i t\u00eb dh\u00ebnave nga INSTAT n\u00eb lidhje me konsumin e popullat\u00ebs dhe r\u00ebnia me 0.53% e konsumit t\u00eb popullat\u00ebs tregon pik\u00ebrisht at\u00eb q\u00eb kemi vite q\u00eb e themi: inflacioni socialist dhe taksat socialiste kan\u00eb varf\u00ebruar familjet shqiptare. R\u00ebnia e konsumit me 0.53% pik\u00ebrisht n\u00eb muajt e pikut, tregon q\u00eb sot familjet shqiptare konsumojn\u00eb shum\u00eb pak, q\u00eb sot jan\u00eb \u00e7mimet e rritura, p\u00ebrqendrimi i ekonomis\u00eb n\u00eb pak duar, rritja e taksave po prodhojn\u00eb nj\u00eb rritje t\u00eb \u00e7mimeve dhe nj\u00eb varf\u00ebrim t\u00eb qytetar\u00ebve. Rritja me 7% e \u00e7mimeve t\u00eb produkteve t\u00eb shport\u00ebs: t\u00eb miellit, t\u00eb vajit, t\u00eb buk\u00ebs dhe ushqimeve tregon pik\u00ebrisht faktin q\u00eb familjet shqiptare jan\u00eb n\u00eb ng\u00ebr\u00e7.\u201d<\/em> &#8211; tha Tabaku.<\/span><\/p>\n<p><span style=\"color: #000000;\">Demokratja shtoi m\u00eb tej se vendosja e TVSH-s\u00eb n\u00eb produktet bujq\u00ebsore ka rritur zinxhir \u00e7mimet nd\u00ebrkoh\u00eb q\u00eb ndryshimet n\u00eb qeveri sh\u00ebrbejn\u00eb vet\u00ebm p\u00ebr kozmetik\u00eb e jo p\u00ebr ndryshimin e gjendjes s\u00eb v\u00ebshtir\u00eb.<\/span><\/p>\n<p><span style=\"color: #000000;\"><em>\u201cVendosja e TVSH-s\u00eb me produktet bujq\u00ebsore ka rritur \u00e7mimet zinxhir dhe ka b\u00ebr\u00eb q\u00eb sot familjet shqiptare t\u00eb konsumojn\u00eb m\u00eb pak, por nga ana tjet\u00ebr struktura q\u00eb ka sot ekonomia shqiptare dhe shp\u00ebrndarja e pasuris\u00eb n\u00eb pak duar po rezulton n\u00eb r\u00ebnie t\u00eb konsumit dhe varf\u00ebrim t\u00eb shoq\u00ebris\u00eb shqiptare si dhe n\u00eb m\u00eb pak blerje dhe sigurisht vendimet e 10 viteve q\u00eb reflektojn\u00eb pik\u00ebrisht n\u00eb xhepat e qytetar\u00ebve shqiptar\u00eb . Kjo do duhet t\u00eb sh\u00ebrbente p\u00ebr qeverin\u00eb si nj\u00eb m\u00ebnyr\u00eb p\u00ebr t\u00eb ndryshuar, do duhet t\u00eb sh\u00ebrbente si nj\u00eb m\u00ebnyr\u00eb q\u00eb mos t\u00eb merren as me kozmetik\u00eb, as me makeup, as me nd\u00ebrrim qeverish, as me ndryshim ministrish por t\u00eb merreshin me at\u00eb q\u00eb sot \u00ebsht\u00eb thelbi: mbijetesa e familjeve shqiptare. R\u00ebnia e konsumit reflekton pik\u00ebrisht k\u00ebt\u00eb, edhe shpopullimin masiv dhe inflacionin socialist, taksat socialiste por mbi t\u00eb gjitha realitetin q\u00eb familjet shqiptare jetojn\u00eb sot.\u201d<\/em> &#8211; shtoi Tabaku.<\/span><\/p>\n","protected":false,"gt_translate_keys":[{"key":"rendered","format":"html"}]},"excerpt":{"rendered":"<p>Deputetja e PD-s\u00eb Jorida Tabaku denoncoi qeverin\u00eb Rama p\u00ebr varf\u00ebrimin e shqiptar\u00ebve p\u00ebrmes rritjes s\u00eb taksave e inflacionit. Ajo deklaroi se n\u00eb vend ka r\u00ebnie t\u00eb konsumit pik\u00ebrisht n\u00eb muajt e pikut e kjo p\u00ebr shkak t\u00eb rritjes s\u00eb \u00e7mimeve, p\u00ebrqendrimit t\u00eb ekonomis\u00eb n\u00eb pak duar e rritjes s\u00eb taksave. \u201cPublikimi i t\u00eb dh\u00ebnave nga [&hellip;]<\/p>\n","protected":false,"gt_translate_keys":[{"key":"rendered","format":"html"}]},"author":51,"featured_media":632820,"comment_status":"closed","ping_status":"open","sticky":false,"template":"","format":"standard","meta":{"footnotes":""},"categories":[65],"tags":[],"class_list":["post-645912","post","type-post","status-publish","format-standard","has-post-thumbnail","hentry","category-lajme"],"gt_translate_keys":[{"key":"link","format":"url"}],"_links":{"self":[{"href":"https:\/\/www.hashtag.al\/index.php\/wp-json\/wp\/v2\/posts\/645912","targetHints":{"allow":["GET"]}}],"collection":[{"href":"https:\/\/www.hashtag.al\/index.php\/wp-json\/wp\/v2\/posts"}],"about":[{"href":"https:\/\/www.hashtag.al\/index.php\/wp-json\/wp\/v2\/types\/post"}],"author":[{"embeddable":true,"href":"https:\/\/www.hashtag.al\/index.php\/wp-json\/wp\/v2\/users\/51"}],"replies":[{"embeddable":true,"href":"https:\/\/www.hashtag.al\/index.php\/wp-json\/wp\/v2\/comments?post=645912"}],"version-history":[{"count":0,"href":"https:\/\/www.hashtag.al\/index.php\/wp-json\/wp\/v2\/posts\/645912\/revisions"}],"wp:featuredmedia":[{"embeddable":true,"href":"https:\/\/www.hashtag.al\/index.php\/wp-json\/wp\/v2\/media\/632820"}],"wp:attachment":[{"href":"https:\/\/www.hashtag.al\/index.php\/wp-json\/wp\/v2\/media?parent=645912"}],"wp:term":[{"taxonomy":"category","embeddable":true,"href":"https:\/\/www.hashtag.al\/index.php\/wp-json\/wp\/v2\/categories?post=645912"},{"taxonomy":"post_tag","embeddable":true,"href":"https:\/\/www.hashtag.al\/index.php\/wp-json\/wp\/v2\/tags?post=645912"}],"curies":[{"name":"wp","href":"https:\/\/api.w.org\/{rel}","templated":true}]}}