{"id":645827,"date":"2024-01-11T20:22:37","date_gmt":"2024-01-11T19:22:37","guid":{"rendered":"https:\/\/www.hashtag.al\/?p=645827"},"modified":"2024-01-11T20:22:37","modified_gmt":"2024-01-11T19:22:37","slug":"berisha-nga-dritarja-beteja-qe-niset-po-zgjon-luanet-e-fjetur-ne-zemrat-e-opozitareve","status":"publish","type":"post","link":"https:\/\/www.hashtag.al\/index.php\/2024\/01\/11\/berisha-nga-dritarja-beteja-qe-niset-po-zgjon-luanet-e-fjetur-ne-zemrat-e-opozitareve\/","title":{"rendered":"Berisha nga dritarja: Beteja q\u00eb nis\u00ebt po zgjon luan\u00ebt e fjetur n\u00eb zemrat e opozitar\u00ebve","gt_translate_keys":[{"key":"rendered","format":"text"}]},"content":{"rendered":"<p><img loading=\"lazy\" decoding=\"async\" class=\"aligncenter size-full wp-image-645828\" src=\"https:\/\/www.hashtag.al\/wp-content\/uploads\/2024\/01\/berisha-1.png\" alt=\"\" width=\"1206\" height=\"502\" srcset=\"https:\/\/www.hashtag.al\/wp-content\/uploads\/2024\/01\/berisha-1.png 1206w, https:\/\/www.hashtag.al\/wp-content\/uploads\/2024\/01\/berisha-1-300x125.png 300w, https:\/\/www.hashtag.al\/wp-content\/uploads\/2024\/01\/berisha-1-1024x426.png 1024w, https:\/\/www.hashtag.al\/wp-content\/uploads\/2024\/01\/berisha-1-768x320.png 768w\" sizes=\"auto, (max-width: 1206px) 100vw, 1206px\" \/><\/p>\n<p><span style=\"color: #000000;\">Kreu i Rithemelimit t\u00eb PD-s\u00eb Sali Berisha p\u00ebrs\u00ebriti ritualin e p\u00ebrnatsh\u00ebm t\u00eb daljes n\u00eb dritare e p\u00ebrsh\u00ebndetjes s\u00eb mb\u00eb\u00ebshtet\u00ebsve q\u00eb e prisnin posht\u00eb. <\/span><\/p>\n<p><span style=\"color: #000000;\">Ish-kryeministri n\u00eb arrest sht\u00ebpie iu drejtua atyre duke i motivuar e duke u th\u00ebn\u00eb se ata po ngren\u00eb z\u00ebri kund\u00ebr diktatur\u00ebs e pushtimit shkat\u00ebrrimtar. Berisha u tha mb\u00ebshtet\u00ebsve se beteja q\u00eb kan\u00eb nisur po zgjon \u00e7do dit\u00ebem\u00eb shum\u00eb luan\u00ebt e fjetur n\u00eb zemrat e opozitar\u00ebve.<\/span><\/p>\n<p><span style=\"color: #000000;\"><em>\u201c\u00c7do nat\u00eb ju mblidheni k\u00ebtu dhe ngrini z\u00ebrin tuaj t\u00eb fuqish\u00ebm kund\u00ebr k\u00ebsaj diktature, kund\u00ebr k\u00ebtij pushtimi shkat\u00ebrrimtar q\u00eb \u00ebsht\u00eb vendosur n\u00eb Shqip\u00ebri, por ju garantoj se jeni sot simboli m\u00eb i ndritur i shpres\u00ebs p\u00ebr shqiptar\u00ebt. Jeni sot simboli q\u00eb rrezaton n\u00eb kat\u00ebr an\u00ebt e fundit shpres\u00eb, jeni drita q\u00eb ndri\u00e7on rrug\u00ebn e mendjes p\u00ebr \u00e7do shqiptar. P\u00ebrpjekja juaj, beteja q\u00eb ju nis\u00ebt, zgjon \u00e7do dit\u00eb e m\u00eb shum\u00eb luan\u00ebt e fjetur n\u00eb zemrat e opozitar\u00ebve. Drita q\u00eb ju l\u00ebshoni, era e shpres\u00ebs dhe ndryshimit tmerron \u00e7do dit\u00eb, struk \u00e7do dit\u00eb Edi Ram\u00ebn, aleanc\u00ebn e krimit dhe nxjerr para shqiptar\u00ebve t\u00eb gjith\u00eb sh\u00ebmtin\u00eb e tij. Lincoln ka th\u00ebn\u00eb nj\u00ebher\u00eb \u201cnj\u00eb njeri mund t\u00eb jet\u00eb shumica\u201d, ndaj ju garantoj se ju so k\u00ebtu jeni shumica. Ju jeni shumica sepse guximi juaj jep guxim mbar\u00eb qytetar\u00ebve, sepse shpresa q\u00eb mbillni \u00ebsht\u00eb jetike p\u00ebr shumic\u00ebn e shqiptar\u00ebve, ju jeni shumica, sepse shumica nuk do kurr\u00eb k\u00ebt\u00eb pushtim. Ju jeni shumica sepse, duhet n\u00eb shesh t\u2019u dilet p\u00ebr zot t\u00eb drejt\u00ebve t\u00eb shqiptar\u00ebve, p\u00ebr t\u00eb treguar se Shqip\u00ebria nuk do t\u00eb jet\u00eb kurr\u00eb pa opozit\u00eb.\u201d<\/em> &#8211; tha Berisha mbr\u00ebmjen e sotme.<\/span><\/p>\n<p><span style=\"color: #000000;\">Ish-kryeministri ndodhet n\u00eb arrest sht\u00ebpie q\u00eb prej 30 dhjetorit 2023 pasi po hetohet p\u00ebr \u00e7\u00ebshtjen e privatizimit t\u00eb ish-terreneve t\u00eb klubit Partizani n\u00eb Tiran\u00eb. <\/span><\/p>\n<p><span style=\"color: #000000;\">N\u00eb arrest sht\u00ebpie \u00ebsht\u00eb gjithashtu edhe dh\u00ebndri i tij Jamarb\u00ebr Malltezi. Berisha u la n\u00eb arrest sht\u00ebpie pasi nuk u paraqit n\u00eb asnj\u00eb nga seancat kur u thirr nga gjykata. <\/span><\/p>\n<p><span style=\"color: #000000;\">Deri t\u00eb arresti i tij ka pasur nj\u00eb betej\u00eb ligjore mes SPAK-ut e Gjykat\u00ebs s\u00eb Posa\u00e7me dhe avokat\u00ebve t\u00eb Berish\u00ebs, t\u00eb cil\u00ebt i kan\u00eb akuzuar institucionet e drejt\u00ebsis\u00eb p\u00ebr shkelje ligji, Kushtetute e fshehje t\u00eb provave.<\/span><\/p>\n","protected":false,"gt_translate_keys":[{"key":"rendered","format":"html"}]},"excerpt":{"rendered":"<p>Kreu i Rithemelimit t\u00eb PD-s\u00eb Sali Berisha p\u00ebrs\u00ebriti ritualin e p\u00ebrnatsh\u00ebm t\u00eb daljes n\u00eb dritare e p\u00ebrsh\u00ebndetjes s\u00eb mb\u00eb\u00ebshtet\u00ebsve q\u00eb e prisnin posht\u00eb. Ish-kryeministri n\u00eb arrest sht\u00ebpie iu drejtua atyre duke i motivuar e duke u th\u00ebn\u00eb se ata po ngren\u00eb z\u00ebri kund\u00ebr diktatur\u00ebs e pushtimit shkat\u00ebrrimtar. Berisha u tha mb\u00ebshtet\u00ebsve se beteja q\u00eb kan\u00eb [&hellip;]<\/p>\n","protected":false,"gt_translate_keys":[{"key":"rendered","format":"html"}]},"author":51,"featured_media":645828,"comment_status":"closed","ping_status":"open","sticky":false,"template":"","format":"standard","meta":{"footnotes":""},"categories":[65],"tags":[],"class_list":["post-645827","post","type-post","status-publish","format-standard","has-post-thumbnail","hentry","category-lajme"],"gt_translate_keys":[{"key":"link","format":"url"}],"_links":{"self":[{"href":"https:\/\/www.hashtag.al\/index.php\/wp-json\/wp\/v2\/posts\/645827","targetHints":{"allow":["GET"]}}],"collection":[{"href":"https:\/\/www.hashtag.al\/index.php\/wp-json\/wp\/v2\/posts"}],"about":[{"href":"https:\/\/www.hashtag.al\/index.php\/wp-json\/wp\/v2\/types\/post"}],"author":[{"embeddable":true,"href":"https:\/\/www.hashtag.al\/index.php\/wp-json\/wp\/v2\/users\/51"}],"replies":[{"embeddable":true,"href":"https:\/\/www.hashtag.al\/index.php\/wp-json\/wp\/v2\/comments?post=645827"}],"version-history":[{"count":0,"href":"https:\/\/www.hashtag.al\/index.php\/wp-json\/wp\/v2\/posts\/645827\/revisions"}],"wp:featuredmedia":[{"embeddable":true,"href":"https:\/\/www.hashtag.al\/index.php\/wp-json\/wp\/v2\/media\/645828"}],"wp:attachment":[{"href":"https:\/\/www.hashtag.al\/index.php\/wp-json\/wp\/v2\/media?parent=645827"}],"wp:term":[{"taxonomy":"category","embeddable":true,"href":"https:\/\/www.hashtag.al\/index.php\/wp-json\/wp\/v2\/categories?post=645827"},{"taxonomy":"post_tag","embeddable":true,"href":"https:\/\/www.hashtag.al\/index.php\/wp-json\/wp\/v2\/tags?post=645827"}],"curies":[{"name":"wp","href":"https:\/\/api.w.org\/{rel}","templated":true}]}}