{"id":645817,"date":"2024-01-11T20:09:15","date_gmt":"2024-01-11T19:09:15","guid":{"rendered":"https:\/\/www.hashtag.al\/?p=645817"},"modified":"2024-01-11T20:11:23","modified_gmt":"2024-01-11T19:11:23","slug":"konferenca-e-bashes-nxit-polemika-replikat-ne-distance-me-bardhin","status":"publish","type":"post","link":"https:\/\/www.hashtag.al\/index.php\/2024\/01\/11\/konferenca-e-bashes-nxit-polemika-replikat-ne-distance-me-bardhin\/","title":{"rendered":"Konferenca e Bash\u00ebs nxit p\u00ebrplasje, replikat n\u00eb distanc\u00eb me Bardhin","gt_translate_keys":[{"key":"rendered","format":"text"}]},"content":{"rendered":"<p style=\"text-align: left;\"><span style=\"color: #000000;\"><img loading=\"lazy\" decoding=\"async\" class=\"size-full wp-image-645818 aligncenter\" src=\"https:\/\/www.hashtag.al\/wp-content\/uploads\/2024\/01\/Screenshot-2024-01-11-194408.png\" alt=\"\" width=\"1119\" height=\"492\" srcset=\"https:\/\/www.hashtag.al\/wp-content\/uploads\/2024\/01\/Screenshot-2024-01-11-194408.png 1119w, https:\/\/www.hashtag.al\/wp-content\/uploads\/2024\/01\/Screenshot-2024-01-11-194408-300x132.png 300w, https:\/\/www.hashtag.al\/wp-content\/uploads\/2024\/01\/Screenshot-2024-01-11-194408-1024x450.png 1024w, https:\/\/www.hashtag.al\/wp-content\/uploads\/2024\/01\/Screenshot-2024-01-11-194408-768x338.png 768w\" sizes=\"auto, (max-width: 1119px) 100vw, 1119px\" \/><\/span><\/p>\n<p style=\"text-align: left;\"><span style=\"color: #000000;\">Kryetari i Partis\u00eb Demokratike zyrtare Lulzim Basha ka zhvilluar dit\u00ebn e sotme nj\u00eb konferenc\u00eb me gazetar\u00ebt, ku foli p\u00ebr zhvillimet dhe synimet e partis\u00eb p\u00ebr vitin 2024.<\/span><\/p>\n<p style=\"text-align: left;\"><span style=\"color: #000000;\">Gjat\u00eb saj ai u pyet lidhur me rikthimin e tij n\u00eb daljet publike vet\u00ebm pas arrestimit t\u00eb ish-kryeministrit Sali Berisha.<\/span><\/p>\n<p style=\"text-align: left;\"><span style=\"color: #000000;\">Sipas fjal\u00ebs s\u00eb tij n\u00eb k\u00ebt\u00eb periudh\u00eb demokrat\u00ebt ishin n\u00eb nj\u00eb telenovel\u00eb ku aktor, regjisor dhe teleshikues ishin vet\u00eb politikan\u00ebt e opozit\u00ebs, nd\u00ebrsa theksoi se grupimi i tij nuk ishte pjes\u00eb e k\u00ebsaj t\u00eb fundit.<\/span><\/p>\n<p style=\"text-align: left;\"><span style=\"color: #000000;\">N\u00eb lidhje me k\u00ebto deklarata kreu i grupit parlamentar t\u00eb PD-s\u00eb, Gazment Bardhi pati nj\u00eb reagim. Bardhi e cil\u00ebsoi Bash\u00ebn si personin i cili e mbyti opozit\u00ebn dhe e kaloi nga d\u00ebshtimi n\u00eb d\u00ebshtim. <\/span><\/p>\n<p style=\"text-align: left;\"><span style=\"color: #000000;\">N\u00eb nj\u00eb reagim n\u00eb rrjetet sociale, Bardhi thekson se Basha e la p\u00ebr 12 vjet Partin\u00eb Demokratike n\u00eb opozit\u00ebs dhe se sot shpalli t\u00eb vdekur 60 mij\u00eb an\u00ebtar\u00eb t\u00eb partis\u00eb. <\/span><\/p>\n<p style=\"text-align: left;\"><span style=\"color: #000000;\">Gjithashtu Bardhi theksoi se koha e zgjimit t\u00eb opozit\u00ebs me telekomandim ka marr\u00eb fund prej koh\u00ebsh.<\/span><\/p>\n<p style=\"text-align: left;\"><span style=\"color: #000000;\"><strong>Reagimi i plot\u00eb i Gazment Bardhit:<\/strong><\/span><\/p>\n<p style=\"text-align: left;\"><span style=\"color: #000000;\"><em> \u201cT\u00eb t\u00eb b\u00ebj\u00eb manual sesi b\u00ebhet opozita p\u00ebrgjegj\u00ebsi ky\u00e7 q\u00eb e la partin\u00eb 12 vjet n\u00eb opozit\u00eb, q\u00eb shpalli sot t\u00eb vdekur 60 mij\u00eb an\u00ebtar\u00eb t\u00eb partis\u00eb vet\u00ebm se shprehin kund\u00ebrshtin\u00eb p\u00ebr t\u00eb kaluar nga d\u00ebshtimi n\u00eb d\u00ebshtim, deputeti opozitar q\u00eb ka nga 21 Mars 2022 q\u00eb nuk vjen n\u00eb Kuvend, q\u00eb ska b\u00ebr\u00eb asnj\u00eb kall\u00ebzim n\u00eb prokurori kund\u00ebr Qeveris\u00eb dhe asnj\u00eb denoncim ndaj Qeveris\u00eb, q\u00eb ka 5 muaj q\u00eb vjen v\u00ebrdall si memec pa th\u00ebn\u00eb asgj\u00eb mbi realitetin politik, edhe pse vendi po rr\u00ebshket n\u00eb autoritariz\u00ebm, \u00ebsht\u00eb p\u00ebr t\u00eb qeshur dhe p\u00ebr t\u00eb qar\u00eb nj\u00ebkoh\u00ebsisht.<\/em><\/span><\/p>\n<p style=\"text-align: left;\"><span style=\"color: #000000;\"><em>Koha e zgjimit t\u00eb opozit\u00ebs me telekomandim ka marr\u00eb fund prej koh\u00ebsh. Opozita \u00ebsht\u00eb n\u00eb betej\u00eb me regjimin e Edi Ram\u00ebs dhe beteja \u00ebsht\u00eb e vetmja form\u00eb e p\u00ebrballjes me nj\u00eb regjim. Leksionet boshe mbi opozit\u00ebn kemi 12 vjet q\u00eb i d\u00ebgjojm\u00eb dhe realiteti kur zgjohesh nga \u00ebndrra e gjumit t\u00eb thell\u00eb \u00ebsht\u00eb q\u00eb Rama vazhdon t\u00eb jet\u00eb Kryeminist\u00ebr! Shqip\u00ebria ka nevoj\u00eb p\u00ebr ndryshim dhe kjo mund t\u00eb arrihet vet\u00ebm duke qen\u00eb m\u00eb s\u00eb pari t\u00eb v\u00ebrtet\u00eb\u201d.<\/em><\/span><\/p>\n<p style=\"text-align: left;\"><span style=\"color: #000000;\">Nd\u00ebrkoh\u00eb nj\u00eb kund\u00ebrp\u00ebrgjigje t\u00eb shpejt\u00eb i ka kthyer edhe kryetari i PD-s\u00eb zyrtare, ku \u00ebsht\u00eb shprehur se reagimi i Bardhit \u00ebsht\u00eb pjes\u00eb e loj\u00ebs q\u00eb e mban konfliktin brenda PD dhe opozit\u00ebs, nd\u00ebrsa theksoi se nuk do t\u00eb b\u00ebhet pjes\u00eb e k\u00ebsaj t\u00eb fundit.<\/span><\/p>\n<p style=\"text-align: left;\"><span style=\"color: #000000;\">Ai u shpreh se q\u00ebndrime t\u00eb tilla i p\u00eblqejn\u00eb kryeministrit Rama, nd\u00ebrsa u shpreh se uron q\u00eb gjuha e urrejtjes n\u00eb politik\u00eb t\u00eb p\u00ebrfundoj\u00eb.<\/span><\/p>\n<p style=\"text-align: left;\"><span style=\"color: #000000;\"><em><strong>Reagimi i plot\u00eb i Bash\u00ebs<\/strong><\/em><\/span><\/p>\n<p style=\"text-align: left;\"><span style=\"color: #000000;\"><em>\u201cKjo \u00ebsht\u00eb ilustrim i asaj q\u00eb thash\u00eb se nuk do ndodh\u00eb m\u00eb.\u00a0 Nuk do b\u00ebhemi pjes\u00eb e nj\u00eb loje q\u00eb e mban konfliktin brenda PD ose opozit\u00ebs.<\/em><\/span><\/p>\n<p style=\"text-align: left;\"><span style=\"color: #000000;\"><em>Kjo \u00ebsht\u00eb loja e Edi Ram\u00ebs, jan\u00eb apo jo t\u00eb vet\u00ebdijsh\u00ebm. Q\u00ebndrime t\u00eb tilla i dashuron kryeministri i suksesit global q\u00eb ka gjysm\u00ebn e kabintetit n\u00eb burg.<\/em><\/span><\/p>\n<p style=\"text-align: left;\"><span style=\"color: #000000;\"><em>Un\u00eb do t\u00eb d\u00ebshiroja q\u00eb kjo gjuh\u00eb t\u00eb merrte fund.<\/em><em><br \/>\nDo ia uroja t\u00eb parit k\u00ebt\u00eb arkitektit q\u00eb kur ia drejtonte kund\u00ebrshtarit na p\u00eblqente shum\u00eb, por kur na e drejtoi ne e pam\u00eb sa e gabuar ishte, e jo m\u00eb t\u00eb tjer\u00ebve q\u00eb p\u00ebrpiqen m\u00eb kot t\u2019i ngjajn\u00eb atij.<\/em><\/span><\/p>\n<p style=\"text-align: left;\"><span style=\"color: #000000;\"><em>Thirrja ime \u00ebsht\u00eb ndaj \u00e7dokujt, t\u00eb heqin dor\u00eb nga kjo gjuh\u00eb e vjet\u00ebr. Nuk e meritojn\u00eb opozitar\u00ebt dhe shqiptar\u00ebt\u201d,<\/em>\u00a0u shpreh ai.<\/span><\/p>\n","protected":false,"gt_translate_keys":[{"key":"rendered","format":"html"}]},"excerpt":{"rendered":"<p>Kryetari i Partis\u00eb Demokratike zyrtare Lulzim Basha ka zhvilluar dit\u00ebn e sotme nj\u00eb konferenc\u00eb me gazetar\u00ebt, ku foli p\u00ebr zhvillimet dhe synimet e partis\u00eb p\u00ebr vitin 2024. Gjat\u00eb saj ai u pyet lidhur me rikthimin e tij n\u00eb daljet publike vet\u00ebm pas arrestimit t\u00eb ish-kryeministrit Sali Berisha. Sipas fjal\u00ebs s\u00eb tij n\u00eb k\u00ebt\u00eb periudh\u00eb demokrat\u00ebt [&hellip;]<\/p>\n","protected":false,"gt_translate_keys":[{"key":"rendered","format":"html"}]},"author":4,"featured_media":645818,"comment_status":"closed","ping_status":"open","sticky":false,"template":"","format":"standard","meta":{"footnotes":""},"categories":[22],"tags":[],"class_list":["post-645817","post","type-post","status-publish","format-standard","has-post-thumbnail","hentry","category-ballina"],"gt_translate_keys":[{"key":"link","format":"url"}],"_links":{"self":[{"href":"https:\/\/www.hashtag.al\/index.php\/wp-json\/wp\/v2\/posts\/645817","targetHints":{"allow":["GET"]}}],"collection":[{"href":"https:\/\/www.hashtag.al\/index.php\/wp-json\/wp\/v2\/posts"}],"about":[{"href":"https:\/\/www.hashtag.al\/index.php\/wp-json\/wp\/v2\/types\/post"}],"author":[{"embeddable":true,"href":"https:\/\/www.hashtag.al\/index.php\/wp-json\/wp\/v2\/users\/4"}],"replies":[{"embeddable":true,"href":"https:\/\/www.hashtag.al\/index.php\/wp-json\/wp\/v2\/comments?post=645817"}],"version-history":[{"count":0,"href":"https:\/\/www.hashtag.al\/index.php\/wp-json\/wp\/v2\/posts\/645817\/revisions"}],"wp:featuredmedia":[{"embeddable":true,"href":"https:\/\/www.hashtag.al\/index.php\/wp-json\/wp\/v2\/media\/645818"}],"wp:attachment":[{"href":"https:\/\/www.hashtag.al\/index.php\/wp-json\/wp\/v2\/media?parent=645817"}],"wp:term":[{"taxonomy":"category","embeddable":true,"href":"https:\/\/www.hashtag.al\/index.php\/wp-json\/wp\/v2\/categories?post=645817"},{"taxonomy":"post_tag","embeddable":true,"href":"https:\/\/www.hashtag.al\/index.php\/wp-json\/wp\/v2\/tags?post=645817"}],"curies":[{"name":"wp","href":"https:\/\/api.w.org\/{rel}","templated":true}]}}