{"id":645610,"date":"2024-01-10T23:25:50","date_gmt":"2024-01-10T22:25:50","guid":{"rendered":"https:\/\/www.hashtag.al\/?p=645610"},"modified":"2024-01-10T23:25:50","modified_gmt":"2024-01-10T22:25:50","slug":"netanyahu-qellimi-i-luftes-ne-gaza-nuk-eshte-zhvendosja-e-palestinezeve","status":"publish","type":"post","link":"https:\/\/www.hashtag.al\/index.php\/2024\/01\/10\/netanyahu-qellimi-i-luftes-ne-gaza-nuk-eshte-zhvendosja-e-palestinezeve\/","title":{"rendered":"Netanyahu: Q\u00ebllimi i luft\u00ebs n\u00eb Gaza nuk \u00ebsht\u00eb zhvendosja e palestinez\u00ebve","gt_translate_keys":[{"key":"rendered","format":"text"}]},"content":{"rendered":"<p><a style=\"color: #000000;\" href=\"https:\/\/www.hashtag.al\/wp-content\/uploads\/2023\/10\/2b186c81-13a5-40d6-ac35-1c33f257cf07-1.jpg\"><img loading=\"lazy\" decoding=\"async\" class=\"size-full wp-image-625509\" src=\"https:\/\/www.hashtag.al\/wp-content\/uploads\/2023\/10\/2b186c81-13a5-40d6-ac35-1c33f257cf07-1.jpg\" alt=\"\" width=\"2000\" height=\"1331\" srcset=\"https:\/\/www.hashtag.al\/wp-content\/uploads\/2023\/10\/2b186c81-13a5-40d6-ac35-1c33f257cf07-1.jpg 2000w, https:\/\/www.hashtag.al\/wp-content\/uploads\/2023\/10\/2b186c81-13a5-40d6-ac35-1c33f257cf07-1-300x200.jpg 300w, https:\/\/www.hashtag.al\/wp-content\/uploads\/2023\/10\/2b186c81-13a5-40d6-ac35-1c33f257cf07-1-1024x681.jpg 1024w, https:\/\/www.hashtag.al\/wp-content\/uploads\/2023\/10\/2b186c81-13a5-40d6-ac35-1c33f257cf07-1-768x511.jpg 768w, https:\/\/www.hashtag.al\/wp-content\/uploads\/2023\/10\/2b186c81-13a5-40d6-ac35-1c33f257cf07-1-1536x1022.jpg 1536w\" sizes=\"auto, (max-width: 2000px) 100vw, 2000px\" \/><\/a><\/p>\n<p><span style=\"color: #000000;\">Kryeministri izraelit, Benjamin Netanyahu, ka th\u00ebn\u00eb se q\u00ebllimi i luft\u00ebs n\u00eb Gaza nuk \u00ebsht\u00eb zhvendosja e palestinez\u00ebve.<\/span><\/p>\n<p><span style=\"color: #000000;\">\u201cDua t\u00eb b\u00ebj disa pika absolutisht t\u00eb qarta: Izraeli nuk ka nd\u00ebrmend t\u00eb pushtoj\u00eb p\u00ebrgjithmon\u00eb Gaz\u00ebn ose t\u00eb zhvendos\u00eb popullsin\u00eb civile\u201d, ka th\u00ebn\u00eb kryeministri izraelit n\u00eb nj\u00eb postim n\u00eb X.<\/span><\/p>\n<p><span style=\"color: #000000;\">Kjo deklarat\u00eb bie ndesh me thirrjet e ministrave t\u00eb rangut t\u00eb lart\u00eb t\u00eb qeveris\u00eb izraelite, ve\u00e7an\u00ebrisht nga ministri i financave t\u00eb ekstremit t\u00eb djatht\u00eb, Bezalel Smotrich.<\/span><\/p>\n","protected":false,"gt_translate_keys":[{"key":"rendered","format":"html"}]},"excerpt":{"rendered":"<p>Kryeministri izraelit, Benjamin Netanyahu, ka th\u00ebn\u00eb se q\u00ebllimi i luft\u00ebs n\u00eb Gaza nuk \u00ebsht\u00eb zhvendosja e palestinez\u00ebve. \u201cDua t\u00eb b\u00ebj disa pika absolutisht t\u00eb qarta: Izraeli nuk ka nd\u00ebrmend t\u00eb pushtoj\u00eb p\u00ebrgjithmon\u00eb Gaz\u00ebn ose t\u00eb zhvendos\u00eb popullsin\u00eb civile\u201d, ka th\u00ebn\u00eb kryeministri izraelit n\u00eb nj\u00eb postim n\u00eb X. Kjo deklarat\u00eb bie ndesh me thirrjet e ministrave [&hellip;]<\/p>\n","protected":false,"gt_translate_keys":[{"key":"rendered","format":"html"}]},"author":32,"featured_media":625509,"comment_status":"closed","ping_status":"open","sticky":false,"template":"","format":"standard","meta":{"footnotes":""},"categories":[6,13],"tags":[],"class_list":["post-645610","post","type-post","status-publish","format-standard","has-post-thumbnail","hentry","category-nderkombetare","category-te-fundit"],"gt_translate_keys":[{"key":"link","format":"url"}],"_links":{"self":[{"href":"https:\/\/www.hashtag.al\/index.php\/wp-json\/wp\/v2\/posts\/645610","targetHints":{"allow":["GET"]}}],"collection":[{"href":"https:\/\/www.hashtag.al\/index.php\/wp-json\/wp\/v2\/posts"}],"about":[{"href":"https:\/\/www.hashtag.al\/index.php\/wp-json\/wp\/v2\/types\/post"}],"author":[{"embeddable":true,"href":"https:\/\/www.hashtag.al\/index.php\/wp-json\/wp\/v2\/users\/32"}],"replies":[{"embeddable":true,"href":"https:\/\/www.hashtag.al\/index.php\/wp-json\/wp\/v2\/comments?post=645610"}],"version-history":[{"count":0,"href":"https:\/\/www.hashtag.al\/index.php\/wp-json\/wp\/v2\/posts\/645610\/revisions"}],"wp:featuredmedia":[{"embeddable":true,"href":"https:\/\/www.hashtag.al\/index.php\/wp-json\/wp\/v2\/media\/625509"}],"wp:attachment":[{"href":"https:\/\/www.hashtag.al\/index.php\/wp-json\/wp\/v2\/media?parent=645610"}],"wp:term":[{"taxonomy":"category","embeddable":true,"href":"https:\/\/www.hashtag.al\/index.php\/wp-json\/wp\/v2\/categories?post=645610"},{"taxonomy":"post_tag","embeddable":true,"href":"https:\/\/www.hashtag.al\/index.php\/wp-json\/wp\/v2\/tags?post=645610"}],"curies":[{"name":"wp","href":"https:\/\/api.w.org\/{rel}","templated":true}]}}