{"id":645562,"date":"2024-01-10T20:09:49","date_gmt":"2024-01-10T19:09:49","guid":{"rendered":"https:\/\/www.hashtag.al\/?p=645562"},"modified":"2024-01-10T20:11:37","modified_gmt":"2024-01-10T19:11:37","slug":"kush-eshte-bosi-i-droges-fito-dhe-si-e-drejtonte-kartelin-nga-bunkeri-privat","status":"publish","type":"post","link":"https:\/\/www.hashtag.al\/index.php\/2024\/01\/10\/kush-eshte-bosi-i-droges-fito-dhe-si-e-drejtonte-kartelin-nga-bunkeri-privat\/","title":{"rendered":"Kush \u00ebsht\u00eb bosi i drog\u00ebs \u201cFito\u201d dhe si e drejtonte kartelin nga \u201cbunkeri privat\u201d n\u00eb Ekuador","gt_translate_keys":[{"key":"rendered","format":"text"}]},"content":{"rendered":"<p style=\"text-align: left;\"><span style=\"color: #000000;\"><img loading=\"lazy\" decoding=\"async\" class=\"size-full wp-image-645565 aligncenter\" src=\"https:\/\/www.hashtag.al\/wp-content\/uploads\/2024\/01\/6yiuuyi-600x326-1.jpg\" alt=\"\" width=\"600\" height=\"326\" srcset=\"https:\/\/www.hashtag.al\/wp-content\/uploads\/2024\/01\/6yiuuyi-600x326-1.jpg 600w, https:\/\/www.hashtag.al\/wp-content\/uploads\/2024\/01\/6yiuuyi-600x326-1-300x163.jpg 300w\" sizes=\"auto, (max-width: 600px) 100vw, 600px\" \/><\/span><\/p>\n<p style=\"text-align: left;\"><span style=\"color: #000000;\">Jos\u00e9 Adolfo Mac\u00edas, i njohur gjer\u00ebsisht si \u2018Fito\u2019 \u00ebsht\u00eb personi q\u00eb e zhyti Ekuadorin n\u00eb nj\u00eb kriz\u00eb komb\u00ebtare duke u arratisur t\u00eb diel\u00ebn nga burgu. Sipas mediave britanike ai \u00ebsht\u00eb kreu i nj\u00eb prej grupeve t\u00eb drog\u00ebs m\u00eb fam\u00ebkeq n\u00eb Amerik\u00ebn Latine, t\u00eb cilin e ka drejtuar nga pas hekurave.<\/span><\/p>\n<p style=\"text-align: left;\"><span style=\"color: #000000;\">44-vje\u00e7ari \u00ebsht\u00eb lideri i kartelit Los Choneros i cili deri n\u00eb vitet e fundit ishte pa dyshim banda m\u00eb e madhe dhe m\u00eb e frikshme e Ekuadorit, e akuzuar p\u00ebr vrasje dhe trafik droge.<\/span><\/p>\n<p style=\"text-align: left;\"><span style=\"color: #000000;\">Pavar\u00ebsisht se ishte n\u00eb burg q\u00eb nga viti 2011, 44-vje\u00e7ari mori drejtimin e kartelit n\u00eb vitin 2020 dhe q\u00eb at\u00ebher\u00eb ka koordinuar aktivitetet e tij nga brenda \u201cbunkerit t\u00eb tij privat\u201d.<\/span><\/p>\n<p style=\"text-align: left;\"><span style=\"color: #000000;\">Kjo ndodhi deri t\u00eb diel\u00ebn kur u zbulua se ishte arratisur. Zhdukja e tij b\u00ebri q\u00eb presidenti ekuadorian Daniel Noboa t\u00eb shpallte gjendjen e jasht\u00ebzakonshme dhe shtetrrethimin, nd\u00ebrsa autoritetet nis\u00ebn gjuetin\u00eb p\u00ebr kriminelin.<\/span><\/p>\n<p style=\"text-align: left;\"><span style=\"color: #000000;\">Sakaq, kriminel\u00eb t\u00eb shumt\u00eb ekuadorian\u00eb l\u00ebshuan nj\u00eb val\u00eb dhune hakmarr\u00ebse n\u00eb t\u00eb gjith\u00eb vendin duke sulmuar nj\u00eb stacion televiziv, ekzekutuar polici\u00eb dhe roje burgu dhe k\u00ebrc\u00ebnuan se do t\u00eb ekzekutonin civil\u00ebt n\u00eb vend n\u00ebse i shihnin n\u00eb rrug\u00eb gjat\u00eb nat\u00ebs.<\/span><\/p>\n<p style=\"text-align: left;\"><span style=\"color: #000000;\"><img loading=\"lazy\" decoding=\"async\" class=\"size-full wp-image-645567 aligncenter\" src=\"https:\/\/www.hashtag.al\/wp-content\/uploads\/2024\/01\/Screenshot-2024-01-10-184244.png\" alt=\"\" width=\"878\" height=\"490\" srcset=\"https:\/\/www.hashtag.al\/wp-content\/uploads\/2024\/01\/Screenshot-2024-01-10-184244.png 878w, https:\/\/www.hashtag.al\/wp-content\/uploads\/2024\/01\/Screenshot-2024-01-10-184244-300x167.png 300w, https:\/\/www.hashtag.al\/wp-content\/uploads\/2024\/01\/Screenshot-2024-01-10-184244-768x429.png 768w\" sizes=\"auto, (max-width: 878px) 100vw, 878px\" \/><\/span><\/p>\n<p style=\"text-align: left;\"><span style=\"color: #000000;\">N\u00eb nj\u00eb p\u00ebrshkall\u00ebzim t\u00eb m\u00ebtejsh\u00ebm, Noboa urdh\u00ebroi operacione ushtarake p\u00ebr t\u00eb \u2018neutralizuar\u2019 bandat kriminale, pasi vendi shp\u00ebrtheu n\u00eb at\u00eb q\u00eb ai e quajti nj\u00eb \u2018konflikt t\u00eb armatosur t\u00eb brendsh\u00ebm\u2019.<\/span><\/p>\n<p style=\"text-align: left;\"><span style=\"color: #000000;\">P\u00ebr nj\u00eb koh\u00eb t\u00eb gjat\u00eb, nj\u00eb streh\u00eb paq\u00ebsore e vendosur midis eksportuesve kryesor\u00eb t\u00eb kokain\u00ebs, Kolumbis\u00eb dhe Perus\u00eb,\u00a0Ekuadori ka par\u00eb shp\u00ebrthimin e dhun\u00ebs n\u00eb vitet e fundit\u00a0nd\u00ebrsa bandat rivale me lidhje me kartelet meksikane dhe kolumbiane luftojn\u00eb p\u00ebr kontroll.<\/span><\/p>\n<p style=\"text-align: left;\"><span style=\"color: #000000;\">Autoritetet ekuadoriane ia atribuojn\u00eb dhun\u00ebn e paprecedent\u00eb nj\u00eb vakumi pushteti t\u00eb shkaktuar nga vrasja n\u00eb dhjetor 2020 e Jorge Zambrano, alias &#8216;Rasqui\u00f1a&#8217; ose &#8216;JL&#8217;, udh\u00ebheq\u00ebsi i m\u00ebparsh\u00ebm i kartelit Los Choneros para Fitos.<\/span><\/p>\n<p style=\"text-align: left;\"><span style=\"color: #000000;\">Q\u00eb at\u00ebher\u00eb, Los Choneros tani i udh\u00ebhequr nga Fito dhe grupet e shk\u00ebputura Los Lobos dhe Los Tiguerones kan\u00eb luftuar mbi territorin dhe kontrollin, duke p\u00ebrfshir\u00eb brenda objekteve t\u00eb burgut, ku t\u00eb pakt\u00ebn 400 t\u00eb burgosur kan\u00eb vdekur q\u00eb nga viti 2021 n\u00eb trazira.<\/span><\/p>\n<p style=\"text-align: left;\"><span style=\"color: #000000;\"><img loading=\"lazy\" decoding=\"async\" class=\"size-full wp-image-645566 aligncenter\" src=\"https:\/\/www.hashtag.al\/wp-content\/uploads\/2024\/01\/Screenshot-2024-01-10-184227.png\" alt=\"\" width=\"1004\" height=\"515\" srcset=\"https:\/\/www.hashtag.al\/wp-content\/uploads\/2024\/01\/Screenshot-2024-01-10-184227.png 1004w, https:\/\/www.hashtag.al\/wp-content\/uploads\/2024\/01\/Screenshot-2024-01-10-184227-300x154.png 300w, https:\/\/www.hashtag.al\/wp-content\/uploads\/2024\/01\/Screenshot-2024-01-10-184227-768x394.png 768w, https:\/\/www.hashtag.al\/wp-content\/uploads\/2024\/01\/Screenshot-2024-01-10-184227-568x290.png 568w\" sizes=\"auto, (max-width: 1004px) 100vw, 1004px\" \/><\/span><\/p>\n<p style=\"text-align: left;\"><span style=\"color: #000000;\">Bandat kan\u00eb lidhje me kartelet nga Kolumbia dhe Meksika, duke p\u00ebrfshir\u00eb kartelet fam\u00ebkeqe Sinaloa dhe Jalisco New Generation, t\u00eb cil\u00ebt jan\u00eb gjithashtu n\u00eb luft\u00eb.<\/span><\/p>\n<p style=\"text-align: left;\"><span style=\"color: #000000;\">Los Choneros u formua n\u00eb vitin 2005 n\u00eb qytetin Manta, kur kishte vet\u00ebm tet\u00eb an\u00ebtar\u00eb t\u00eb mosh\u00ebs nga 18 deri n\u00eb 30 vje\u00e7.<\/span><\/p>\n<p style=\"text-align: left;\"><span style=\"color: #000000;\">Themeluesi dhe udh\u00ebheq\u00ebsi i par\u00eb i saj ishte nj\u00eb burr\u00eb i quajtur Jorge Bismark V\u00e9liz Espa\u00f1a, i njohur si Chonero ose Teniente Espa\u00f1a, q\u00eb thuhet se e kishte filluar si nj\u00eb tregtar droge.<\/span><\/p>\n","protected":false,"gt_translate_keys":[{"key":"rendered","format":"html"}]},"excerpt":{"rendered":"<p>Jos\u00e9 Adolfo Mac\u00edas, i njohur gjer\u00ebsisht si \u2018Fito\u2019 \u00ebsht\u00eb personi q\u00eb e zhyti Ekuadorin n\u00eb nj\u00eb kriz\u00eb komb\u00ebtare duke u arratisur t\u00eb diel\u00ebn nga burgu. Sipas mediave britanike ai \u00ebsht\u00eb kreu i nj\u00eb prej grupeve t\u00eb drog\u00ebs m\u00eb fam\u00ebkeq n\u00eb Amerik\u00ebn Latine, t\u00eb cilin e ka drejtuar nga pas hekurave. 44-vje\u00e7ari \u00ebsht\u00eb lideri i kartelit [&hellip;]<\/p>\n","protected":false,"gt_translate_keys":[{"key":"rendered","format":"html"}]},"author":4,"featured_media":645565,"comment_status":"closed","ping_status":"open","sticky":false,"template":"","format":"standard","meta":{"footnotes":""},"categories":[6],"tags":[],"class_list":["post-645562","post","type-post","status-publish","format-standard","has-post-thumbnail","hentry","category-nderkombetare"],"gt_translate_keys":[{"key":"link","format":"url"}],"_links":{"self":[{"href":"https:\/\/www.hashtag.al\/index.php\/wp-json\/wp\/v2\/posts\/645562","targetHints":{"allow":["GET"]}}],"collection":[{"href":"https:\/\/www.hashtag.al\/index.php\/wp-json\/wp\/v2\/posts"}],"about":[{"href":"https:\/\/www.hashtag.al\/index.php\/wp-json\/wp\/v2\/types\/post"}],"author":[{"embeddable":true,"href":"https:\/\/www.hashtag.al\/index.php\/wp-json\/wp\/v2\/users\/4"}],"replies":[{"embeddable":true,"href":"https:\/\/www.hashtag.al\/index.php\/wp-json\/wp\/v2\/comments?post=645562"}],"version-history":[{"count":0,"href":"https:\/\/www.hashtag.al\/index.php\/wp-json\/wp\/v2\/posts\/645562\/revisions"}],"wp:featuredmedia":[{"embeddable":true,"href":"https:\/\/www.hashtag.al\/index.php\/wp-json\/wp\/v2\/media\/645565"}],"wp:attachment":[{"href":"https:\/\/www.hashtag.al\/index.php\/wp-json\/wp\/v2\/media?parent=645562"}],"wp:term":[{"taxonomy":"category","embeddable":true,"href":"https:\/\/www.hashtag.al\/index.php\/wp-json\/wp\/v2\/categories?post=645562"},{"taxonomy":"post_tag","embeddable":true,"href":"https:\/\/www.hashtag.al\/index.php\/wp-json\/wp\/v2\/tags?post=645562"}],"curies":[{"name":"wp","href":"https:\/\/api.w.org\/{rel}","templated":true}]}}