{"id":645238,"date":"2024-01-09T14:22:31","date_gmt":"2024-01-09T13:22:31","guid":{"rendered":"https:\/\/www.hashtag.al\/?p=645238"},"modified":"2024-01-09T14:22:31","modified_gmt":"2024-01-09T13:22:31","slug":"prezantohen-simbolet-e-reja-cila-eshte-stema-dhe-toga-e-re-e-gjyqtareve-kushtetues","status":"publish","type":"post","link":"https:\/\/www.hashtag.al\/index.php\/2024\/01\/09\/prezantohen-simbolet-e-reja-cila-eshte-stema-dhe-toga-e-re-e-gjyqtareve-kushtetues\/","title":{"rendered":"Prezantohen simbolet e reja, cila \u00ebsht\u00eb stema dhe toga e re e Gjyqtar\u00ebve Kushtetues","gt_translate_keys":[{"key":"rendered","format":"text"}]},"content":{"rendered":"<p><img loading=\"lazy\" decoding=\"async\" class=\"size-full wp-image-645239 aligncenter\" src=\"https:\/\/www.hashtag.al\/wp-content\/uploads\/2024\/01\/1704805010_gjykatalogo.jpg\" alt=\"\" width=\"780\" height=\"440\" srcset=\"https:\/\/www.hashtag.al\/wp-content\/uploads\/2024\/01\/1704805010_gjykatalogo.jpg 780w, https:\/\/www.hashtag.al\/wp-content\/uploads\/2024\/01\/1704805010_gjykatalogo-300x169.jpg 300w, https:\/\/www.hashtag.al\/wp-content\/uploads\/2024\/01\/1704805010_gjykatalogo-768x433.jpg 768w\" sizes=\"auto, (max-width: 780px) 100vw, 780px\" \/><\/p>\n<p><span style=\"font-weight: 400; color: #000000;\">Gjykata Kushtetuese ka prezantuar simbolet e reja. N\u00eb mbledhjen e Gjyqtar\u00ebve u miratua p\u00ebrdorimi i stem\u00ebs dhe tog\u00ebs s\u00eb re t\u00eb gjyqtar\u00ebve kushtetues.<\/span><\/p>\n<p><span style=\"font-weight: 400; color: #000000;\">Stema q\u00eb do t\u00eb p\u00ebrdoret zyrtarisht nga Gjykata Kushtetuese p\u00ebrmban simbolin e shqiponj\u00ebs dykrenare me ngjyr\u00eb t\u00eb art\u00eb dhe t\u00eb kuqe. Mbi kokat e shqiponj\u00ebs \u00ebsht\u00eb vendosur p\u00ebrkrenarja e Heroit ton\u00eb Komb\u00ebtar Gjergj Kastriot Sk\u00ebnderbeut.\u00a0<\/span><\/p>\n<p><span style=\"font-weight: 400; color: #000000;\">N\u00eb zem\u00ebr t\u00eb shqiponj\u00ebs vendoset nj\u00eb medalje rrumbullake rreth e qark s\u00eb cil\u00ebs \u00ebsht\u00eb shkruar Republika e Shqip\u00ebris\u00eb, Gjykata Kushtetuese dhe n\u00ebn t\u00eb modelohen gjethe t\u00eb dushkut me ngjyr\u00eb jeshile, t\u00eb cilat simbolizojn\u00eb fuqi, drejt\u00ebsi dhe ndershm\u00ebri, n\u00eb qend\u00ebr t\u00eb s\u00eb cil\u00ebs ngrihet mbi nj\u00eb sfond blu peshorja e drejt\u00ebsis\u00eb. N\u00eb pjes\u00ebn mb\u00ebshtet\u00ebse t\u00eb peshores \u00ebsht\u00eb i gdhendur viti 1992.<\/span><\/p>\n<p><span style=\"font-weight: 400; color: #000000;\">Gjithashtu, e konceptuar n\u00ebn t\u00eb nj\u00ebjt\u00ebn frym\u00eb \u00ebsht\u00eb edhe toga e re e trup\u00ebs s\u00eb an\u00ebtar\u00ebve t\u00eb Gjykat\u00ebs Kushtetuese, e cila p\u00ebrmban elementet e Flamurit Komb\u00ebtar dhe nj\u00ebkoh\u00ebsisht reflekton funksionin e lart\u00eb kushtetues, institucional, intelektual dhe shoq\u00ebror t\u00eb gjyqtar\u00ebve kushtetues.<\/span><\/p>\n<p><em><strong><span style=\"color: #000000;\">Si ishte\u00a0<\/span><\/strong><\/em><\/p>\n<p><img loading=\"lazy\" decoding=\"async\" class=\"wp-image-645240 aligncenter\" src=\"https:\/\/www.hashtag.al\/wp-content\/uploads\/2024\/01\/659d43ad9a0afgjykata-kushtetuese-simboli-i-vjeter.jpg\" alt=\"\" width=\"858\" height=\"572\" srcset=\"https:\/\/www.hashtag.al\/wp-content\/uploads\/2024\/01\/659d43ad9a0afgjykata-kushtetuese-simboli-i-vjeter.jpg 1200w, https:\/\/www.hashtag.al\/wp-content\/uploads\/2024\/01\/659d43ad9a0afgjykata-kushtetuese-simboli-i-vjeter-300x200.jpg 300w, https:\/\/www.hashtag.al\/wp-content\/uploads\/2024\/01\/659d43ad9a0afgjykata-kushtetuese-simboli-i-vjeter-1024x683.jpg 1024w, https:\/\/www.hashtag.al\/wp-content\/uploads\/2024\/01\/659d43ad9a0afgjykata-kushtetuese-simboli-i-vjeter-768x512.jpg 768w\" sizes=\"auto, (max-width: 858px) 100vw, 858px\" \/><\/p>\n<p><em><strong><span style=\"color: #000000;\">Si u b\u00eb<\/span><\/strong><\/em><\/p>\n<p><img loading=\"lazy\" decoding=\"async\" class=\" wp-image-645241 aligncenter\" src=\"https:\/\/www.hashtag.al\/wp-content\/uploads\/2024\/01\/659d43a38ca8egjykata-kushttuese-simboli-i-ri.jpg\" alt=\"\" width=\"906\" height=\"605\" srcset=\"https:\/\/www.hashtag.al\/wp-content\/uploads\/2024\/01\/659d43a38ca8egjykata-kushttuese-simboli-i-ri.jpg 700w, https:\/\/www.hashtag.al\/wp-content\/uploads\/2024\/01\/659d43a38ca8egjykata-kushttuese-simboli-i-ri-300x200.jpg 300w\" sizes=\"auto, (max-width: 906px) 100vw, 906px\" \/><\/p>\n","protected":false,"gt_translate_keys":[{"key":"rendered","format":"html"}]},"excerpt":{"rendered":"<p>Gjykata Kushtetuese ka prezantuar simbolet e reja. N\u00eb mbledhjen e Gjyqtar\u00ebve u miratua p\u00ebrdorimi i stem\u00ebs dhe tog\u00ebs s\u00eb re t\u00eb gjyqtar\u00ebve kushtetues. Stema q\u00eb do t\u00eb p\u00ebrdoret zyrtarisht nga Gjykata Kushtetuese p\u00ebrmban simbolin e shqiponj\u00ebs dykrenare me ngjyr\u00eb t\u00eb art\u00eb dhe t\u00eb kuqe. Mbi kokat e shqiponj\u00ebs \u00ebsht\u00eb vendosur p\u00ebrkrenarja e Heroit ton\u00eb Komb\u00ebtar [&hellip;]<\/p>\n","protected":false,"gt_translate_keys":[{"key":"rendered","format":"html"}]},"author":4,"featured_media":645239,"comment_status":"closed","ping_status":"open","sticky":false,"template":"","format":"standard","meta":{"footnotes":""},"categories":[65],"tags":[],"class_list":["post-645238","post","type-post","status-publish","format-standard","has-post-thumbnail","hentry","category-lajme"],"gt_translate_keys":[{"key":"link","format":"url"}],"_links":{"self":[{"href":"https:\/\/www.hashtag.al\/index.php\/wp-json\/wp\/v2\/posts\/645238","targetHints":{"allow":["GET"]}}],"collection":[{"href":"https:\/\/www.hashtag.al\/index.php\/wp-json\/wp\/v2\/posts"}],"about":[{"href":"https:\/\/www.hashtag.al\/index.php\/wp-json\/wp\/v2\/types\/post"}],"author":[{"embeddable":true,"href":"https:\/\/www.hashtag.al\/index.php\/wp-json\/wp\/v2\/users\/4"}],"replies":[{"embeddable":true,"href":"https:\/\/www.hashtag.al\/index.php\/wp-json\/wp\/v2\/comments?post=645238"}],"version-history":[{"count":0,"href":"https:\/\/www.hashtag.al\/index.php\/wp-json\/wp\/v2\/posts\/645238\/revisions"}],"wp:featuredmedia":[{"embeddable":true,"href":"https:\/\/www.hashtag.al\/index.php\/wp-json\/wp\/v2\/media\/645239"}],"wp:attachment":[{"href":"https:\/\/www.hashtag.al\/index.php\/wp-json\/wp\/v2\/media?parent=645238"}],"wp:term":[{"taxonomy":"category","embeddable":true,"href":"https:\/\/www.hashtag.al\/index.php\/wp-json\/wp\/v2\/categories?post=645238"},{"taxonomy":"post_tag","embeddable":true,"href":"https:\/\/www.hashtag.al\/index.php\/wp-json\/wp\/v2\/tags?post=645238"}],"curies":[{"name":"wp","href":"https:\/\/api.w.org\/{rel}","templated":true}]}}