{"id":645187,"date":"2024-01-09T11:46:11","date_gmt":"2024-01-09T10:46:11","guid":{"rendered":"https:\/\/www.hashtag.al\/?p=645187"},"modified":"2024-01-09T12:04:44","modified_gmt":"2024-01-09T11:04:44","slug":"na-presin-kohe-shume-te-veshtira-ministri-francez","status":"publish","type":"post","link":"https:\/\/www.hashtag.al\/index.php\/2024\/01\/09\/na-presin-kohe-shume-te-veshtira-ministri-francez\/","title":{"rendered":"\u201cNa presin koh\u00eb shum\u00eb t\u00eb v\u00ebshtira\u201d &#8211; Ministri francez","gt_translate_keys":[{"key":"rendered","format":"text"}]},"content":{"rendered":"<p><span style=\"color: #000000;\"><img loading=\"lazy\" decoding=\"async\" class=\"aligncenter size-full wp-image-645189\" src=\"https:\/\/www.hashtag.al\/wp-content\/uploads\/2024\/01\/lemaire.jpg\" alt=\"\" width=\"1155\" height=\"769\" \/><\/span><\/p>\n<p><span style=\"color: #000000;\">Rivendosja e sistemit financiar t\u00eb Franc\u00ebs do k\u00ebrkoj\u00eb shkurtime t\u00eb ashpra t\u00eb shpenzimeve, tha t\u00eb h\u00ebn\u00ebn Ministri i Financave Bruno Le Maire, teksa paralajm\u00ebroi kombin p\u00ebr koh\u00eb t\u00eb v\u00ebshtira q\u00eb e presin<\/span><\/p>\n<p><span style=\"color: #000000;\">Duke folur n\u00eb Paris, Le Maire tha se ai \u00ebsht\u00eb i vendosur t\u00eb rregulloj\u00eb financat e vendit duke pak\u00ebsuar borxhin prej shum\u00eb trilion\u00eb eurosh t\u00eb vendit dhe deficitin buxhetor. Qeveria franceze shpenzoi shum\u00eb p\u00ebr t\u00eb mb\u00ebshtetur familjet dhe bizneset gjat\u00eb pandemis\u00eb Covid-19, dhe kriz\u00ebs energjetike pas sulmit t\u00eb Rusis\u00eb ndaj Ukrain\u00ebs.<\/span><\/p>\n<p><span style=\"color: #000000;\"><em>\u201cJu kujtoj se duhet t\u00eb gjejm\u00eb t\u00eb pakt\u00ebn 12 miliard\u00eb euro kursime deri n\u00eb vitin 2025. P\u00ebr sa i p\u00ebrket financave publike, pjesa m\u00eb e v\u00ebshtir\u00eb \u00ebsht\u00eb p\u00ebrpara nesh\u201d<\/em>, tha Le Maire.<\/span><\/p>\n<p><span style=\"color: #000000;\">Ministri i Financave u ankua p\u00ebr \u201cvendimet e v\u00ebshtira\u201d q\u00eb qeveria ka marr\u00eb dhe nuk ka marr\u00eb ende. N\u00eb jav\u00ebt n\u00eb vijim do b\u00ebhen propozime t\u00eb reja, shtoi ai, ve\u00e7an\u00ebrisht n\u00eb lidhje me rishikimet e shpenzimeve publike.<\/span><\/p>\n<p><span style=\"color: #000000;\">Buxheti i vendit p\u00ebr vitin 2024 tashm\u00eb \u00ebsht\u00eb sh\u00ebnuar me shkurtime t\u00eb shpenzimeve q\u00eb vijn\u00eb kryesisht nga heqja e p\u00ebrshkall\u00ebzuar e subvencioneve t\u00eb energjis\u00eb. Opozita kritikoi dokumentin p\u00ebr masa shtr\u00ebnguese, megjith\u00ebse parashikon rritje t\u00eb pagesave t\u00eb mir\u00ebqenies dhe pensioneve.<\/span><\/p>\n<p><span style=\"color: #000000;\">N\u00eb qershor, Le Maire tha se masat shtr\u00ebnguese &#8220;nuk ishte nj\u00eb mund\u00ebsi&#8221; dhe se do ishte &#8220;nj\u00eb gabim ekonomik dhe politik&#8221;.<\/span><\/p>\n","protected":false,"gt_translate_keys":[{"key":"rendered","format":"html"}]},"excerpt":{"rendered":"<p>Rivendosja e sistemit financiar t\u00eb Franc\u00ebs do k\u00ebrkoj\u00eb shkurtime t\u00eb ashpra t\u00eb shpenzimeve, tha t\u00eb h\u00ebn\u00ebn Ministri i Financave Bruno Le Maire, teksa paralajm\u00ebroi kombin p\u00ebr koh\u00eb t\u00eb v\u00ebshtira q\u00eb e presin Duke folur n\u00eb Paris, Le Maire tha se ai \u00ebsht\u00eb i vendosur t\u00eb rregulloj\u00eb financat e vendit duke pak\u00ebsuar borxhin prej shum\u00eb trilion\u00eb [&hellip;]<\/p>\n","protected":false,"gt_translate_keys":[{"key":"rendered","format":"html"}]},"author":51,"featured_media":645189,"comment_status":"closed","ping_status":"open","sticky":false,"template":"","format":"standard","meta":{"footnotes":""},"categories":[53],"tags":[],"class_list":["post-645187","post","type-post","status-publish","format-standard","has-post-thumbnail","hentry","category-fast-foodi"],"gt_translate_keys":[{"key":"link","format":"url"}],"_links":{"self":[{"href":"https:\/\/www.hashtag.al\/index.php\/wp-json\/wp\/v2\/posts\/645187","targetHints":{"allow":["GET"]}}],"collection":[{"href":"https:\/\/www.hashtag.al\/index.php\/wp-json\/wp\/v2\/posts"}],"about":[{"href":"https:\/\/www.hashtag.al\/index.php\/wp-json\/wp\/v2\/types\/post"}],"author":[{"embeddable":true,"href":"https:\/\/www.hashtag.al\/index.php\/wp-json\/wp\/v2\/users\/51"}],"replies":[{"embeddable":true,"href":"https:\/\/www.hashtag.al\/index.php\/wp-json\/wp\/v2\/comments?post=645187"}],"version-history":[{"count":0,"href":"https:\/\/www.hashtag.al\/index.php\/wp-json\/wp\/v2\/posts\/645187\/revisions"}],"wp:featuredmedia":[{"embeddable":true,"href":"https:\/\/www.hashtag.al\/index.php\/wp-json\/wp\/v2\/media\/645189"}],"wp:attachment":[{"href":"https:\/\/www.hashtag.al\/index.php\/wp-json\/wp\/v2\/media?parent=645187"}],"wp:term":[{"taxonomy":"category","embeddable":true,"href":"https:\/\/www.hashtag.al\/index.php\/wp-json\/wp\/v2\/categories?post=645187"},{"taxonomy":"post_tag","embeddable":true,"href":"https:\/\/www.hashtag.al\/index.php\/wp-json\/wp\/v2\/tags?post=645187"}],"curies":[{"name":"wp","href":"https:\/\/api.w.org\/{rel}","templated":true}]}}