{"id":644809,"date":"2024-01-07T22:26:52","date_gmt":"2024-01-07T21:26:52","guid":{"rendered":"https:\/\/www.hashtag.al\/?p=644809"},"modified":"2024-01-07T22:26:52","modified_gmt":"2024-01-07T21:26:52","slug":"kandidati-republikan-deshiron-qe-shba-ja-te-largohet-nga-nato-ja","status":"publish","type":"post","link":"https:\/\/www.hashtag.al\/index.php\/2024\/01\/07\/kandidati-republikan-deshiron-qe-shba-ja-te-largohet-nga-nato-ja\/","title":{"rendered":"Kandidati republikan d\u00ebshiron q\u00eb SHBA-ja t\u00eb largohet nga NATO-ja","gt_translate_keys":[{"key":"rendered","format":"text"}]},"content":{"rendered":"<p><img loading=\"lazy\" decoding=\"async\" class=\"aligncenter size-full wp-image-644810\" src=\"https:\/\/www.hashtag.al\/wp-content\/uploads\/2024\/01\/download.jpg\" alt=\"\" width=\"630\" height=\"420\" srcset=\"https:\/\/www.hashtag.al\/wp-content\/uploads\/2024\/01\/download.jpg 630w, https:\/\/www.hashtag.al\/wp-content\/uploads\/2024\/01\/download-300x200.jpg 300w\" sizes=\"auto, (max-width: 630px) 100vw, 630px\" \/><\/p>\n<p><span style=\"color: #000000;\">Kandidati republikan Vivek Ramaswamy u ka th\u00ebn\u00eb njer\u00ebzve t\u00eb shumt\u00eb se do e t\u00ebrhiqte SHBA-n\u00eb nga NATO-ja n\u00ebse zgjidhet president, duke shkuar m\u00eb larg se kushdo q\u00eb konkurron p\u00ebr Zyr\u00ebn Ovale.<\/span><\/p>\n<p><span style=\"color: #000000;\">V\u00ebrejtjet e b\u00ebra p\u00ebr ekspert\u00ebt dhe mb\u00ebshtet\u00ebsit e grupeve t\u00eb ndryshme, t\u00eb ddh\u00ebna holl\u00ebsisht p\u00ebr POLITICO-n nga tre persona t\u00eb njohur me komentet e tij, sinjalizojn\u00eb se dit\u00ebt e NATO-s mund t\u00eb jen\u00eb t\u00eb num\u00ebruara n\u00ebse Ramaswamy ose dikush q\u00eb ndan pik\u00ebpamjen e tij, fiton zgjedhjet n\u00eb n\u00ebntor.<\/span><\/p>\n<p><span style=\"color: #000000;\">Tetorin e kaluar, Ramaswamy i tha POLITICO-s se ideja e largimit t\u00eb SHBA-s\u00eb nga NATO-ja ishte &#8220;e arsyeshme&#8221;, por nuk mb\u00ebshteti nxjerrjen e SHBA-s\u00eb nga blloku 31-vendesh. Nj\u00eb veprim i till\u00eb do e pengonte aleanc\u00ebn dhe do k\u00ebrc\u00ebnonte aft\u00ebsin\u00eb e NATO-s p\u00ebr t\u00eb sh\u00ebrbyer si nj\u00eb forc\u00eb e besueshme parandaluese kund\u00ebr Rusis\u00eb. <\/span><\/p>\n<p><span style=\"color: #000000;\">Mund t\u00eb sjell\u00eb gjithashtu kriz\u00ebn m\u00eb t\u00eb madhe transatlantike n\u00eb dekada, duke ngritur pik\u00ebpyetje t\u00eb shumta nga Evropa e Amerika e Veriut deri n\u00eb Azi n\u00eb lidhje me gatishm\u00ebrin\u00eb e Amerik\u00ebs p\u00ebr t\u00eb mbrojtur ose mb\u00ebshtetur aleat\u00ebt n\u00eb momente nevoje.<\/span><\/p>\n<p><span style=\"color: #000000;\">Por Ramaswamy, i cili gjithashtu \u00ebsht\u00eb shprehur p\u00ebr nxjerrjen e SHBA-n\u00eb nga Kombet e Bashkuara, ka mbajtur privatisht pik\u00ebpamjen se nuk ka kaluar koha p\u00ebr t\u00eb hequr SHBA-n\u00eb nga NATO-ja. <\/span><\/p>\n<p><span style=\"color: #000000;\">E pyetur p\u00ebr komentet e tij private, z\u00ebdh\u00ebn\u00ebsja e fushat\u00ebs s\u00eb Ramaswamy, Tricia Mclaughlin nuk pranoi t\u00eb komentonte drejtp\u00ebrdrejt se \u00e7far\u00eb do b\u00ebnte n\u00eb lidhje me NATO-n, por nuk e mohoi q\u00ebndrimin e kandidatit, shkruan <span style=\"color: #0000ff;\"><a style=\"color: #0000ff;\" href=\"https:\/\/www.politico.com\/news\/2024\/01\/05\/ramaswamy-wants-the-us-out-of-nato-00134068\">Politico<\/a><\/span>.<\/span><\/p>\n<p><span style=\"color: #000000;\"><em>\u201cVivek ka shqet\u00ebsime serioze se shumica e aleat\u00ebve t\u00eb NATO-s nuk arrijn\u00eb t\u00eb p\u00ebrmbushin angazhimet e tyre p\u00ebr investime ushtarake dhe do rivler\u00ebsoj\u00eb mb\u00ebshtetjen ton\u00eb sipas nevoj\u00ebs. Ai gjithashtu beson se ekspansionizmi i NATO-s pas Luft\u00ebs s\u00eb Ftoht\u00eb ka rritur n\u00eb m\u00ebnyr\u00eb t\u00eb panevojshme rrezikun e nj\u00eb lufte t\u00eb madhe me Rusin\u00eb\u201d<\/em>, tha ajo.<\/span><\/p>\n<p><span style=\"color: #000000;\">Ligjv\u00ebn\u00ebsit n\u00eb t\u00eb dy an\u00ebt e politik\u00ebs amerikane kan\u00eb nd\u00ebrmarr\u00eb veprime p\u00ebr t\u00eb parandaluar largimin e SHBA-s\u00eb nga NATO-ja. Kongresi miratoi nj\u00eb projektligj q\u00eb ndalon \u00e7do president q\u00eb t\u00eb largoj\u00eb n\u00eb m\u00ebnyr\u00eb t\u00eb nj\u00ebanshme pjes\u00ebmarrjen e Amerik\u00ebs n\u00eb aleanc\u00eb, e cila e konsideron nj\u00eb sulm ndaj nj\u00eb an\u00ebtari si nj\u00eb sulm ndaj t\u00eb gjith\u00ebve. <\/span><\/p>\n<p><span style=\"color: #000000;\">E vetmja her\u00eb kur NATO-ja veproi sipas k\u00ebtij rregulli ishte pas sulmeve t\u00eb 11 shtatorit 2001 n\u00eb Shtetet e Bashkuara, duke i shtyr\u00eb aleat\u00ebt t\u00eb bashkoheshin me forcat amerikane n\u00eb Afganistan p\u00ebr t\u00eb \u00e7rr\u00ebnjosur Al-Kaed\u00ebn.<\/span><\/p>\n<p><span style=\"color: #000000;\">\u00cbsht\u00eb e mundur q\u00eb Ramaswamy t&#8217;i bashkohet nj\u00eb administrate republikane, ve\u00e7an\u00ebrisht asaj t\u00eb Trump, pasi ai mban ende pozita t\u00eb mira dhe \u00ebsht\u00eb i af\u00ebrt me Tucker Carlson, nj\u00eb mb\u00ebshtet\u00ebs i vendosur i Trump.<\/span><\/p>\n","protected":false,"gt_translate_keys":[{"key":"rendered","format":"html"}]},"excerpt":{"rendered":"<p>Kandidati republikan Vivek Ramaswamy u ka th\u00ebn\u00eb njer\u00ebzve t\u00eb shumt\u00eb se do e t\u00ebrhiqte SHBA-n\u00eb nga NATO-ja n\u00ebse zgjidhet president, duke shkuar m\u00eb larg se kushdo q\u00eb konkurron p\u00ebr Zyr\u00ebn Ovale. V\u00ebrejtjet e b\u00ebra p\u00ebr ekspert\u00ebt dhe mb\u00ebshtet\u00ebsit e grupeve t\u00eb ndryshme, t\u00eb ddh\u00ebna holl\u00ebsisht p\u00ebr POLITICO-n nga tre persona t\u00eb njohur me komentet e [&hellip;]<\/p>\n","protected":false,"gt_translate_keys":[{"key":"rendered","format":"html"}]},"author":51,"featured_media":644810,"comment_status":"closed","ping_status":"closed","sticky":false,"template":"","format":"standard","meta":{"footnotes":""},"categories":[53],"tags":[],"class_list":["post-644809","post","type-post","status-publish","format-standard","has-post-thumbnail","hentry","category-fast-foodi"],"gt_translate_keys":[{"key":"link","format":"url"}],"_links":{"self":[{"href":"https:\/\/www.hashtag.al\/index.php\/wp-json\/wp\/v2\/posts\/644809","targetHints":{"allow":["GET"]}}],"collection":[{"href":"https:\/\/www.hashtag.al\/index.php\/wp-json\/wp\/v2\/posts"}],"about":[{"href":"https:\/\/www.hashtag.al\/index.php\/wp-json\/wp\/v2\/types\/post"}],"author":[{"embeddable":true,"href":"https:\/\/www.hashtag.al\/index.php\/wp-json\/wp\/v2\/users\/51"}],"replies":[{"embeddable":true,"href":"https:\/\/www.hashtag.al\/index.php\/wp-json\/wp\/v2\/comments?post=644809"}],"version-history":[{"count":0,"href":"https:\/\/www.hashtag.al\/index.php\/wp-json\/wp\/v2\/posts\/644809\/revisions"}],"wp:featuredmedia":[{"embeddable":true,"href":"https:\/\/www.hashtag.al\/index.php\/wp-json\/wp\/v2\/media\/644810"}],"wp:attachment":[{"href":"https:\/\/www.hashtag.al\/index.php\/wp-json\/wp\/v2\/media?parent=644809"}],"wp:term":[{"taxonomy":"category","embeddable":true,"href":"https:\/\/www.hashtag.al\/index.php\/wp-json\/wp\/v2\/categories?post=644809"},{"taxonomy":"post_tag","embeddable":true,"href":"https:\/\/www.hashtag.al\/index.php\/wp-json\/wp\/v2\/tags?post=644809"}],"curies":[{"name":"wp","href":"https:\/\/api.w.org\/{rel}","templated":true}]}}