{"id":644765,"date":"2024-01-07T19:41:11","date_gmt":"2024-01-07T18:41:11","guid":{"rendered":"https:\/\/www.hashtag.al\/?p=644765"},"modified":"2024-01-07T19:41:11","modified_gmt":"2024-01-07T18:41:11","slug":"kosova-mund-te-shkoje-ne-zgjedhje-te-parakohshme","status":"publish","type":"post","link":"https:\/\/www.hashtag.al\/index.php\/2024\/01\/07\/kosova-mund-te-shkoje-ne-zgjedhje-te-parakohshme\/","title":{"rendered":"Kosova mund t\u00eb shkoj\u00eb n\u00eb zgjedhje t\u00eb parakohshme","gt_translate_keys":[{"key":"rendered","format":"text"}]},"content":{"rendered":"<p><img loading=\"lazy\" decoding=\"async\" class=\"aligncenter size-full wp-image-644766\" src=\"https:\/\/www.hashtag.al\/wp-content\/uploads\/2024\/01\/liderat-transformed.jpeg\" alt=\"\" width=\"450\" height=\"300\" srcset=\"https:\/\/www.hashtag.al\/wp-content\/uploads\/2024\/01\/liderat-transformed.jpeg 450w, https:\/\/www.hashtag.al\/wp-content\/uploads\/2024\/01\/liderat-transformed-300x200.jpeg 300w\" sizes=\"auto, (max-width: 450px) 100vw, 450px\" \/><\/p>\n<p><span style=\"color: #000000;\">N\u00eb Kosov\u00eb mund t\u00eb ket\u00eb zgjedhje t\u00eb parakohshme. Nj\u00eb mund\u00ebsi e till\u00eb \u00ebsht\u00eb pohuar nga zrtar\u00eb t\u00eb pozit\u00ebs e partive opozitare. <\/span><\/p>\n<p><span style=\"color: #000000;\">Sipas kalendarit, zgjedhjet e ardhshme parlamentare n\u00eb Kosov\u00eb do mbahen n\u00eb vitin 2025. Zyrtar\u00eb t\u00eb lart\u00eb nga pozita e opozita kan\u00eb deklaruar se zgjedhjet parlamentare mund t\u00eb mbahen n\u00eb k\u00ebt\u00eb vit, shkruan <span style=\"color: #0000ff;\"><a style=\"color: #0000ff;\" href=\"https:\/\/telegrafi.com\/pozita-e-opozita-paralajmerojne-zgjedhje-te-reja-parlamentare-ne-kosove\/\">Telegrafi<\/a><\/span>.<\/span><\/p>\n<p><span style=\"color: #000000;\">Kryeparlamentari Glauk Konjufca por edhe shefja e deputet\u00ebve t\u00eb L\u00ebvizjes Vet\u00ebvendosje, Mimoza Kusari kan\u00eb shpalosur argumentet e tyre pse zgjedhjet mund t\u00eb mbahen gjat\u00eb k\u00ebtij viti.<\/span><\/p>\n<p><span style=\"color: #000000;\"><em>\u201c\u00cbsht\u00eb mir\u00eb q\u00eb t\u00eb shkohet n\u00eb zgjedhje t\u00eb parakohshme. Nuk mund ta p\u00ebrjashtoj mund\u00ebsin\u00eb p\u00ebr zgjedhje t\u00eb parakohshme\u201d<\/em>, ka deklaruar Konjufca.<\/span><\/p>\n<p><span style=\"color: #000000;\">Ai ka th\u00ebn\u00eb se p\u00ebr shkak t\u00eb shum\u00eb zhvillimeve do ishte mir\u00eb q\u00eb qeveria e re q\u00eb do marr\u00eb legjitimitetin e popullit t\u00eb p\u00ebrfundoj\u00eb disa procese q\u00eb po kalon Kosova.<\/span><\/p>\n<p><span style=\"color: #000000;\">Nd\u00ebrkoh\u00eb shefja e grupit parlamentar t\u00eb Vet\u00ebvendosjes Mimoza Kusari Lila ka th\u00ebn\u00eb se viti 2024 \u00ebsht\u00eb vit i dinamikave t\u00eb shumta n\u00eb bot\u00eb dhe kjo mund t\u00eb ket\u00eb ndikim edhe n\u00eb Kosov\u00eb.<\/span><\/p>\n<p><span style=\"color: #000000;\">Ajo thot\u00eb se nuk do t\u00eb ishte di\u00e7ka e paarsyeshme n\u00ebse zgjedhjet e rregullta mbahen n\u00eb fund t\u00eb k\u00ebtij viti.<\/span><\/p>\n<p><span style=\"color: #000000;\"><em>\u201cSipas kalendarit zgjedhor ka mund\u00ebsi q\u00eb deri n\u00eb fund t\u00eb vitit t\u00eb organizojm\u00eb zgjedhje t\u00eb rregullta t\u00eb cilat do t\u00eb jen\u00eb n\u00eb p\u00ebrputhje me kalendarin zgjedhor, i cili n\u00eb t\u00eb kund\u00ebrt\u00ebn do ishte n\u00eb shkurt t\u00eb vitit 2025. Por, para dhe pas n\u00eb periudh\u00ebn 60 ditore ka mund\u00ebsi t\u00eb diskutimit nd\u00ebrmjet subjekteve politike me presidenten e vendit p\u00ebr t\u00eb gjetur nj\u00eb dat\u00eb t\u00eb p\u00ebrbashk\u00ebt. Prandaj, nuk do t\u00eb ishte risi n\u00ebse Kosova do t\u00eb ballafaqohet me proces zgjedhur k\u00ebt\u00eb vit. Pra, nuk do t\u00eb ishte krejt\u00ebsisht e jasht\u00ebzakonshme.\u201d<\/em>, ka th\u00ebn\u00eb ajo.<\/span><\/p>\n<p><span style=\"color: #000000;\">Edhe p\u00ebr kreun e PDK-s\u00eb, Memli Krasniqi, viti 2024 do sjell\u00eb zgjedhje n\u00eb Kosov\u00eb.<\/span><\/p>\n<p><span style=\"color: #000000;\"><em>\u201cUn\u00eb jam i bindur se vitin e ardhsh\u00ebm do ket\u00eb zgjedhje. Po shihet tashm\u00eb edhe nga deklarimet dhe veprimet e qeveris\u00eb dhe kryeministrit Kurti, nga tubimet e karakterit elektoral, por edhe nga forma aspak korrekte dhe e drejt\u00eb e shpenzimit t\u00eb buxhetit t\u00eb shtetit n\u00eb raport me subvencionimet e ndryshme q\u00eb i kan\u00eb b\u00ebr\u00eb dhe q\u00eb i kan\u00eb planifikuar. Besoj se n\u00eb vitin 2024 do kemi zgjedhje t\u00eb parakohshme, por nuk mund t\u00eb them me siguri se a do t\u00eb mbahen ato n\u00eb qershor, n\u00eb tetor m\u00eb her\u00ebt apo m\u00eb von\u00eb\u201d<\/em>, ka deklaruar Krasniqi.<\/span><\/p>\n<p><span style=\"color: #000000;\">Deputetja nga radh\u00ebt e Lidhjes Demokratik\u00eb t\u00eb Kosov\u00ebs, Rrezarta Krasniqi, ka deklaruar se vendi do shkoj\u00eb n\u00eb zgjedhje n\u00eb fillim t\u00eb vitit 2024.<\/span><\/p>\n<p><span style=\"color: #000000;\">Krasniqi ka theksuar se Kosova e ka humbur njohjen reciproke.<\/span><\/p>\n<p><span style=\"color: #000000;\"><em>\u201cPas vitit t\u00eb ri menj\u00ebher\u00eb do ket\u00eb zgjedhje. Sa m\u00eb shpejt q\u00eb vendi t\u00eb shkoj\u00eb n\u00eb zgjedhje \u00ebsht\u00eb m\u00eb mir\u00eb sepse qytetar\u00ebt po varf\u00ebrohen. Ka ngritje t\u00eb \u00e7mimeve, nuk ka heqje t\u00eb TVSH-s\u00eb as heqje t\u00eb akciz\u00ebs\u201d<\/em>, ka deklaruar ajo.<\/span><\/p>\n<p><span style=\"color: #000000;\">N\u00ebnkryetari i AAK-s\u00eb, Ardian Gjini vler\u00ebsoi se sipas gjasave dhe bindjeve politike t\u00eb qytetar\u00ebve, vendi do t\u00eb shkoj\u00eb n\u00eb zgjedhje t\u00eb parakohshme gjat\u00eb k\u00ebtij viti, shkruan Telegrafi.<\/span><\/p>\n<p><span style=\"color: #000000;\"><em>\u201cUn\u00eb po besoj q\u00eb, n\u00ebse i kemi parasysh t\u00eb gjitha rrethanat q\u00eb jan\u00eb krijuar n\u00eb Kosov\u00eb, duke i futur n\u00eb llogari edhe bindjet politike t\u00eb njer\u00ebzve dhe idet\u00eb q\u00eb i shohim, gjasat jan\u00eb q\u00eb n\u00eb vitin 2024 do kemi zgjedhje t\u00eb parakohshme\u201d<\/em>, ka deklaruar Gjini.<\/span><\/p>\n","protected":false,"gt_translate_keys":[{"key":"rendered","format":"html"}]},"excerpt":{"rendered":"<p>N\u00eb Kosov\u00eb mund t\u00eb ket\u00eb zgjedhje t\u00eb parakohshme. Nj\u00eb mund\u00ebsi e till\u00eb \u00ebsht\u00eb pohuar nga zrtar\u00eb t\u00eb pozit\u00ebs e partive opozitare. Sipas kalendarit, zgjedhjet e ardhshme parlamentare n\u00eb Kosov\u00eb do mbahen n\u00eb vitin 2025. Zyrtar\u00eb t\u00eb lart\u00eb nga pozita e opozita kan\u00eb deklaruar se zgjedhjet parlamentare mund t\u00eb mbahen n\u00eb k\u00ebt\u00eb vit, shkruan Telegrafi. Kryeparlamentari [&hellip;]<\/p>\n","protected":false,"gt_translate_keys":[{"key":"rendered","format":"html"}]},"author":51,"featured_media":644766,"comment_status":"closed","ping_status":"closed","sticky":false,"template":"","format":"standard","meta":{"footnotes":""},"categories":[149],"tags":[],"class_list":["post-644765","post","type-post","status-publish","format-standard","has-post-thumbnail","hentry","category-kosoverajon"],"gt_translate_keys":[{"key":"link","format":"url"}],"_links":{"self":[{"href":"https:\/\/www.hashtag.al\/index.php\/wp-json\/wp\/v2\/posts\/644765","targetHints":{"allow":["GET"]}}],"collection":[{"href":"https:\/\/www.hashtag.al\/index.php\/wp-json\/wp\/v2\/posts"}],"about":[{"href":"https:\/\/www.hashtag.al\/index.php\/wp-json\/wp\/v2\/types\/post"}],"author":[{"embeddable":true,"href":"https:\/\/www.hashtag.al\/index.php\/wp-json\/wp\/v2\/users\/51"}],"replies":[{"embeddable":true,"href":"https:\/\/www.hashtag.al\/index.php\/wp-json\/wp\/v2\/comments?post=644765"}],"version-history":[{"count":0,"href":"https:\/\/www.hashtag.al\/index.php\/wp-json\/wp\/v2\/posts\/644765\/revisions"}],"wp:featuredmedia":[{"embeddable":true,"href":"https:\/\/www.hashtag.al\/index.php\/wp-json\/wp\/v2\/media\/644766"}],"wp:attachment":[{"href":"https:\/\/www.hashtag.al\/index.php\/wp-json\/wp\/v2\/media?parent=644765"}],"wp:term":[{"taxonomy":"category","embeddable":true,"href":"https:\/\/www.hashtag.al\/index.php\/wp-json\/wp\/v2\/categories?post=644765"},{"taxonomy":"post_tag","embeddable":true,"href":"https:\/\/www.hashtag.al\/index.php\/wp-json\/wp\/v2\/tags?post=644765"}],"curies":[{"name":"wp","href":"https:\/\/api.w.org\/{rel}","templated":true}]}}