{"id":644717,"date":"2024-01-07T16:01:58","date_gmt":"2024-01-07T15:01:58","guid":{"rendered":"https:\/\/www.hashtag.al\/?p=644717"},"modified":"2024-01-07T16:01:58","modified_gmt":"2024-01-07T15:01:58","slug":"ministrja-e-jashtme-e-frances-nuk-i-takon-izraelit-te-percaktoje-te-ardhmen-e-gazes","status":"publish","type":"post","link":"https:\/\/www.hashtag.al\/index.php\/2024\/01\/07\/ministrja-e-jashtme-e-frances-nuk-i-takon-izraelit-te-percaktoje-te-ardhmen-e-gazes\/","title":{"rendered":"Ministrja e Jashtme e Franc\u00ebs: Nuk i takon Izraelit t\u00eb p\u00ebrcaktoj\u00eb t\u00eb ardhmen e Gaz\u00ebs","gt_translate_keys":[{"key":"rendered","format":"text"}]},"content":{"rendered":"<p><a style=\"color: #000000;\" href=\"https:\/\/www.hashtag.al\/wp-content\/uploads\/2024\/01\/Catherine-Colonna.jpg\"><img loading=\"lazy\" decoding=\"async\" class=\"size-full wp-image-644718\" src=\"https:\/\/www.hashtag.al\/wp-content\/uploads\/2024\/01\/Catherine-Colonna.jpg\" alt=\"\" width=\"1440\" height=\"808\" srcset=\"https:\/\/www.hashtag.al\/wp-content\/uploads\/2024\/01\/Catherine-Colonna.jpg 1440w, https:\/\/www.hashtag.al\/wp-content\/uploads\/2024\/01\/Catherine-Colonna-300x168.jpg 300w, https:\/\/www.hashtag.al\/wp-content\/uploads\/2024\/01\/Catherine-Colonna-1024x575.jpg 1024w, https:\/\/www.hashtag.al\/wp-content\/uploads\/2024\/01\/Catherine-Colonna-768x431.jpg 768w\" sizes=\"auto, (max-width: 1440px) 100vw, 1440px\" \/><\/a><\/p>\n<p><span style=\"color: #000000;\">Ministrja e Jashtme e Franc\u00ebs, Catherine Colonna, tha se \u201cnuk i takon Izraelit t\u00eb p\u00ebrcaktoj\u00eb t\u00eb ardhmen e Gaz\u00ebs, e cila \u00ebsht\u00eb tok\u00eb palestineze\u201d.<\/span><\/p>\n<p><span style=\"color: #000000;\">Kryediplomatja franceze i b\u00ebri komentet p\u00ebr CNN dhe hodhi posht\u00eb sugjerimin e ministrave izraelit\u00eb se zhvendosja e palestinez\u00ebve jasht\u00eb Gaz\u00ebs \u00ebsht\u00eb nj\u00eb mund\u00ebsi.<\/span><\/p>\n<p><span style=\"color: #000000;\">K\u00ebto thirrje jan\u00eb &#8220;t\u00eb pap\u00ebrgjegjshme&#8221; dhe &#8220;na largojn\u00eb nga zgjidhja&#8221;, tha ministrja Colonna, teksa theksoi se sugjerimet jan\u00eb gjithashtu kund\u00ebr interesave afatgjata t\u00eb Izraelit.<\/span><\/p>\n<p><span style=\"color: #000000;\">&#8220;Ne duhet t&#8217;i kthehemi parimit t\u00eb s\u00eb drejt\u00ebs nd\u00ebrkomb\u00ebtare dhe ta respektojm\u00eb at\u00eb&#8221;, tha Colonna.<\/span><\/p>\n<p><span style=\"color: #000000;\">Ajo theksoi mb\u00ebshtetjen e Franc\u00ebs p\u00ebr nj\u00eb zgjidhje me dy shtete, e cila \u00ebsht\u00eb &#8220;opsioni i vet\u00ebm i zbatuesh\u00ebm&#8221;, duke shtuar: &#8220;Gaza dhe Bregu Per\u00ebndimor patjet\u00ebr t\u00eb jen\u00eb s\u00eb bashku pjes\u00eb e shtetit t\u00eb ardhsh\u00ebm palestinez&#8221;.<\/span><\/p>\n<p><span style=\"color: #000000;\">Ajo tha se civil\u00ebt nuk jan\u00eb p\u00ebrgjegj\u00ebs p\u00ebr krimet dhe duhet t\u00eb mbrohen, duke p\u00ebrs\u00ebritur detyrimin p\u00ebr t\u00eb ndjekur ligjin nd\u00ebrkomb\u00ebtar dhe p\u00ebr t\u00eb mbrojtur popullsin\u00eb civile.<\/span><\/p>\n<p><span style=\"color: #000000;\">Colonna tha se Franca \u00ebsht\u00eb e angazhuar p\u00ebr t\u00eb shmangur nj\u00eb p\u00ebrshkall\u00ebzim t\u00eb m\u00ebtejsh\u00ebm t\u00eb situat\u00ebs nga t\u00eb gjitha pal\u00ebt, duke p\u00ebrfshir\u00eb zonat fqinje si Libani dhe Deti i Kuq.<\/span><\/p>\n<p><span style=\"color: #000000;\">Izraeli ka nisur sulme t\u00eb pam\u00ebshirshme ajrore dhe tok\u00ebsore n\u00eb Rripin e Gaz\u00ebs q\u00eb nga sulmi nd\u00ebrkufitar nga grupi i rezistenc\u00ebs palestineze Hamas m\u00eb 7 tetor.<\/span><\/p>\n<p><span style=\"color: #000000;\">T\u00eb pakt\u00ebn 22.600 palestinez\u00eb jan\u00eb vrar\u00eb q\u00eb at\u00ebher\u00eb dhe 57.910 t\u00eb tjer\u00eb jan\u00eb plagosur, sipas autoriteteve sh\u00ebndet\u00ebsore t\u00eb Gaz\u00ebs.<\/span><\/p>\n<p><span style=\"color: #000000;\">Sulmi e ka l\u00ebn\u00eb Gaz\u00ebn n\u00eb g\u00ebrmadha, ku 60 p\u00ebr qind t\u00eb infrastruktur\u00ebs s\u00eb enklav\u00ebs \u00ebsht\u00eb d\u00ebmtuar ose shkat\u00ebrruar, dhe gati 2 milion\u00eb banor\u00eb jan\u00eb zhvendosur mes munges\u00ebs akute t\u00eb ushqimit, ujit t\u00eb past\u00ebr dhe ila\u00e7eve.<\/span><\/p>\n","protected":false,"gt_translate_keys":[{"key":"rendered","format":"html"}]},"excerpt":{"rendered":"<p>Ministrja e Jashtme e Franc\u00ebs, Catherine Colonna, tha se \u201cnuk i takon Izraelit t\u00eb p\u00ebrcaktoj\u00eb t\u00eb ardhmen e Gaz\u00ebs, e cila \u00ebsht\u00eb tok\u00eb palestineze\u201d. Kryediplomatja franceze i b\u00ebri komentet p\u00ebr CNN dhe hodhi posht\u00eb sugjerimin e ministrave izraelit\u00eb se zhvendosja e palestinez\u00ebve jasht\u00eb Gaz\u00ebs \u00ebsht\u00eb nj\u00eb mund\u00ebsi. K\u00ebto thirrje jan\u00eb &#8220;t\u00eb pap\u00ebrgjegjshme&#8221; dhe &#8220;na largojn\u00eb [&hellip;]<\/p>\n","protected":false,"gt_translate_keys":[{"key":"rendered","format":"html"}]},"author":32,"featured_media":644718,"comment_status":"closed","ping_status":"closed","sticky":false,"template":"","format":"standard","meta":{"footnotes":""},"categories":[6,13],"tags":[],"class_list":["post-644717","post","type-post","status-publish","format-standard","has-post-thumbnail","hentry","category-nderkombetare","category-te-fundit"],"gt_translate_keys":[{"key":"link","format":"url"}],"_links":{"self":[{"href":"https:\/\/www.hashtag.al\/index.php\/wp-json\/wp\/v2\/posts\/644717","targetHints":{"allow":["GET"]}}],"collection":[{"href":"https:\/\/www.hashtag.al\/index.php\/wp-json\/wp\/v2\/posts"}],"about":[{"href":"https:\/\/www.hashtag.al\/index.php\/wp-json\/wp\/v2\/types\/post"}],"author":[{"embeddable":true,"href":"https:\/\/www.hashtag.al\/index.php\/wp-json\/wp\/v2\/users\/32"}],"replies":[{"embeddable":true,"href":"https:\/\/www.hashtag.al\/index.php\/wp-json\/wp\/v2\/comments?post=644717"}],"version-history":[{"count":0,"href":"https:\/\/www.hashtag.al\/index.php\/wp-json\/wp\/v2\/posts\/644717\/revisions"}],"wp:featuredmedia":[{"embeddable":true,"href":"https:\/\/www.hashtag.al\/index.php\/wp-json\/wp\/v2\/media\/644718"}],"wp:attachment":[{"href":"https:\/\/www.hashtag.al\/index.php\/wp-json\/wp\/v2\/media?parent=644717"}],"wp:term":[{"taxonomy":"category","embeddable":true,"href":"https:\/\/www.hashtag.al\/index.php\/wp-json\/wp\/v2\/categories?post=644717"},{"taxonomy":"post_tag","embeddable":true,"href":"https:\/\/www.hashtag.al\/index.php\/wp-json\/wp\/v2\/tags?post=644717"}],"curies":[{"name":"wp","href":"https:\/\/api.w.org\/{rel}","templated":true}]}}