{"id":644552,"date":"2024-01-06T14:31:36","date_gmt":"2024-01-06T13:31:36","guid":{"rendered":"https:\/\/www.hashtag.al\/?p=644552"},"modified":"2024-01-06T16:25:52","modified_gmt":"2024-01-06T15:25:52","slug":"vetvrasja-me-fotoksine-e-nenes-se-4-femijeve-ne-durres-etilda-gjonaj-dhuna-psikologjike-duhet-te-perfshihet-si-veper-penale-ne-kodin-penal","status":"publish","type":"post","link":"https:\/\/www.hashtag.al\/index.php\/2024\/01\/06\/vetvrasja-me-fotoksine-e-nenes-se-4-femijeve-ne-durres-etilda-gjonaj-dhuna-psikologjike-duhet-te-perfshihet-si-veper-penale-ne-kodin-penal\/","title":{"rendered":"Vet\u00ebvrasja me fotoksin\u00eb e n\u00ebn\u00ebs s\u00eb 4 f\u00ebmij\u00ebve n\u00eb Durr\u00ebs, Etilda Gjonaj: Dhuna psikologjike duhet t\u00eb p\u00ebrfshihet si vep\u00ebr penale n\u00eb Kodin Penal","gt_translate_keys":[{"key":"rendered","format":"text"}]},"content":{"rendered":"<p><span style=\"color: #000000;\"><a style=\"color: #000000;\" href=\"https:\/\/www.hashtag.al\/wp-content\/uploads\/2024\/01\/416036178_934686954681316_8141688010642963085_n.jpg\"><img loading=\"lazy\" decoding=\"async\" class=\"aligncenter size-full wp-image-644554\" src=\"https:\/\/www.hashtag.al\/wp-content\/uploads\/2024\/01\/416036178_934686954681316_8141688010642963085_n.jpg\" alt=\"\" width=\"843\" height=\"769\" srcset=\"https:\/\/www.hashtag.al\/wp-content\/uploads\/2024\/01\/416036178_934686954681316_8141688010642963085_n.jpg 843w, https:\/\/www.hashtag.al\/wp-content\/uploads\/2024\/01\/416036178_934686954681316_8141688010642963085_n-300x274.jpg 300w, https:\/\/www.hashtag.al\/wp-content\/uploads\/2024\/01\/416036178_934686954681316_8141688010642963085_n-768x701.jpg 768w\" sizes=\"auto, (max-width: 843px) 100vw, 843px\" \/><\/a><\/span><\/p>\n<p><span style=\"color: #000000;\">Vetvrasja me fotoksin\u00eb e n\u00ebn\u00ebs s\u00eb 4 f\u00ebmij\u00ebve n\u00eb Durr\u00ebs, pasi i hap\u00ebn profil denigrues n\u00eb tik tok ka ngjallur reagime t\u00eb shumta dhe t\u00eb ashpra n\u00eb mbar\u00eb vendin.<\/span><\/p>\n<p><span style=\"color: #000000;\">Dit\u00ebn e sotme ka reaguar gjithashtu edhe ish ministrja e Drejt\u00ebsis\u00eb Etilda Gjonaj, e cila e ka cil\u00ebsuar k\u00ebt\u00eb ngjarje si nj\u00eb k\u00ebmban\u00eb alarmi.<\/span><\/p>\n<p><span style=\"color: #000000;\">N\u00ebp\u00ebrmjet nj\u00eb postimi n\u00eb rrjetet sociale, Gjonaj shkruan se duhet t\u00eb merren masa urgjente p\u00ebr t\u00eb mos lejuar viktima t\u00eb tjera t\u00eb dhun\u00ebs ndaj gruas.<\/span><\/p>\n<p><span style=\"color: #000000;\">Gjonaj thot\u00eb se dhuna psikologjike duhet t\u00eb p\u00ebrfshihet si vep\u00ebr penale e ve\u00e7ant\u00eb n\u00eb Kodin Penal, dhe ligjb\u00ebr\u00ebsit duhet t\u00eb marrin masat urgjente p\u00ebr ta ndryshuar.<\/span><\/p>\n<p><span style=\"color: #000000;\">Ajo shton gjithashtu se \u00ebsht\u00eb koha edhe media online t\u00eb marr\u00eb masa p\u00ebr t\u00eb kontrolluar dhe ndaluar t\u00eb gjitha komentet, q\u00eb p\u00ebrb\u00ebjn\u00eb gjuh\u00eb urrejtjeje, c\u00ebnojn\u00eb integritetin, dinjitetin njer\u00ebzor dhe jet\u00ebn personale t\u00eb \u00e7do njeriu.<\/span><\/p>\n<p>&nbsp;<\/p>\n<p><span style=\"color: #000000;\">Postimi i Etilda Gjonaj:<\/span><\/p>\n<p><span style=\"color: #000000;\"><em>Ngjarja e r\u00ebnd\u00eb e ndodhur ndaj nj\u00eb gruaje dhe n\u00ebne t\u00eb 4 f\u00ebmij\u00ebve n\u00eb Durr\u00ebs, \u00ebsht\u00eb nj\u00eb k\u00ebmban\u00eb alarmi p\u00ebr t\u00eb gjith\u00eb ne! Nj\u00eb dhun\u00eb psikologjike e ushtruar n\u00eb m\u00ebnyr\u00eb sistematike ndaj nj\u00eb gruaje, e cila p\u00ebr shkak edhe t\u00eb kultur\u00ebs dhe mentalitetit e gjeti veten n\u00ebn presionin e sulmeve denigruese, duke shkaktuar pasoja fataliste p\u00ebr jet\u00ebn e saj. <\/em><\/span><\/p>\n<p><span style=\"color: #000000;\"><em>Viktima t\u00eb dhun\u00ebs psikologjike n\u00eb rrjete sociale, n\u00ebp\u00ebrmjet komenteve denigruese t\u00eb pakontrolluara, n\u00eb c\u00ebnim t\u00eb dinjitetit dhe me gjuh\u00eb urrejtje jan\u00eb t\u00eb shumta, dhe konsiderohen po nj\u00ebsoj viktima t\u00eb dhun\u00ebs ndaj grave. Dhe po kaq vulnerab\u00ebl jan\u00eb f\u00ebmij\u00ebt dhe t\u00eb rinjt\u00eb, q\u00eb aksesojn\u00eb n\u00eb m\u00ebnyr\u00eb t\u00eb pakontrolluar teknologjin\u00eb dhe rrjetet sociale. <\/em><\/span><\/p>\n<p><span style=\"color: #000000;\"><em>E p\u00ebr k\u00ebt\u00eb, duhet t\u00eb marrim masa urgjente p\u00ebr t\u00eb mos lejuar viktima t\u00eb tjera t\u00eb dhun\u00ebs ndaj gruas, p\u00ebr t\u00eb parandaluar dhe d\u00ebnuar rastet e dhun\u00ebs ndaj saj, si fizike ashtu edhe psikologjike apo ekonomike, duke luftuar me mentalitetin dhe kultur\u00ebn her\u00eb her\u00eb patriarkale ashtu si dhe me marrjen e masave ndaj pasojave, q\u00eb sjell zhvillimi i teknologjis\u00eb dhe rrjeteve sociale n\u00eb m\u00ebnyr\u00eb t\u00eb pakontrolluar. <\/em><\/span><\/p>\n<p><span style=\"color: #000000;\"><em>DHUNA PSIKOLOGJIKE duhet t\u00eb p\u00ebrfshihet si vep\u00ebr penale e ve\u00e7ant\u00eb n\u00eb Kodin Penal, dhe ne ligjb\u00ebr\u00ebsit duhet t\u00eb marrim masat urgjente p\u00ebr t\u00eb ndryshuar Kodin Penal, dhe m\u00eb shum\u00eb se ashp\u00ebrsimi i tij, ka nevoj\u00eb p\u00ebr adresimin e veprave t\u00eb reja penale p\u00ebr dhun\u00ebn ndaj gruas p\u00ebr t\u2019ju p\u00ebrgjigjur zhvillimeve t\u00eb reja t\u00eb shoq\u00ebris\u00eb dhe n\u00eb p\u00ebrputhje me rekomandimet e GREVIO-s, dhe organizmave t\u00eb tjera nd\u00ebrkomb\u00ebtare. <\/em><\/span><\/p>\n<p><span style=\"color: #000000;\"><em>\u00cbsht\u00eb koha p\u00ebr t\u00eb reaguar t\u00eb p\u00ebrgatitur ndaj rreziqeve, q\u00eb sjell zhvillimi teknologjik dhe ai q\u00eb konsiderohet krimi kibernitik, n\u00ebp\u00ebrmjet masave legjislative parandaluese p\u00ebr t\u00eb kontrolluar dhe ndaluar gjuh\u00ebn e urrejtjes dhe denigruese n\u00eb c\u00ebnim t\u00eb dinjitetit njer\u00ebzor n\u00eb rrjetet sociale, ashtu si n\u00ebp\u00ebrmjet aderimit pa rezerva edhe n\u00eb Konvent\u00ebn e Budapestit p\u00ebr Krimin Kibernitik si edhe n\u00eb p\u00ebrputhje me konventat dhe rezolutat nd\u00ebrkomb\u00ebtare. <\/em><\/span><\/p>\n<p><span style=\"color: #000000;\"><em>Ashtu si\u00e7 \u00ebsht\u00eb koha q\u00eb vet\u00eb MEDIA ONLINE t\u00eb marr\u00eb masa p\u00ebr t\u00eb kontrolluar dhe ndaluar t\u00eb gjitha komentet, q\u00eb p\u00ebrb\u00ebjn\u00eb gjuh\u00eb urrejtjeje, c\u00ebnojn\u00eb integritetin, dinjitetin njer\u00ebzor dhe jet\u00ebn personale t\u00eb \u00e7do njeriu. <\/em><\/span><\/p>\n<p><span style=\"color: #000000;\"><em>Ftoj organet e drejt\u00ebsis\u00eb t\u00eb kryejn\u00eb hetimet e thelluara p\u00ebr k\u00ebt\u00eb ngjarje dhe t\u00eb nxjerrin para p\u00ebrgjegj\u00ebsis\u00eb jo vet\u00ebm autor\u00ebt, q\u00eb kan\u00eb shkaktuar k\u00ebt\u00eb tragjedi, por edhe institucionet shtet\u00ebrore n\u00ebse nuk kan\u00eb marr\u00eb masat e duhura p\u00ebr ta parandaluar at\u00eb. <\/em><\/span><\/p>\n<p><span style=\"color: #000000;\"><em>I shpreh ngush\u00ebllimet e ndjera familjes!<\/em><\/span><\/p>\n","protected":false,"gt_translate_keys":[{"key":"rendered","format":"html"}]},"excerpt":{"rendered":"<p>Vetvrasja me fotoksin\u00eb e n\u00ebn\u00ebs s\u00eb 4 f\u00ebmij\u00ebve n\u00eb Durr\u00ebs, pasi i hap\u00ebn profil denigrues n\u00eb tik tok ka ngjallur reagime t\u00eb shumta dhe t\u00eb ashpra n\u00eb mbar\u00eb vendin. Dit\u00ebn e sotme ka reaguar gjithashtu edhe ish ministrja e Drejt\u00ebsis\u00eb Etilda Gjonaj, e cila e ka cil\u00ebsuar k\u00ebt\u00eb ngjarje si nj\u00eb k\u00ebmban\u00eb alarmi. N\u00ebp\u00ebrmjet nj\u00eb [&hellip;]<\/p>\n","protected":false,"gt_translate_keys":[{"key":"rendered","format":"html"}]},"author":30,"featured_media":644554,"comment_status":"closed","ping_status":"closed","sticky":false,"template":"","format":"standard","meta":{"footnotes":""},"categories":[65],"tags":[],"class_list":["post-644552","post","type-post","status-publish","format-standard","has-post-thumbnail","hentry","category-lajme"],"gt_translate_keys":[{"key":"link","format":"url"}],"_links":{"self":[{"href":"https:\/\/www.hashtag.al\/index.php\/wp-json\/wp\/v2\/posts\/644552","targetHints":{"allow":["GET"]}}],"collection":[{"href":"https:\/\/www.hashtag.al\/index.php\/wp-json\/wp\/v2\/posts"}],"about":[{"href":"https:\/\/www.hashtag.al\/index.php\/wp-json\/wp\/v2\/types\/post"}],"author":[{"embeddable":true,"href":"https:\/\/www.hashtag.al\/index.php\/wp-json\/wp\/v2\/users\/30"}],"replies":[{"embeddable":true,"href":"https:\/\/www.hashtag.al\/index.php\/wp-json\/wp\/v2\/comments?post=644552"}],"version-history":[{"count":0,"href":"https:\/\/www.hashtag.al\/index.php\/wp-json\/wp\/v2\/posts\/644552\/revisions"}],"wp:featuredmedia":[{"embeddable":true,"href":"https:\/\/www.hashtag.al\/index.php\/wp-json\/wp\/v2\/media\/644554"}],"wp:attachment":[{"href":"https:\/\/www.hashtag.al\/index.php\/wp-json\/wp\/v2\/media?parent=644552"}],"wp:term":[{"taxonomy":"category","embeddable":true,"href":"https:\/\/www.hashtag.al\/index.php\/wp-json\/wp\/v2\/categories?post=644552"},{"taxonomy":"post_tag","embeddable":true,"href":"https:\/\/www.hashtag.al\/index.php\/wp-json\/wp\/v2\/tags?post=644552"}],"curies":[{"name":"wp","href":"https:\/\/api.w.org\/{rel}","templated":true}]}}