{"id":644381,"date":"2024-01-05T19:26:46","date_gmt":"2024-01-05T18:26:46","guid":{"rendered":"https:\/\/www.hashtag.al\/?p=644381"},"modified":"2024-01-05T19:26:46","modified_gmt":"2024-01-05T18:26:46","slug":"basha-flet-si-kryeminister-i-ardhshem-zotimi-im-i-pare-eshte-clirimi-i-medias-nga-roberia","status":"publish","type":"post","link":"https:\/\/www.hashtag.al\/index.php\/2024\/01\/05\/basha-flet-si-kryeminister-i-ardhshem-zotimi-im-i-pare-eshte-clirimi-i-medias-nga-roberia\/","title":{"rendered":"Basha flet si kryeminist\u00ebr i ardhsh\u00ebm: Zotimi im i par\u00eb \u00ebsht\u00eb \u00e7lirimi i medias nga rob\u00ebria","gt_translate_keys":[{"key":"rendered","format":"text"}]},"content":{"rendered":"<p><img loading=\"lazy\" decoding=\"async\" class=\"aligncenter size-full wp-image-644382\" src=\"https:\/\/www.hashtag.al\/wp-content\/uploads\/2024\/01\/gsdfgsdfgsdfg.jpg\" alt=\"\" width=\"621\" height=\"327\" srcset=\"https:\/\/www.hashtag.al\/wp-content\/uploads\/2024\/01\/gsdfgsdfgsdfg.jpg 621w, https:\/\/www.hashtag.al\/wp-content\/uploads\/2024\/01\/gsdfgsdfgsdfg-300x158.jpg 300w\" sizes=\"auto, (max-width: 621px) 100vw, 621px\" \/><\/p>\n<p><span style=\"color: #000000;\">Lulzim\u00a0 Basha, i cili ka drejtuar deri para pak dit\u00ebsh PD-n\u00eb zyrtare, deri n\u00eb sqarimin n\u00eb gjykat\u00eb t\u00eb \u00e7\u00ebshtjes s\u00eb vul\u00ebs e logos, tha sot se \u00e7lirimi i medias do jet\u00eb premtimi i par\u00eb i PD-s\u00eb n\u00eb programin e saj t\u00eb ri q\u00eb pritet t\u00eb shpaloset shpejt. <\/span><\/p>\n<p><span style=\"color: #000000;\">Teksa foli n\u00eb fest\u00ebn p\u00ebr 33-vjetorin e gazet\u00ebs Rilindja Demokratike, ai tha se media duhet \u00e7liruar nga rob\u00ebria e lidhjet me pushtetin, q\u00eb kan\u00eb zhb\u00ebr\u00eb misionin e saj.<\/span><\/p>\n<p><span style=\"color: #000000;\"><em>\u201cI urojm\u00eb medias dhe punonj\u00ebsve t\u00eb saj nj\u00eb vit t\u00eb mbar\u00eb dhe nj\u00eb vit kthese p\u00ebr lirin\u00eb e shtypit. Ne demokrat\u00ebt kemi probleme jo t\u00eb vogla me imazhin dhe perceptimin e imazhit. Pjes\u00eb e k\u00ebsaj \u00ebsht\u00eb edhe gazeta Rilindja Demokratike. Duhet t\u00eb reflektojm\u00eb dhe kemi nj\u00eb vullnet dhe besim t\u00eb rigjetur p\u00ebr t\u00eb reflektuar si\u00e7 jemi zotuar 33 vite m\u00eb par\u00eb, p\u00ebr t\u00eb nd\u00ebrtuar ura komunikimi me shoq\u00ebrin\u00eb, grupet e interesit dhe individ\u00ebt q\u00eb p\u00ebrb\u00ebjn\u00eb shoq\u00ebrin\u00eb shqiptare. Zotimi i im i par\u00eb sot \u00ebsht\u00eb se PD duke nisur me shpalosjen e programit t\u00eb saj n\u00eb vijim zotohet se do \u00e7liroj\u00eb median shqiptare nga rob\u00ebria dhe lidhjet me pushtetin q\u00eb ka zhb\u00ebr\u00eb misionin kryesor t\u00eb medias\u201d<\/em>, tha Basha.<\/span><\/p>\n","protected":false,"gt_translate_keys":[{"key":"rendered","format":"html"}]},"excerpt":{"rendered":"<p>Lulzim\u00a0 Basha, i cili ka drejtuar deri para pak dit\u00ebsh PD-n\u00eb zyrtare, deri n\u00eb sqarimin n\u00eb gjykat\u00eb t\u00eb \u00e7\u00ebshtjes s\u00eb vul\u00ebs e logos, tha sot se \u00e7lirimi i medias do jet\u00eb premtimi i par\u00eb i PD-s\u00eb n\u00eb programin e saj t\u00eb ri q\u00eb pritet t\u00eb shpaloset shpejt. Teksa foli n\u00eb fest\u00ebn p\u00ebr 33-vjetorin e gazet\u00ebs [&hellip;]<\/p>\n","protected":false,"gt_translate_keys":[{"key":"rendered","format":"html"}]},"author":51,"featured_media":644382,"comment_status":"closed","ping_status":"closed","sticky":false,"template":"","format":"standard","meta":{"footnotes":""},"categories":[65],"tags":[],"class_list":["post-644381","post","type-post","status-publish","format-standard","has-post-thumbnail","hentry","category-lajme"],"gt_translate_keys":[{"key":"link","format":"url"}],"_links":{"self":[{"href":"https:\/\/www.hashtag.al\/index.php\/wp-json\/wp\/v2\/posts\/644381","targetHints":{"allow":["GET"]}}],"collection":[{"href":"https:\/\/www.hashtag.al\/index.php\/wp-json\/wp\/v2\/posts"}],"about":[{"href":"https:\/\/www.hashtag.al\/index.php\/wp-json\/wp\/v2\/types\/post"}],"author":[{"embeddable":true,"href":"https:\/\/www.hashtag.al\/index.php\/wp-json\/wp\/v2\/users\/51"}],"replies":[{"embeddable":true,"href":"https:\/\/www.hashtag.al\/index.php\/wp-json\/wp\/v2\/comments?post=644381"}],"version-history":[{"count":0,"href":"https:\/\/www.hashtag.al\/index.php\/wp-json\/wp\/v2\/posts\/644381\/revisions"}],"wp:featuredmedia":[{"embeddable":true,"href":"https:\/\/www.hashtag.al\/index.php\/wp-json\/wp\/v2\/media\/644382"}],"wp:attachment":[{"href":"https:\/\/www.hashtag.al\/index.php\/wp-json\/wp\/v2\/media?parent=644381"}],"wp:term":[{"taxonomy":"category","embeddable":true,"href":"https:\/\/www.hashtag.al\/index.php\/wp-json\/wp\/v2\/categories?post=644381"},{"taxonomy":"post_tag","embeddable":true,"href":"https:\/\/www.hashtag.al\/index.php\/wp-json\/wp\/v2\/tags?post=644381"}],"curies":[{"name":"wp","href":"https:\/\/api.w.org\/{rel}","templated":true}]}}