{"id":644121,"date":"2024-01-04T18:15:27","date_gmt":"2024-01-04T17:15:27","guid":{"rendered":"https:\/\/www.hashtag.al\/?p=644121"},"modified":"2024-01-04T18:15:27","modified_gmt":"2024-01-04T17:15:27","slug":"mbeshtetesit-e-berishes-poshte-pallatit-ish-kryeministri-i-pershendet-me-fjalim-te-parapergatitur","status":"publish","type":"post","link":"https:\/\/www.hashtag.al\/index.php\/2024\/01\/04\/mbeshtetesit-e-berishes-poshte-pallatit-ish-kryeministri-i-pershendet-me-fjalim-te-parapergatitur\/","title":{"rendered":"Mb\u00ebshtet\u00ebsit e Berish\u00ebs posht\u00eb pallatit, ish-kryeministri i p\u00ebrsh\u00ebndet me fjalim t\u00eb parap\u00ebrgatitur","gt_translate_keys":[{"key":"rendered","format":"text"}]},"content":{"rendered":"<p style=\"text-align: left;\"><span style=\"color: #000000;\"><img loading=\"lazy\" decoding=\"async\" class=\"size-full wp-image-644122 aligncenter\" src=\"https:\/\/www.hashtag.al\/wp-content\/uploads\/2024\/01\/4545454545.jpg\" alt=\"\" width=\"965\" height=\"450\" srcset=\"https:\/\/www.hashtag.al\/wp-content\/uploads\/2024\/01\/4545454545.jpg 965w, https:\/\/www.hashtag.al\/wp-content\/uploads\/2024\/01\/4545454545-300x140.jpg 300w, https:\/\/www.hashtag.al\/wp-content\/uploads\/2024\/01\/4545454545-768x358.jpg 768w\" sizes=\"auto, (max-width: 965px) 100vw, 965px\" \/><\/span><\/p>\n<p style=\"text-align: left;\"><span style=\"color: #000000;\">Nd\u00ebrsa dhjet\u00ebra mb\u00ebshtet\u00ebs t\u00eb tij jan\u00eb mbledhur posht\u00eb banes\u00ebs, ish-kryeministri Sali Berisha ka dal\u00eb n\u00eb dritare dhe i ka p\u00ebrsh\u00ebndetur ata.<\/span><\/p>\n<p style=\"text-align: left;\"><span style=\"color: #000000;\">Berisha, i cili ndodhen n\u00ebn mas\u00ebn e siguris\u00eb \u2018arrest sht\u00ebpie\u2019, sikurse dhe dje, \u00ebsht\u00eb shfaqur n\u00eb dritaren e banes\u00ebs dhe ka folur me mikrofon, por sot me fjalim t\u00eb p\u00ebrgatitur m\u00eb her\u00ebt.<\/span><\/p>\n<p style=\"text-align: left;\"><span style=\"color: #000000;\"><strong>Pjes\u00eb nga fjala e Berish\u00ebs:<\/strong><\/span><\/p>\n<p style=\"text-align: left;\"><span style=\"color: #000000;\"><em>Faji i Sali Berish\u00ebs \u00ebsht\u00eb se nd\u00ebrhyri p\u00ebr t\u00eb shp\u00ebtuar opozit\u00ebn e Shqip\u00ebris\u00eb kur ajo u kap peng nga Edi Rama<\/em><\/span><\/p>\n<p style=\"text-align: left;\"><span style=\"color: #000000;\"><em>S\u00eb pari, nj\u00eb falenderim nga zemra dhe i p\u00ebrulur p\u00ebr secilin nga ju, sa her\u00eb q\u00eb un\u00eb dal n\u00eb k\u00ebt\u00eb dritare dhe ju shoh ju k\u00ebtu, ndjej nj\u00eb er\u00eb t\u00eb fuqishme q\u00eb fryn.<\/em><\/span><\/p>\n<p style=\"text-align: left;\"><span style=\"color: #000000;\"><em>Kjo nuk \u00ebsht\u00eb era stinore e janarit, kjo nuk \u00ebsht\u00eb era e ftoht\u00eb e dimrit, por kjo \u00ebsht\u00eb era e shpres\u00ebs, era e fitores, era e t\u00eb ardhmes p\u00ebr PD-n\u00eb dhe shqiptar\u00ebt.<\/em><\/span><\/p>\n<p style=\"text-align: left;\"><span style=\"color: #000000;\"><em>Kjo pra \u00ebsht\u00eb era e ndryshimit, e cila buron nga shpirti, zemra, idealet tuaja dhe ka t\u00eb gjith\u00eb fuqin\u00eb p\u00ebr t\u00eb ndryshuar fatet e shqiptar\u00ebve dhe Shqip\u00ebris\u00eb.<\/em><\/span><\/p>\n<p style=\"text-align: left;\"><span style=\"color: #000000;\"><em>Grumbullimi juaj k\u00ebtu l\u00ebshon rrezet e para t\u00eb drit\u00ebs q\u00eb ndri\u00e7ojn\u00eb nj\u00eb Shqip\u00ebri, e cila ishte e zhytur n\u00eb err\u00ebsir\u00eb.<\/em><\/span><br \/>\n<span style=\"color: #000000;\"><em>Ju po ringjallni shpres\u00ebn, ju po ringjallni besimin, prandaj dhe fal\u00ebnderimin tim m\u00eb t\u00eb madh p\u00ebr ju demokrat\u00eb dhe demokrate t\u00eb mbledhur sot n\u00eb k\u00ebt\u00eb rrug\u00eb.<\/em><\/span><\/p>\n<p style=\"text-align: left;\"><span style=\"color: #000000;\"><em>Kurr\u00eb ndonj\u00ebher\u00eb n\u00eb historin\u00eb e per\u00ebndimit nuk \u00ebsht\u00eb b\u00ebr\u00eb nj\u00eb luft\u00eb kaq e eg\u00ebr kund\u00ebr nj\u00eb partie si ajo q\u00eb na \u00ebsht\u00eb b\u00ebr\u00eb ne si PD.<\/em><\/span><\/p>\n<p style=\"text-align: left;\"><span style=\"color: #000000;\"><em>Kurr\u00eb nuk \u00ebsht\u00eb b\u00ebr\u00eb ndonj\u00eb luft\u00eb ndaj nj\u00eb partie si kjo q\u00eb i \u00ebsht\u00eb b\u00ebr\u00eb PD, e cila ndau historin\u00eb, ndau epokat, p\u00ebrmbysi diktatur\u00ebn m\u00eb t\u00eb eg\u00ebr, m\u00eb staliniste q\u00eb Europa kishte njohur. Nxori Shqip\u00ebrin\u00eb dhe shqiptar\u00ebt nga honet m\u00eb t\u00eb thella t\u00eb historis\u00eb n\u00eb drit\u00ebn e rrug\u00ebs drejt BE, e an\u00ebtar\u00ebsoi at\u00eb n\u00eb NATO dhe ia doli q\u00eb shqiptar\u00ebt, kombi m\u00eb i varf\u00ebr i Europ\u00ebs, i treti m\u00eb i varf\u00ebr i planetit, t\u00eb renditet n\u00eb grupin e vendeve me t\u00eb ardhura t\u00eb mesme t\u00eb larta.<\/em><\/span><br \/>\n<span style=\"color: #000000;\"><em>N\u00eb vitet e p\u00ebrpjekjeve t\u00eb p\u00ebrbashk\u00ebta, PD b\u00ebri m\u00eb shum\u00eb se t\u00eb gjith\u00eb paraardh\u00ebsit e saj n\u00eb 110 vite pavar\u00ebsi t\u00eb marr\u00eb s\u00eb bashku.<\/em><\/span><\/p>\n<p style=\"text-align: left;\"><span style=\"color: #000000;\"><em>Me gjith\u00eb k\u00ebto, k\u00ebt\u00eb 10-vje\u00e7ar, demokrat\u00ebt jan\u00eb persekutuar, jan\u00eb trajtuar si qytetar\u00eb t\u00eb dor\u00ebs s\u00eb dyt\u00eb dhe t\u00eb tret\u00eb, jan\u00eb diskriminuar, jan\u00eb mohuar, jan\u00eb luftuar eg\u00ebrsisht si armiq nga Edi Rama, narkoregjimi i tij, mafia nd\u00ebrkomb\u00ebtare me n\u00eb krye monstr\u00ebn e njer\u00ebzimit, Xhorxh Sorosin.<\/em><\/span><\/p>\n<p style=\"text-align: left;\"><span style=\"color: #000000;\"><em>Pse kjo luft\u00eb kund\u00ebr demokrat\u00ebve? Nj\u00eb p\u00ebrgjigje do merrni kudo: fajin e ka Saliu. Por p\u00ebrgjigjen e v\u00ebrtet\u00eb e di \u00e7do shqiptar. Faji i Sali Berish\u00ebs \u00ebsht\u00eb se nd\u00ebrhyri p\u00ebr t\u00eb shp\u00ebtuar opozit\u00ebn e Shqip\u00ebris\u00eb kur ajo u kap peng nga Edi Rama.<\/em><\/span><\/p>\n<p style=\"text-align: left;\"><span style=\"color: #000000;\"><em>Faji i Sali Berish\u00ebs \u00ebsht\u00eb se nd\u00ebrhyri kur t\u00eb tjer\u00ebt donin t\u2019i caktonin asaj kryetarin dhe u tha jo, kreu i PD do p\u00ebrcaktohet p\u00ebrjet\u00eb vet\u00ebm nga shqiptar\u00ebt, nga demokrat\u00ebt.<\/em><\/span><\/p>\n<p style=\"text-align: left;\"><span style=\"color: #000000;\"><em>Faji i Saliut ishte se denoncoi \u00e7do dit\u00eb aferat e shekullit, incenerator\u00ebt, sterilizator\u00ebt, vjedhjet n\u00eb Portin e Durr\u00ebsit, lidhjet e tmerrshme t\u00eb Edi Ram\u00ebs dhe qeveritar\u00ebt me bandat, me trafikant\u00ebt e drog\u00ebs.<\/em><\/span><\/p>\n","protected":false,"gt_translate_keys":[{"key":"rendered","format":"html"}]},"excerpt":{"rendered":"<p>Nd\u00ebrsa dhjet\u00ebra mb\u00ebshtet\u00ebs t\u00eb tij jan\u00eb mbledhur posht\u00eb banes\u00ebs, ish-kryeministri Sali Berisha ka dal\u00eb n\u00eb dritare dhe i ka p\u00ebrsh\u00ebndetur ata. Berisha, i cili ndodhen n\u00ebn mas\u00ebn e siguris\u00eb \u2018arrest sht\u00ebpie\u2019, sikurse dhe dje, \u00ebsht\u00eb shfaqur n\u00eb dritaren e banes\u00ebs dhe ka folur me mikrofon, por sot me fjalim t\u00eb p\u00ebrgatitur m\u00eb her\u00ebt. Pjes\u00eb nga [&hellip;]<\/p>\n","protected":false,"gt_translate_keys":[{"key":"rendered","format":"html"}]},"author":4,"featured_media":644122,"comment_status":"closed","ping_status":"closed","sticky":false,"template":"","format":"standard","meta":{"footnotes":""},"categories":[65],"tags":[],"class_list":["post-644121","post","type-post","status-publish","format-standard","has-post-thumbnail","hentry","category-lajme"],"gt_translate_keys":[{"key":"link","format":"url"}],"_links":{"self":[{"href":"https:\/\/www.hashtag.al\/index.php\/wp-json\/wp\/v2\/posts\/644121","targetHints":{"allow":["GET"]}}],"collection":[{"href":"https:\/\/www.hashtag.al\/index.php\/wp-json\/wp\/v2\/posts"}],"about":[{"href":"https:\/\/www.hashtag.al\/index.php\/wp-json\/wp\/v2\/types\/post"}],"author":[{"embeddable":true,"href":"https:\/\/www.hashtag.al\/index.php\/wp-json\/wp\/v2\/users\/4"}],"replies":[{"embeddable":true,"href":"https:\/\/www.hashtag.al\/index.php\/wp-json\/wp\/v2\/comments?post=644121"}],"version-history":[{"count":0,"href":"https:\/\/www.hashtag.al\/index.php\/wp-json\/wp\/v2\/posts\/644121\/revisions"}],"wp:featuredmedia":[{"embeddable":true,"href":"https:\/\/www.hashtag.al\/index.php\/wp-json\/wp\/v2\/media\/644122"}],"wp:attachment":[{"href":"https:\/\/www.hashtag.al\/index.php\/wp-json\/wp\/v2\/media?parent=644121"}],"wp:term":[{"taxonomy":"category","embeddable":true,"href":"https:\/\/www.hashtag.al\/index.php\/wp-json\/wp\/v2\/categories?post=644121"},{"taxonomy":"post_tag","embeddable":true,"href":"https:\/\/www.hashtag.al\/index.php\/wp-json\/wp\/v2\/tags?post=644121"}],"curies":[{"name":"wp","href":"https:\/\/api.w.org\/{rel}","templated":true}]}}