{"id":644118,"date":"2024-01-04T18:21:01","date_gmt":"2024-01-04T17:21:01","guid":{"rendered":"https:\/\/www.hashtag.al\/?p=644118"},"modified":"2024-01-04T18:21:01","modified_gmt":"2024-01-04T17:21:01","slug":"dan-hutra-tenton-arratisjen-nga-burgu-i-fierit-i-gjenden-mjete-prerese-ne-qeli","status":"publish","type":"post","link":"https:\/\/www.hashtag.al\/index.php\/2024\/01\/04\/dan-hutra-tenton-arratisjen-nga-burgu-i-fierit-i-gjenden-mjete-prerese-ne-qeli\/","title":{"rendered":"Dan Hutra tenton arratisjen nga burgu i Fierit, i gjenden mjete prer\u00ebse n\u00eb qeli","gt_translate_keys":[{"key":"rendered","format":"text"}]},"content":{"rendered":"<p><span style=\"color: #000000;\"><a style=\"color: #000000;\" href=\"https:\/\/www.hashtag.al\/wp-content\/uploads\/2024\/01\/kater-te-denuarit-tentative-per-arratisje-dan-hutra.jpg\"><img loading=\"lazy\" decoding=\"async\" class=\"aligncenter size-full wp-image-644127\" src=\"https:\/\/www.hashtag.al\/wp-content\/uploads\/2024\/01\/kater-te-denuarit-tentative-per-arratisje-dan-hutra.jpg\" alt=\"\" width=\"780\" height=\"440\" srcset=\"https:\/\/www.hashtag.al\/wp-content\/uploads\/2024\/01\/kater-te-denuarit-tentative-per-arratisje-dan-hutra.jpg 780w, https:\/\/www.hashtag.al\/wp-content\/uploads\/2024\/01\/kater-te-denuarit-tentative-per-arratisje-dan-hutra-300x169.jpg 300w, https:\/\/www.hashtag.al\/wp-content\/uploads\/2024\/01\/kater-te-denuarit-tentative-per-arratisje-dan-hutra-768x433.jpg 768w\" sizes=\"auto, (max-width: 780px) 100vw, 780px\" \/><\/a><\/span><\/p>\n<p><span style=\"color: #000000;\">I ashtuquajturi vras\u00ebsi i grave Dan Hutra, ka tentuar arratisjen nga burgu i Fierit por \u00ebsht\u00eb pikasur gjat\u00eb kontrollit n\u00eb qeli.<\/span><\/p>\n<p><span style=\"color: #000000;\">Drejtoria e P\u00ebrgjithshme e Burgjeve ka b\u00ebr\u00eb me dije detajet nga tentativa p\u00ebr arratisje ku s\u00eb bashku me Hutr\u00ebn jan\u00eb edhe tre t\u00eb burgosur t\u00eb tjer\u00eb t\u00eb cil\u00ebt dyshohet se kan\u00eb bashk\u00ebpunuar n\u00eb tentativ\u00ebn p\u00ebr arratisje.<\/span><\/p>\n<p><span style=\"color: #000000;\">Gjat\u00eb kontrollit nga punonj\u00ebsit e siguris\u00eb, u konstatua se edhe n\u00eb dhom\u00ebn nr. 15, ishin fshehur mjete p\u00ebr arratisje, konkretisht: nj\u00eb \u00e7ar\u00e7af i p\u00ebrshtatur si litar dhe mjete prer\u00ebse t\u00eb improvizuara.<\/span><\/p>\n<p><span style=\"color: #000000;\"><strong>Njoftimi i plot\u00eb:<\/strong><\/span><\/p>\n<p><span style=\"color: #000000;\">&#8220;Sot, m\u00eb dat\u00eb 04.01.2024, rreth or\u00ebs 11:25, n\u00eb IEVP Fier, si rezultat i ndjekjes, mbikqyrjes, kontrollit dhe p\u00ebrdorimit t\u00eb mjeteve teknike disa javore nga stafi i burgjeve, u kap n\u00eb flagranc\u00eb duke tentuar p\u00ebr t&#8217;u arratisur i burgosuri me rrezikshm\u00ebri dhe histori kriminale, Dan Riza Hutra (autor i disa vrasjeve)&#8221;, njofton drejtoria e P\u00ebrgjithshme e Burgjeve.<\/span><\/p>\n<p><span style=\"color: #000000;\">Gjat\u00eb kontrollit nga punonj\u00ebsit e siguris\u00eb, u konstatua se edhe n\u00eb dhom\u00ebn nr. 15, ku ishte i akomoduar i burgosuri me potencial t\u00eb lart\u00eb rrezikshm\u00ebrie, Dan Hutra, ishin fshehur mjete p\u00ebr arratisje, konkretisht: nj\u00eb \u00e7ar\u00e7af i p\u00ebrshtatur si litar dhe mjete prer\u00ebse t\u00eb improvizuara.<\/span><\/p>\n<p><span style=\"color: #000000;\">T\u00eb dh\u00ebnat paraprake tregojn\u00eb p\u00ebr bashk\u00ebpunim nd\u00ebrmjet t\u00eb kat\u00ebr t\u00eb burgosurve, p\u00ebr thyerje t\u00eb siguris\u00eb dhe tentativ\u00eb arratisje. Prokuroria \u00ebsht\u00eb duke kryer hetime p\u00ebr ngjarjen.<\/span><\/p>\n<p><span style=\"color: #000000;\">T\u00eb p\u00ebrfshir\u00eb n\u00eb k\u00ebt\u00eb ngjarje jan\u00eb:<\/span><\/p>\n<p><span style=\"color: #000000;\">Shtetasi Dan Hutra, i biri Riza dhe Mislime, i dat\u00eblindjes 01.08.1982, lindur n\u00eb Kuk\u00ebs dhe banues ne Kod\u00ebr Kam\u00ebz, Tiran\u00eb, me shtet\u00ebsi dhe komb\u00ebsi shqiptare, me histori t\u00eb p\u00ebrs\u00ebritur kriminale, me Vendimin Nr.466 Regj.Them, dat\u00eb.04.03.2023, t\u00eb Gjykat\u00ebs s\u00eb Rrethit Gjyq\u00ebsor Tiran\u00eb, i \u00ebsht\u00eb caktuar masa e sigurimit personal \u201carrest n\u00eb burg\u201d, i dyshuar p\u00ebr kryerjen e\u00a0 veprave penale, \u201cVrasje p\u00ebr shkak t\u00eb marr\u00ebdh\u00ebnieve familjare\u201d, parashikuar nga neni 79\/c, \u201cVrasje p\u00ebr shkak t\u00eb marr\u00ebdh\u00ebnieve familjare\u201d, mbetur n\u00eb tentativ\u00eb, parashikuar nga neni 79\/c-22, si autor i dyshuar p\u00ebr vrasjen e kat\u00ebr personave.<\/span><\/p>\n<p><span style=\"color: #000000;\">Shtetasi\u00a0<strong>Martin Kapllani,<\/strong>i biri i Adhurim dhe Rezarta, i dat\u00eblindjes 24.12.2003, lindur dhe banues n\u00eb Vlor\u00eb, me Vendimin Nr.62-2023-4189, dat\u00eb 04.11.2023, t\u00eb Gjykat\u00ebs s\u00eb Shkall\u00ebs s\u00eb Par\u00eb t\u00eb Juridiksionit t\u00eb P\u00ebrgjithsh\u00ebm Fier, i \u00ebsht\u00eb caktuar masa e sigurimit personal \u201carrest n\u00eb burg\u201d, i dyshuar p\u00ebr kryerjen e veprave penale \u201cVjedhja\u201d, e parashikuar nga neni 134\/2 K.Penal.<\/span><\/p>\n<p><span style=\"color: #000000;\">Shtetasi\u00a0<strong>Geraldo Veizaj<\/strong>, i biri i Barjam dhe Luiza, i dat\u00eblindjes 04.07.2004, lindur dhe banues n\u00eb Vlor\u00eb, me Vendimin Nr.62-2023-4189, dat\u00eb 04.11.2023, t\u00eb Gjykat\u00ebs s\u00eb Shkall\u00ebs s\u00eb Par\u00eb t\u00eb Juridiksionit t\u00eb P\u00ebrgjithsh\u00ebm Fier, i \u00ebsht\u00eb caktuar masa e sigurimit personal \u201carrest n\u00eb burg\u201d, i dyshuar p\u00ebr kryerjen e veprave penale \u201cVjedhja\u201d, e parashikuar nga neni 134\/2 K.Penal.<\/span><\/p>\n<p><span style=\"color: #000000;\">Shtetasi\u00a0<strong>Feti Kova\u00e7i<\/strong>, i biri Arben dhe D\u00ebshira, i dat\u00eblindjes 20.02.1996, lindur dhe banues ne Vlor\u00eb, Lgj. \u201c24-Maji\u201d, me shtet\u00ebsi dhe komb\u00ebsi shqiptare, i ardhur m\u00eb dat\u00eb 21.10.2023, nga Komisariati i Policis\u00eb Vlor\u00eb, pasi ndaj tij Gjykata e Shkall\u00ebs s\u00eb Par\u00eb t\u00eb Juridiksionit t\u00eb P\u00ebrgjithsh\u00ebm Vlor\u00eb me (Shkurtim-Vendimi) Nr.476, dat\u00eb 21.10.2023, ka caktuar mas\u00ebn e sigurimit personal \u201cArrest n\u00eb burg\u201d, i dyshuar p\u00ebr kryerjen e vepr\u00ebs penale \u201cVjedhja\u201d, e parashikuar nga neni 134\/2 K.Penal.<\/span><\/p>\n","protected":false,"gt_translate_keys":[{"key":"rendered","format":"html"}]},"excerpt":{"rendered":"<p>I ashtuquajturi vras\u00ebsi i grave Dan Hutra, ka tentuar arratisjen nga burgu i Fierit por \u00ebsht\u00eb pikasur gjat\u00eb kontrollit n\u00eb qeli. Drejtoria e P\u00ebrgjithshme e Burgjeve ka b\u00ebr\u00eb me dije detajet nga tentativa p\u00ebr arratisje ku s\u00eb bashku me Hutr\u00ebn jan\u00eb edhe tre t\u00eb burgosur t\u00eb tjer\u00eb t\u00eb cil\u00ebt dyshohet se kan\u00eb bashk\u00ebpunuar n\u00eb tentativ\u00ebn [&hellip;]<\/p>\n","protected":false,"gt_translate_keys":[{"key":"rendered","format":"html"}]},"author":32,"featured_media":644127,"comment_status":"closed","ping_status":"closed","sticky":false,"template":"","format":"standard","meta":{"footnotes":""},"categories":[65,13],"tags":[],"class_list":["post-644118","post","type-post","status-publish","format-standard","has-post-thumbnail","hentry","category-lajme","category-te-fundit"],"gt_translate_keys":[{"key":"link","format":"url"}],"_links":{"self":[{"href":"https:\/\/www.hashtag.al\/index.php\/wp-json\/wp\/v2\/posts\/644118","targetHints":{"allow":["GET"]}}],"collection":[{"href":"https:\/\/www.hashtag.al\/index.php\/wp-json\/wp\/v2\/posts"}],"about":[{"href":"https:\/\/www.hashtag.al\/index.php\/wp-json\/wp\/v2\/types\/post"}],"author":[{"embeddable":true,"href":"https:\/\/www.hashtag.al\/index.php\/wp-json\/wp\/v2\/users\/32"}],"replies":[{"embeddable":true,"href":"https:\/\/www.hashtag.al\/index.php\/wp-json\/wp\/v2\/comments?post=644118"}],"version-history":[{"count":0,"href":"https:\/\/www.hashtag.al\/index.php\/wp-json\/wp\/v2\/posts\/644118\/revisions"}],"wp:featuredmedia":[{"embeddable":true,"href":"https:\/\/www.hashtag.al\/index.php\/wp-json\/wp\/v2\/media\/644127"}],"wp:attachment":[{"href":"https:\/\/www.hashtag.al\/index.php\/wp-json\/wp\/v2\/media?parent=644118"}],"wp:term":[{"taxonomy":"category","embeddable":true,"href":"https:\/\/www.hashtag.al\/index.php\/wp-json\/wp\/v2\/categories?post=644118"},{"taxonomy":"post_tag","embeddable":true,"href":"https:\/\/www.hashtag.al\/index.php\/wp-json\/wp\/v2\/tags?post=644118"}],"curies":[{"name":"wp","href":"https:\/\/api.w.org\/{rel}","templated":true}]}}