{"id":643688,"date":"2024-01-02T19:20:46","date_gmt":"2024-01-02T18:20:46","guid":{"rendered":"https:\/\/www.hashtag.al\/?p=643688"},"modified":"2024-01-02T20:42:39","modified_gmt":"2024-01-02T19:42:39","slug":"numri-i-viktimave-ne-gaza-kalon-22000-luftime-pa-nderprerje-mes-trupave-izraelite-e-hamasit","status":"publish","type":"post","link":"https:\/\/www.hashtag.al\/index.php\/2024\/01\/02\/numri-i-viktimave-ne-gaza-kalon-22000-luftime-pa-nderprerje-mes-trupave-izraelite-e-hamasit\/","title":{"rendered":"Numri i viktimave n\u00eb Gaza kalon 22,000, luftime pa nd\u00ebrprerje Izrael-Hamas","gt_translate_keys":[{"key":"rendered","format":"text"}]},"content":{"rendered":"<p><img loading=\"lazy\" decoding=\"async\" class=\"aligncenter size-full wp-image-643689\" src=\"https:\/\/www.hashtag.al\/wp-content\/uploads\/2024\/01\/gaza.png\" alt=\"\" width=\"1082\" height=\"682\" srcset=\"https:\/\/www.hashtag.al\/wp-content\/uploads\/2024\/01\/gaza.png 1082w, https:\/\/www.hashtag.al\/wp-content\/uploads\/2024\/01\/gaza-300x189.png 300w, https:\/\/www.hashtag.al\/wp-content\/uploads\/2024\/01\/gaza-1024x645.png 1024w, https:\/\/www.hashtag.al\/wp-content\/uploads\/2024\/01\/gaza-768x484.png 768w\" sizes=\"auto, (max-width: 1082px) 100vw, 1082px\" \/><\/p>\n<p><span style=\"color: #000000;\">Forcat izraelite sulmuan Khan Younis n\u00eb Rripin jugor t\u00eb Gaz\u00ebs me zjarr tankesh dhe sulme ajrore t\u00eb mart\u00ebn, than\u00eb banor\u00ebt nd\u00ebrsa trupat tok\u00ebsore izraelite dhe militant\u00ebt e Hamasit gjithashtu luftuan n\u00eb pjes\u00eb t\u00eb tjera t\u00eb enklav\u00ebs s\u00eb shkat\u00ebrruar. <\/span><\/p>\n<p><span style=\"color: #000000;\">Izraeli tha se trupat e tij kishin vrar\u00eb dhjet\u00ebra militant\u00eb n\u00eb veri t\u00eb Gaz\u00ebs dit\u00ebn e kaluar. Banor\u00ebt than\u00eb se tanket izraelite kishin granatuar pjes\u00eb t\u00eb kampit t\u00eb refugjat\u00ebve Al-Bureij n\u00eb zon\u00ebn qendrore. <\/span><\/p>\n<p><span style=\"color: #000000;\">Ministria e Sh\u00ebndet\u00ebsis\u00eb n\u00eb Gaza tha se 207 njer\u00ebz ishin vrar\u00eb n\u00eb 24 or\u00ebt e fundit, duke e \u00e7uar numrin total t\u00eb palestinez\u00ebve t\u00eb regjistruar n\u00eb m\u00eb shum\u00eb se 22,000 n\u00eb gati tre muaj luft\u00eb n\u00eb enklav\u00ebn e sunduar nga Hamasi.<\/span><\/p>\n<p><span style=\"color: #000000;\">Ministri izraelit i Mbrojtjes Yoav Gallant tha se operacionet n\u00eb jug rreth Khan Younis ishin t\u00eb p\u00ebrqendruara n\u00eb zonat mbi rrjetin e tunelit ku besohej se fshiheshin lider\u00ebt e Hamasit.<\/span><\/p>\n<p><span style=\"color: #000000;\"><em>&#8220;Ne po i arrijm\u00eb n\u00eb t\u00eb gjitha m\u00ebnyrat. Tashm\u00eb ka angazhim po fatkeq\u00ebsisht ka shum\u00eb pengje atje,&#8221;<\/em> u tha ai trupave n\u00eb Gaza n\u00eb pamjet e shfaqura n\u00eb televizionin izraelit.<\/span><\/p>\n<p><span style=\"color: #000000;\">Luftimet e fundit u zhvilluan pasi Izraeli njoftoi planet p\u00ebr t\u00eb t\u00ebrhequr disa trupa, duke sinjalizuar nj\u00eb faz\u00eb t\u00eb re n\u00eb luft\u00ebn kund\u00ebr Hamasit mes shqet\u00ebsimeve globale p\u00ebr gjendjen e r\u00ebnd\u00eb t\u00eb banor\u00ebve t\u00eb Gaz\u00ebs.<\/span><\/p>\n<p><img loading=\"lazy\" decoding=\"async\" class=\"aligncenter size-full wp-image-643690\" src=\"https:\/\/www.hashtag.al\/wp-content\/uploads\/2024\/01\/gaza3.png\" alt=\"\" width=\"1085\" height=\"717\" srcset=\"https:\/\/www.hashtag.al\/wp-content\/uploads\/2024\/01\/gaza3.png 1085w, https:\/\/www.hashtag.al\/wp-content\/uploads\/2024\/01\/gaza3-300x198.png 300w, https:\/\/www.hashtag.al\/wp-content\/uploads\/2024\/01\/gaza3-1024x677.png 1024w, https:\/\/www.hashtag.al\/wp-content\/uploads\/2024\/01\/gaza3-768x508.png 768w\" sizes=\"auto, (max-width: 1085px) 100vw, 1085px\" \/><\/p>\n","protected":false,"gt_translate_keys":[{"key":"rendered","format":"html"}]},"excerpt":{"rendered":"<p>Forcat izraelite sulmuan Khan Younis n\u00eb Rripin jugor t\u00eb Gaz\u00ebs me zjarr tankesh dhe sulme ajrore t\u00eb mart\u00ebn, than\u00eb banor\u00ebt nd\u00ebrsa trupat tok\u00ebsore izraelite dhe militant\u00ebt e Hamasit gjithashtu luftuan n\u00eb pjes\u00eb t\u00eb tjera t\u00eb enklav\u00ebs s\u00eb shkat\u00ebrruar. Izraeli tha se trupat e tij kishin vrar\u00eb dhjet\u00ebra militant\u00eb n\u00eb veri t\u00eb Gaz\u00ebs dit\u00ebn e kaluar. [&hellip;]<\/p>\n","protected":false,"gt_translate_keys":[{"key":"rendered","format":"html"}]},"author":51,"featured_media":643689,"comment_status":"closed","ping_status":"closed","sticky":false,"template":"","format":"standard","meta":{"footnotes":""},"categories":[6],"tags":[],"class_list":["post-643688","post","type-post","status-publish","format-standard","has-post-thumbnail","hentry","category-nderkombetare"],"gt_translate_keys":[{"key":"link","format":"url"}],"_links":{"self":[{"href":"https:\/\/www.hashtag.al\/index.php\/wp-json\/wp\/v2\/posts\/643688","targetHints":{"allow":["GET"]}}],"collection":[{"href":"https:\/\/www.hashtag.al\/index.php\/wp-json\/wp\/v2\/posts"}],"about":[{"href":"https:\/\/www.hashtag.al\/index.php\/wp-json\/wp\/v2\/types\/post"}],"author":[{"embeddable":true,"href":"https:\/\/www.hashtag.al\/index.php\/wp-json\/wp\/v2\/users\/51"}],"replies":[{"embeddable":true,"href":"https:\/\/www.hashtag.al\/index.php\/wp-json\/wp\/v2\/comments?post=643688"}],"version-history":[{"count":0,"href":"https:\/\/www.hashtag.al\/index.php\/wp-json\/wp\/v2\/posts\/643688\/revisions"}],"wp:featuredmedia":[{"embeddable":true,"href":"https:\/\/www.hashtag.al\/index.php\/wp-json\/wp\/v2\/media\/643689"}],"wp:attachment":[{"href":"https:\/\/www.hashtag.al\/index.php\/wp-json\/wp\/v2\/media?parent=643688"}],"wp:term":[{"taxonomy":"category","embeddable":true,"href":"https:\/\/www.hashtag.al\/index.php\/wp-json\/wp\/v2\/categories?post=643688"},{"taxonomy":"post_tag","embeddable":true,"href":"https:\/\/www.hashtag.al\/index.php\/wp-json\/wp\/v2\/tags?post=643688"}],"curies":[{"name":"wp","href":"https:\/\/api.w.org\/{rel}","templated":true}]}}