{"id":643662,"date":"2024-01-02T16:44:23","date_gmt":"2024-01-02T15:44:23","guid":{"rendered":"https:\/\/www.hashtag.al\/?p=643662"},"modified":"2024-01-02T16:44:23","modified_gmt":"2024-01-02T15:44:23","slug":"luftime-te-ashpra-ne-jug-te-gazes","status":"publish","type":"post","link":"https:\/\/www.hashtag.al\/index.php\/2024\/01\/02\/luftime-te-ashpra-ne-jug-te-gazes\/","title":{"rendered":"Luftime t\u00eb ashpra n\u00eb jug t\u00eb Gaz\u00ebs","gt_translate_keys":[{"key":"rendered","format":"text"}]},"content":{"rendered":"<p style=\"text-align: left;\"><span style=\"color: #000000;\"><img loading=\"lazy\" decoding=\"async\" class=\"size-full wp-image-643665 aligncenter\" src=\"https:\/\/www.hashtag.al\/wp-content\/uploads\/2024\/01\/Screenshot-2024-01-02-164201-1.png\" alt=\"\" width=\"747\" height=\"432\" srcset=\"https:\/\/www.hashtag.al\/wp-content\/uploads\/2024\/01\/Screenshot-2024-01-02-164201-1.png 747w, https:\/\/www.hashtag.al\/wp-content\/uploads\/2024\/01\/Screenshot-2024-01-02-164201-1-300x173.png 300w, https:\/\/www.hashtag.al\/wp-content\/uploads\/2024\/01\/Screenshot-2024-01-02-164201-1-250x145.png 250w\" sizes=\"auto, (max-width: 747px) 100vw, 747px\" \/><\/span><\/p>\n<p style=\"text-align: left;\"><span style=\"color: #000000;\">Luftime t\u00eb ashpra jan\u00eb raportuar n\u00eb qytetin jugor t\u00eb Gaz\u00ebs, Han Junis, m\u00eb 2 janar, nj\u00eb dit\u00eb pasi Izraeli tha se do t\u00eb t\u00ebrheq\u00eb mij\u00ebra trupa nga zona t\u00eb tjera t\u00eb k\u00ebtij territori.<\/span><\/p>\n<p style=\"text-align: left;\"><span style=\"color: #000000;\">Palestinez\u00ebt raportuan p\u00ebr sulme ajrore dhe me artileri gjat\u00eb nat\u00ebs dhe n\u00eb m\u00ebngjesin e 2 janarit n\u00eb Han Junis dhe n\u00eb zonat af\u00ebr kufirit me Izraelin. Luftime po ashtu jan\u00eb raportuar n\u00eb dhe p\u00ebrreth kampit t\u00eb refugjat\u00ebve Burej, n\u00eb Gaz\u00ebn qendrore.<\/span><\/p>\n<p style=\"text-align: left;\"><span style=\"color: #000000;\">Edhe n\u00eb Qytetin e Gaz\u00ebs, prej ku shumica e banor\u00ebve kan\u00eb ikur dhe ku trupat izraelite po luftojn\u00eb me luft\u00ebtar\u00ebt e Hamasit p\u00ebr m\u00eb shum\u00eb se dy muaj, banor\u00ebt kan\u00eb raportuar p\u00ebr luftime n\u00eb lagje t\u00eb ndryshme, por edhe n\u00eb kampin e refugjat\u00ebve Xhabalia, q\u00eb gjendet af\u00ebr.<\/span><\/p>\n<p style=\"text-align: left;\"><span style=\"color: #000000;\">Kryeministri izraelit, Benjamin Netanyahu, \u00ebsht\u00eb zotuar se do t\u00eb vazhdoj\u00eb luft\u00ebn derisa Hamasi grupi palestinez i shpallur organizat\u00eb terroriste nga SHBA-ja dhe BE-ja t\u00eb shkat\u00ebrrohet dhe t\u00eb lirohen mbi 100 pengje q\u00eb mbahen nga ky grup radikal. Lideri izraelit ka th\u00ebn\u00eb se lufta mund t\u00eb vazhdoj\u00eb edhe p\u00ebr disa muaj.<\/span><\/p>\n<p style=\"text-align: left;\"><span style=\"color: #000000;\">Por, m\u00eb 1 janar Izraeli njoftoi se do t\u00eb t\u00ebrheq\u00eb mij\u00ebra trupa nga Gaza. Ky njoftim erdhi pak para vizit\u00ebs n\u00eb rajon t\u00eb sekretarit amerikan t\u00eb Shtetit, Antony Blinken, p\u00ebrderisa Izraeli po p\u00ebrballet me presion nd\u00ebrkomb\u00ebtar p\u00ebr t\u00eb ndalur ofensiv\u00ebn e tij q\u00eb ka vrar\u00eb pothuajse 22.000 palestinez\u00eb. Blinken i ka b\u00ebr\u00eb thirrje Izraelit q\u00eb t\u00eb b\u00ebj\u00eb m\u00eb shum\u00eb p\u00ebr t\u00eb mbrojtur civil\u00ebt palestinez\u00eb.<\/span><\/p>\n<p style=\"text-align: left;\"><span style=\"color: #000000;\">Hamasi ka vrar\u00eb 1.200 persona dhe ka z\u00ebn\u00eb rob af\u00ebr 240 t\u00eb tjer\u00eb gjat\u00eb sulmit t\u00eb 7 tetorit n\u00eb jug t\u00eb Izraelit q\u00eb nxiti luft\u00ebn.<\/span><\/p>\n<p style=\"text-align: left;\"><span style=\"color: #000000;\">Izraeli \u00ebsht\u00eb shum\u00eb af\u00ebr marrjes s\u00eb kontrollit operacional n\u00eb pjes\u00ebn veriore t\u00eb Gaz\u00ebs dhe ka th\u00ebn\u00eb se do t\u00eb reduktoj\u00eb numrin e forcave n\u00eb at\u00eb pjes\u00eb. Megjithat\u00eb, luftime t\u00eb ashpra po zhvillohen n\u00eb territorin palestinez, ve\u00e7mas n\u00eb jug, ku gjenden shum\u00eb forca t\u00eb Hamasit dhe shumica e popullsis\u00eb prej 2.3 milion\u00eb banor\u00ebsh e Gaz\u00ebs q\u00eb ka ikur nga luftimet n\u00eb veri.<\/span><\/p>\n<p style=\"text-align: left;\"><span style=\"color: #000000;\">Pavar\u00ebsisht se ka njoftuar p\u00ebr t\u00ebrheqjen e mij\u00ebra trupave n\u00eb jav\u00ebt n\u00eb vijim p\u00ebr pushim dhe trajnime, ushtria izraelite nuk ka th\u00ebn\u00eb n\u00ebse ky vendim paraqet nj\u00eb faz\u00eb t\u00eb re t\u00eb luft\u00ebs, shkruan<\/span> <span style=\"color: #0000ff;\"><strong><a style=\"color: #0000ff;\" href=\"https:\/\/www.evropaelire.org\/a\/luftime-izrael-hamas-ne-gaza-\/32756362.html\">REL.<\/a><\/strong><\/span><\/p>\n","protected":false,"gt_translate_keys":[{"key":"rendered","format":"html"}]},"excerpt":{"rendered":"<p>Luftime t\u00eb ashpra jan\u00eb raportuar n\u00eb qytetin jugor t\u00eb Gaz\u00ebs, Han Junis, m\u00eb 2 janar, nj\u00eb dit\u00eb pasi Izraeli tha se do t\u00eb t\u00ebrheq\u00eb mij\u00ebra trupa nga zona t\u00eb tjera t\u00eb k\u00ebtij territori. Palestinez\u00ebt raportuan p\u00ebr sulme ajrore dhe me artileri gjat\u00eb nat\u00ebs dhe n\u00eb m\u00ebngjesin e 2 janarit n\u00eb Han Junis dhe n\u00eb zonat [&hellip;]<\/p>\n","protected":false,"gt_translate_keys":[{"key":"rendered","format":"html"}]},"author":4,"featured_media":643665,"comment_status":"closed","ping_status":"closed","sticky":false,"template":"","format":"standard","meta":{"footnotes":""},"categories":[6],"tags":[],"class_list":["post-643662","post","type-post","status-publish","format-standard","has-post-thumbnail","hentry","category-nderkombetare"],"gt_translate_keys":[{"key":"link","format":"url"}],"_links":{"self":[{"href":"https:\/\/www.hashtag.al\/index.php\/wp-json\/wp\/v2\/posts\/643662","targetHints":{"allow":["GET"]}}],"collection":[{"href":"https:\/\/www.hashtag.al\/index.php\/wp-json\/wp\/v2\/posts"}],"about":[{"href":"https:\/\/www.hashtag.al\/index.php\/wp-json\/wp\/v2\/types\/post"}],"author":[{"embeddable":true,"href":"https:\/\/www.hashtag.al\/index.php\/wp-json\/wp\/v2\/users\/4"}],"replies":[{"embeddable":true,"href":"https:\/\/www.hashtag.al\/index.php\/wp-json\/wp\/v2\/comments?post=643662"}],"version-history":[{"count":0,"href":"https:\/\/www.hashtag.al\/index.php\/wp-json\/wp\/v2\/posts\/643662\/revisions"}],"wp:featuredmedia":[{"embeddable":true,"href":"https:\/\/www.hashtag.al\/index.php\/wp-json\/wp\/v2\/media\/643665"}],"wp:attachment":[{"href":"https:\/\/www.hashtag.al\/index.php\/wp-json\/wp\/v2\/media?parent=643662"}],"wp:term":[{"taxonomy":"category","embeddable":true,"href":"https:\/\/www.hashtag.al\/index.php\/wp-json\/wp\/v2\/categories?post=643662"},{"taxonomy":"post_tag","embeddable":true,"href":"https:\/\/www.hashtag.al\/index.php\/wp-json\/wp\/v2\/tags?post=643662"}],"curies":[{"name":"wp","href":"https:\/\/api.w.org\/{rel}","templated":true}]}}