{"id":643522,"date":"2023-12-31T15:52:28","date_gmt":"2023-12-31T14:52:28","guid":{"rendered":"https:\/\/www.hashtag.al\/?p=643522"},"modified":"2023-12-31T15:56:33","modified_gmt":"2023-12-31T14:56:33","slug":"salianji-goditja-e-berishes-synon-te-mbjelle-frike-e-percarrje","status":"publish","type":"post","link":"https:\/\/www.hashtag.al\/index.php\/2023\/12\/31\/salianji-goditja-e-berishes-synon-te-mbjelle-frike-e-percarrje\/","title":{"rendered":"Salianji: Goditja e Berish\u00ebs synon t\u00eb mbjell\u00eb frik\u00eb e p\u00ebr\u00e7arje","gt_translate_keys":[{"key":"rendered","format":"text"}]},"content":{"rendered":"<p><img loading=\"lazy\" decoding=\"async\" class=\"aligncenter size-full wp-image-643523\" src=\"https:\/\/www.hashtag.al\/wp-content\/uploads\/2023\/12\/berishasalianji.jpg\" alt=\"\" width=\"800\" height=\"450\" srcset=\"https:\/\/www.hashtag.al\/wp-content\/uploads\/2023\/12\/berishasalianji.jpg 800w, https:\/\/www.hashtag.al\/wp-content\/uploads\/2023\/12\/berishasalianji-300x169.jpg 300w, https:\/\/www.hashtag.al\/wp-content\/uploads\/2023\/12\/berishasalianji-768x432.jpg 768w\" sizes=\"auto, (max-width: 800px) 100vw, 800px\" \/><\/p>\n<p><span style=\"color: #000000;\">Deputeti i PD-s\u00eb Salianji pohoi sot se nd\u00ebshkimi pa prova t\u00eb qarta \u00ebsht\u00eb m\u00eb i rreziksh\u00ebm se pand\u00ebshkueshm\u00ebria. <\/span><\/p>\n<p><span style=\"color: #000000;\">Demokrati theksoi se Shqip\u00ebria l\u00ebngon nga korrupsioni i pashembullt i qeveris\u00eb Rama q\u00eb n\u00eb 10 vite ka b\u00ebr\u00eb bat\u00ebrdin\u00eb n\u00eb \u00e7do fush\u00eb.<\/span><\/p>\n<p><span style=\"color: #000000;\"><em>\u201cPrej dy vjet\u00ebsh nuk kam hyr\u00eb n\u00eb k\u00ebt\u00eb godin\u00eb dhe jam kthyer sot q\u00ebllimisht dhe me p\u00ebrkushtim t\u00eb plot\u00eb sepse sot m\u00eb shum\u00eb \u00e7do dit\u00eb tjet\u00ebr duhet t\u00eb jemi n\u00eb krah t\u00eb nj\u00ebri-tjetrit. Q\u00eb dit\u00ebn e par\u00eb q\u00eb jam angazhuar n\u00eb politik\u00eb, kam k\u00ebrkuar kthimin e heqjes s\u00eb pand\u00ebshkueshm\u00ebris\u00eb si q\u00ebllim m\u00eb vete, por pa proces t\u00eb past\u00ebr ligjor dhe kushtetues dhe pa prova t\u00eb qarta dhe transparente, mund t\u00eb jet\u00eb po kaq e rrezikshme se pand\u00ebshkueshm\u00ebria. Selektiviteti m\u00eb i keq se t\u00eb dyja bashk\u00eb. Duhet ta themi qart\u00eb dhe pa m\u00ebdyshje se Shqip\u00ebria vuan dhe l\u00ebngon nga korrupsioni agresiv dhe i pashembullt i nj\u00eb qeverie q\u00eb n\u00eb 10 vite thuajse ka b\u00ebr\u00eb bat\u00ebrdin\u00eb n\u00eb \u00e7do sektor dhe n\u00eb \u00e7do element t\u00eb financave publike. Nd\u00ebrkoh\u00eb q\u00eb pritej goditje e korrupsionit t\u00eb nivelit t\u00eb lart\u00eb qeveritar, vjen lajmi p\u00ebr izolimin e liderit t\u00eb opozit\u00ebs.\u201d<\/em> &#8211; tha Salianji.<\/span><\/p>\n<p><span style=\"color: #000000;\">Lidhur me mas\u00ebn e arrestit n\u00eb sht\u00ebpi p\u00ebr kreun e opozit\u00ebs Berisha, Salianji tha se ajo \u00ebsht\u00eb kufizim i t\u00eb drejtave politike si dhe shkel t\u00eb drejt\u00ebn kushtetuese q\u00eb Berisha t\u00eb ushtroj\u00eb funksionin e deputetit duke i mbivendosur k\u00ebsisoj pushtetit legjislativ, at\u00eb gjyq\u00ebsor.<\/span><\/p>\n<p><span style=\"color: #000000;\"><em>\u201cNxitimi dhe masa ndaj liderit t\u00eb opozit\u00ebs, Sali Berish\u00ebs, \u00ebsht\u00eb minimialisht joproporcionale, \u00ebsht\u00eb kufizim i t\u00eb drejtave politike dhe shkel t\u00eb drejt\u00ebn kushtetuese p\u00ebr t\u00eb ushtruar funksionin e deputetit, duke i mbivendosur pushtetit legjislativ, pushtetin gjyq\u00ebsor. Kjo b\u00ebn q\u00eb t\u00eb jemi n\u00eb tejkalim t\u00eb s\u00eb drejt\u00ebs dhe p\u00ebrforcon perceptimin p\u00ebr padrejt\u00ebsi dhe selektivitet. Liria ka simbolikat e saj dhe m\u00eb kryesorja prej tyre \u00ebsht\u00eb opozita. Garancia p\u00ebr t\u00eb pasur opozit\u00eb \u00ebsht\u00eb garancia p\u00ebr t\u00eb ushtruar t\u00eb drejtat dhe lirit\u00eb themelore t\u00eb njeriut. Lideri i opozit\u00ebs \u00ebsht\u00eb izoluar duke i hequr edhe t\u00eb drejt\u00ebn elementare t\u00eb komunikimit dhe t\u00eb shprehjes, dhe pa diskutim t\u00eb ushtrimit t\u00eb funksionit parlamentar. Mij\u00ebra shqiptar\u00eb, demokrat\u00eb dhe opozitar\u00eb, nuk jan\u00eb t\u00eb gatsh\u00ebm q\u00eb t\u00eb dor\u00ebzojn\u00eb asnj\u00eb prej lirive t\u00eb fituara n\u00eb k\u00ebto 34 vite, askush nuk do t\u00eb jetoj\u00eb n\u00eb nj\u00eb sistem nj\u00ebpartiak.\u201d<\/em> &#8211; shtoi Salianji.<\/span><\/p>\n<p><span style=\"color: #000000;\">N\u00eb fund deputeti demokrat tha se goditja ndaj Berish\u00ebs ka p\u00ebr q\u00ebllim instalimin e nj\u00eb sistemi nj\u00ebpartiak p\u00ebrve\u00e7 autokracis\u00eb q\u00eb \u00ebsht\u00eb instaluar tashm\u00eb n\u00eb \u00e7do institucion t\u00eb vendit. <\/span><\/p>\n<p><span style=\"color: #000000;\">Sipas Salianjit, goditja e Berish\u00ebs synon t\u00eb mbjell\u00eb frik\u00eb e p\u00ebr\u00e7arje nd\u00ebrsa b\u00ebri thirrje q\u00eb demokrat\u00ebt e qytetar\u00ebt t\u2019i p\u00ebrgjigjen situat\u00ebs me bashkim e kurajo.<\/span><\/p>\n<p><span style=\"color: #000000;\"><em>\u201cGoditja ndaj Sali Berish\u00ebs ka p\u00ebr q\u00ebllim t\u00eb instaloj\u00eb nj\u00eb sistem nj\u00ebpartiak p\u00ebrtej autokracis\u00eb q\u00eb \u00ebsht\u00eb instaluar n\u00eb \u00e7do institucion t\u00eb k\u00ebtij vendi, duke e b\u00ebr\u00eb inekzistente ndarjen e pushteteve. Goditja ndaj Sali Berish\u00ebs ka p\u00ebr q\u00ebllim t\u00eb mbjell\u00eb frik\u00eb dhe p\u00ebr\u00e7arje dhe ne duhet t\u2019i p\u00ebrgjigjemi me bashkim me kurajo. Demokrat\u00ebt jan\u00eb dhe mbeten n\u00eb k\u00ebmb\u00eb p\u00ebr t\u2019u p\u00ebrballur me k\u00ebt\u00eb qeveri, si\u00e7 jan\u00eb p\u00ebrballur n\u00eb vite, tanim\u00eb m\u00eb t\u00eb shumt\u00eb, edhe m\u00eb t\u00eb bashkuar. N\u00ebse ky izolim ka k\u00ebrkuar t\u00eb mbjell\u00eb p\u00ebr\u00e7arje dhe frik\u00eb, personalisht erdha k\u00ebtu p\u00ebr t\u2019u p\u00ebrgjigjur se do bashkohem dhe do p\u00ebrballem. Bashkimi sot nuk duhet t\u00eb vihet n\u00eb diskutim dhe pas tij duhet t\u00eb filloj\u00eb p\u00ebrballja me regjimin.\u201d<\/em> &#8211; n\u00ebnvizoi Salianji.<\/span><\/p>\n","protected":false,"gt_translate_keys":[{"key":"rendered","format":"html"}]},"excerpt":{"rendered":"<p>Deputeti i PD-s\u00eb Salianji pohoi sot se nd\u00ebshkimi pa prova t\u00eb qarta \u00ebsht\u00eb m\u00eb i rreziksh\u00ebm se pand\u00ebshkueshm\u00ebria. Demokrati theksoi se Shqip\u00ebria l\u00ebngon nga korrupsioni i pashembullt i qeveris\u00eb Rama q\u00eb n\u00eb 10 vite ka b\u00ebr\u00eb bat\u00ebrdin\u00eb n\u00eb \u00e7do fush\u00eb. \u201cPrej dy vjet\u00ebsh nuk kam hyr\u00eb n\u00eb k\u00ebt\u00eb godin\u00eb dhe jam kthyer sot q\u00ebllimisht dhe [&hellip;]<\/p>\n","protected":false,"gt_translate_keys":[{"key":"rendered","format":"html"}]},"author":51,"featured_media":643523,"comment_status":"closed","ping_status":"closed","sticky":false,"template":"","format":"standard","meta":{"footnotes":""},"categories":[65],"tags":[],"class_list":["post-643522","post","type-post","status-publish","format-standard","has-post-thumbnail","hentry","category-lajme"],"gt_translate_keys":[{"key":"link","format":"url"}],"_links":{"self":[{"href":"https:\/\/www.hashtag.al\/index.php\/wp-json\/wp\/v2\/posts\/643522","targetHints":{"allow":["GET"]}}],"collection":[{"href":"https:\/\/www.hashtag.al\/index.php\/wp-json\/wp\/v2\/posts"}],"about":[{"href":"https:\/\/www.hashtag.al\/index.php\/wp-json\/wp\/v2\/types\/post"}],"author":[{"embeddable":true,"href":"https:\/\/www.hashtag.al\/index.php\/wp-json\/wp\/v2\/users\/51"}],"replies":[{"embeddable":true,"href":"https:\/\/www.hashtag.al\/index.php\/wp-json\/wp\/v2\/comments?post=643522"}],"version-history":[{"count":0,"href":"https:\/\/www.hashtag.al\/index.php\/wp-json\/wp\/v2\/posts\/643522\/revisions"}],"wp:featuredmedia":[{"embeddable":true,"href":"https:\/\/www.hashtag.al\/index.php\/wp-json\/wp\/v2\/media\/643523"}],"wp:attachment":[{"href":"https:\/\/www.hashtag.al\/index.php\/wp-json\/wp\/v2\/media?parent=643522"}],"wp:term":[{"taxonomy":"category","embeddable":true,"href":"https:\/\/www.hashtag.al\/index.php\/wp-json\/wp\/v2\/categories?post=643522"},{"taxonomy":"post_tag","embeddable":true,"href":"https:\/\/www.hashtag.al\/index.php\/wp-json\/wp\/v2\/tags?post=643522"}],"curies":[{"name":"wp","href":"https:\/\/api.w.org\/{rel}","templated":true}]}}