{"id":643466,"date":"2023-12-31T11:08:29","date_gmt":"2023-12-31T10:08:29","guid":{"rendered":"https:\/\/www.hashtag.al\/?p=643466"},"modified":"2023-12-31T11:08:29","modified_gmt":"2023-12-31T10:08:29","slug":"veliaj-zbulon-surprizat-e-nates-se-nderrimit-te-viteve","status":"publish","type":"post","link":"https:\/\/www.hashtag.al\/index.php\/2023\/12\/31\/veliaj-zbulon-surprizat-e-nates-se-nderrimit-te-viteve\/","title":{"rendered":"Veliaj zbulon surprizat e nat\u00ebs s\u00eb nd\u00ebrrimit t\u00eb viteve","gt_translate_keys":[{"key":"rendered","format":"text"}]},"content":{"rendered":"<p><span style=\"color: #000000;\"><a href=\"https:\/\/www.hashtag.al\/wp-content\/uploads\/2023\/12\/84967b77-8bb2-49e0-a657-d06594d3f392.jpg\"><img loading=\"lazy\" decoding=\"async\" class=\"aligncenter size-full wp-image-643467\" src=\"https:\/\/www.hashtag.al\/wp-content\/uploads\/2023\/12\/84967b77-8bb2-49e0-a657-d06594d3f392.jpg\" alt=\"\" width=\"661\" height=\"474\" srcset=\"https:\/\/www.hashtag.al\/wp-content\/uploads\/2023\/12\/84967b77-8bb2-49e0-a657-d06594d3f392.jpg 661w, https:\/\/www.hashtag.al\/wp-content\/uploads\/2023\/12\/84967b77-8bb2-49e0-a657-d06594d3f392-300x215.jpg 300w\" sizes=\"auto, (max-width: 661px) 100vw, 661px\" \/><\/a><\/span><\/p>\n<p><span style=\"color: #000000;\">Teksa or\u00ebt e fundit t\u00eb vitit jan\u00eb duke mbaruar, Tirana \u00ebsht\u00eb p\u00ebrgatitur p\u00ebr nj\u00eb atmosfer\u00eb sa m\u00eb festive dhe t\u00eb g\u00ebzueshme p\u00ebr t\u00eb pritur 2024-n.<\/span><\/p>\n<p><span style=\"color: #000000;\">N\u00eb nj\u00eb intervist\u00eb p\u00ebr FitStation n\u00eb News 24, kryetari i Bashkis\u00eb s\u00eb Tiran\u00ebs, Erion Veliaj, zbuloi disa nga surprizat e mbr\u00ebmjes s\u00eb Vitit t\u00eb Ri n\u00eb Tiran\u00eb.<\/span><\/p>\n<p><span style=\"color: #000000;\">Nga koncerti me artist\u00ebt m\u00eb t\u00eb mir\u00eb shqiptar\u00eb e deri t\u00eb spektakli i fishekzjarr\u00ebve, Veliaj tha se k\u00ebt\u00eb vit risia \u00ebsht\u00eb se n\u00eb sheshin \u201cSk\u00ebnderbej\u201d do ket\u00eb pafund turist\u00eb q\u00eb kan\u00eb zgjedhur kryeqytetin ton\u00eb p\u00ebr t\u00eb festuar nd\u00ebrrimin e viteve.<\/span><\/p>\n<p><span style=\"color: #000000;\"><em>\u201cDo t\u00eb kemi nj\u00eb spektak\u00ebl t\u00eb jasht\u00ebzakonsh\u00ebm fishekzjarr\u00ebsh. Koncerti fillon q\u00eb n\u00eb or\u00ebn 21:00 dhe do t\u00eb performojn\u00eb disa artist\u00eb. Kemi kuptuar se p\u00ebr vitin e Ri, Tirana \u00ebsht\u00eb nj\u00eb destinacion i shum\u00eb turist\u00ebve t\u00eb huaj, q\u00eb vendosin ta kalojn\u00eb fundvitin n\u00eb nj\u00eb qytet unik, ndaj e fillojm\u00eb koncertin pak m\u00eb her\u00ebt. N\u00eb or\u00ebn 12.00 do t\u00eb b\u00ebjm\u00eb num\u00ebrimin mbrapsht dhe fishekzjarret. Do jet\u00eb nj\u00eb spektak\u00ebl i v\u00ebrtet\u00eb p\u00ebr f\u00ebmij\u00ebt, m\u00eb pas do t\u00eb vijoj\u00eb koncerti deri nga ora 02.00-03.00 e m\u00ebngjesit. Pastaj fillon puna p\u00ebr pastrimin e Tiran\u00ebs. Data 1 janar \u00ebsht\u00eb data m\u00eb sfiduese p\u00ebr punonj\u00ebsit tan\u00eb t\u00eb pastrimit, t\u00eb cil\u00ebt teksa njer\u00ebzit jan\u00eb ende duke p\u00ebrtypur gjelin dhe duke b\u00ebr\u00eb pak gjum\u00eb, ata duhet t\u00eb dalin q\u00eb n\u00eb or\u00ebn 05.00 t\u00eb m\u00ebngjesit. U jam v\u00ebrtet mir\u00ebnjoh\u00ebs sepse jan\u00eb t\u00eb par\u00ebt p\u00ebr t\u00eb pastruar e rregulluar qytetin. Ftesa q\u00eb u kemi b\u00ebr\u00eb gjith\u00eb qytetar\u00ebve \u00ebsht\u00eb: Spektakli i fishekzjarr\u00ebve t\u00eb Bashkis\u00eb del e tepron. Nuk ka nevoj\u00eb t\u00eb plasin fishekzjarre sepse kemi kaluar disa vite t\u00eb mira pa incidente n\u00eb Tiran\u00eb. Do doja q\u00eb edhe ky t\u00eb ishte nj\u00eb vit i mir\u00eb. Piromania p\u00ebr t\u00eb pasur secili \u2018arm\u00ebn\u2019 e tij duhet t\u00eb na kaloj\u00eb nj\u00eb moment. M\u00eb vjen mir\u00eb q\u00eb \u00e7do vit Tirana \u00ebsht\u00eb m\u00eb mir\u00eb. Pothuajse s\u2019kemi d\u00ebgjuar shashka gjith\u00eb k\u00ebt\u00eb vit. Policia ka b\u00ebr\u00eb pun\u00ebn e saj. Dua ta mbajm\u00eb k\u00ebshtu edhe sot me festat, p\u00ebr t\u2019u siguruar q\u00eb kalojn\u00eb pa incidente\u201d,<\/em> u shpreh Veliaj.<\/span><\/p>\n","protected":false,"gt_translate_keys":[{"key":"rendered","format":"html"}]},"excerpt":{"rendered":"<p>Teksa or\u00ebt e fundit t\u00eb vitit jan\u00eb duke mbaruar, Tirana \u00ebsht\u00eb p\u00ebrgatitur p\u00ebr nj\u00eb atmosfer\u00eb sa m\u00eb festive dhe t\u00eb g\u00ebzueshme p\u00ebr t\u00eb pritur 2024-n. N\u00eb nj\u00eb intervist\u00eb p\u00ebr FitStation n\u00eb News 24, kryetari i Bashkis\u00eb s\u00eb Tiran\u00ebs, Erion Veliaj, zbuloi disa nga surprizat e mbr\u00ebmjes s\u00eb Vitit t\u00eb Ri n\u00eb Tiran\u00eb. Nga koncerti me [&hellip;]<\/p>\n","protected":false,"gt_translate_keys":[{"key":"rendered","format":"html"}]},"author":30,"featured_media":643467,"comment_status":"closed","ping_status":"closed","sticky":false,"template":"","format":"standard","meta":{"footnotes":""},"categories":[65],"tags":[],"class_list":["post-643466","post","type-post","status-publish","format-standard","has-post-thumbnail","hentry","category-lajme"],"gt_translate_keys":[{"key":"link","format":"url"}],"_links":{"self":[{"href":"https:\/\/www.hashtag.al\/index.php\/wp-json\/wp\/v2\/posts\/643466","targetHints":{"allow":["GET"]}}],"collection":[{"href":"https:\/\/www.hashtag.al\/index.php\/wp-json\/wp\/v2\/posts"}],"about":[{"href":"https:\/\/www.hashtag.al\/index.php\/wp-json\/wp\/v2\/types\/post"}],"author":[{"embeddable":true,"href":"https:\/\/www.hashtag.al\/index.php\/wp-json\/wp\/v2\/users\/30"}],"replies":[{"embeddable":true,"href":"https:\/\/www.hashtag.al\/index.php\/wp-json\/wp\/v2\/comments?post=643466"}],"version-history":[{"count":0,"href":"https:\/\/www.hashtag.al\/index.php\/wp-json\/wp\/v2\/posts\/643466\/revisions"}],"wp:featuredmedia":[{"embeddable":true,"href":"https:\/\/www.hashtag.al\/index.php\/wp-json\/wp\/v2\/media\/643467"}],"wp:attachment":[{"href":"https:\/\/www.hashtag.al\/index.php\/wp-json\/wp\/v2\/media?parent=643466"}],"wp:term":[{"taxonomy":"category","embeddable":true,"href":"https:\/\/www.hashtag.al\/index.php\/wp-json\/wp\/v2\/categories?post=643466"},{"taxonomy":"post_tag","embeddable":true,"href":"https:\/\/www.hashtag.al\/index.php\/wp-json\/wp\/v2\/tags?post=643466"}],"curies":[{"name":"wp","href":"https:\/\/api.w.org\/{rel}","templated":true}]}}