{"id":643369,"date":"2023-12-30T17:02:13","date_gmt":"2023-12-30T16:02:13","guid":{"rendered":"https:\/\/www.hashtag.al\/?p=643369"},"modified":"2023-12-30T17:02:13","modified_gmt":"2023-12-30T16:02:13","slug":"berisha-reagon-pas-mases-se-arrestit-hakmarrje-politike-e-edi-rames","status":"publish","type":"post","link":"https:\/\/www.hashtag.al\/index.php\/2023\/12\/30\/berisha-reagon-pas-mases-se-arrestit-hakmarrje-politike-e-edi-rames\/","title":{"rendered":"Berisha reagon pas mas\u00ebs s\u00eb arrestit: Hakmarrje politike e Edi Ram\u00ebs","gt_translate_keys":[{"key":"rendered","format":"text"}]},"content":{"rendered":"<p><span style=\"color: #000000;\"><a href=\"https:\/\/www.hashtag.al\/wp-content\/uploads\/2023\/12\/berisha.jpeg\"><img loading=\"lazy\" decoding=\"async\" class=\"aligncenter size-full wp-image-638841\" src=\"https:\/\/www.hashtag.al\/wp-content\/uploads\/2023\/12\/berisha.jpeg\" alt=\"\" width=\"1024\" height=\"683\" srcset=\"https:\/\/www.hashtag.al\/wp-content\/uploads\/2023\/12\/berisha.jpeg 1024w, https:\/\/www.hashtag.al\/wp-content\/uploads\/2023\/12\/berisha-300x200.jpeg 300w, https:\/\/www.hashtag.al\/wp-content\/uploads\/2023\/12\/berisha-768x512.jpeg 768w\" sizes=\"auto, (max-width: 1024px) 100vw, 1024px\" \/><\/a><\/span><\/p>\n<p><span style=\"color: #000000;\">Ish-kryeministri Sali Berisha ka reaguar lidhur me vendimin p\u00ebr arrestin sht\u00ebpiak nga Gjykata Kund\u00ebr Korrupsionit dhe Krimit t\u00eb Organizuar.<\/span><\/p>\n<p><span style=\"color: #000000;\">Berisha e quan mas\u00ebn arrest politik dhe d\u00ebshmi t\u00eb nj\u00eb hakmarrje t\u00eb verb\u00ebr politike t\u00eb Edi Ram\u00ebs.<\/span><\/p>\n<p><span style=\"color: #000000;\">Berisha thot\u00eb se nuk e ndal masa e arrestit dhe do vijoj\u00eb t\u00eb punoj\u00eb dhe luftoj\u00eb n\u00eb \u00e7do minut\u00eb pavar\u00ebsisht policis\u00eb te dera.<\/span><\/p>\n<p><span style=\"color: #000000;\"><strong>Postimi i plot\u00eb:<\/strong><\/span><\/p>\n<p><span style=\"color: #000000;\">T\u00eb nderuar miq, demokrat\u00eb, shqiptar\u00eb kudo ku ndodheni.<\/span><\/p>\n<p><span style=\"color: #000000;\">Sot ndodhi ajo q\u00eb t\u00eb gjith\u00eb e dinim, izolimi dhe heqja e t\u00eb drejt\u00ebs s\u00eb fjal\u00ebs t\u00eb liderit t\u00eb opozit\u00ebs nga narko-regjimi m\u00eb mafioz i bastardit t\u00eb ish-xhelat\u00ebve shqiptar\u00eb Kristaq Rama dhe Spiro Koleka, Edi Ram\u00ebs q\u00eb \u00ebsht\u00eb dhe regjimi diktatorial m\u00eb i korruptuar n\u00eb Europ\u00eb dhe m\u00eb gjer\u00eb.<\/span><\/p>\n<p><span style=\"color: #000000;\">Kjo mas\u00eb arresti politik, d\u00ebshmi e nj\u00eb hakmarrje politike t\u00eb verb\u00ebr t\u00eb Edi Ram\u00ebs, nuk shpreh vet\u00ebm urrejtjen e tij t\u00eb trash\u00ebguar ndaj kund\u00ebrshtarit, por mbi t\u00eb gjitha shpreh frik\u00ebn, tmerrin q\u00eb ne t\u00eb dashur miq i kemi kallur atij deri n\u00eb palc\u00eb dhe bot\u00ebs s\u00eb tij t\u00eb krimit me betej\u00ebn ton\u00eb pa kthim.<\/span><\/p>\n<p><span style=\"color: #000000;\">Ai q\u00eb mendon se asgjesoi pluralizmin dhe opozit\u00ebn do ket\u00eb fatin q\u00eb populli opozitar i rezervon armiqve t\u00eb liris\u00eb, diktator\u00ebve.<\/span><\/p>\n<p><span style=\"color: #000000;\">T\u00eb dashur miq, Sali Berisha \u00ebsht\u00eb dhe do t\u00eb jet\u00eb ai q\u00eb ka q\u00ebn\u00eb gjithmon\u00eb. Me apo pa arrest sht\u00ebpie, me apo pa polic\u00eb tek dera, asgj\u00eb nuk do mund ta ndaj\u00eb dot at\u00eb nga ju, jo vet\u00ebm demokrat\u00eb, por edhe shqiptar\u00eb kudo q\u00eb ata ndodhen.<\/span><\/p>\n<p><span style=\"color: #000000;\">Sali Berisha do t\u00eb vazhdoj\u00eb t\u00eb punoj\u00eb dhe t\u00eb luftoj\u00eb \u00e7do minut\u00eb, me t\u00eb gjitha format dhe mjetet p\u00ebr t\u00eb rikthyer demokracin\u00eb q\u00eb aktualisht \u00ebsht\u00eb e shp\u00ebrfytyruar: M\u00eb shum\u00eb nga t\u00eb gjith\u00eb q\u00eb e kupton se litari i kalbur po i k\u00ebputet \u00ebsht\u00eb vet\u00eb Edi Rama.<\/span><\/p>\n<p><span style=\"color: #000000;\">Un\u00eb jam i bindur se sot jemi s\u00ebbashku jo thjesht ata demokrat\u00eb q\u00eb jan\u00eb n\u00eb krah t\u00eb Sali Berish\u00ebs, por dhe ata shqiptar\u00eb q\u00eb e ndjejn\u00eb dhe e p\u00ebrjetojn\u00eb se Shqip\u00ebria \u00ebsht\u00eb n\u00eb rrezik. Ata jan\u00eb shumica e qytetar\u00ebve t\u00eb k\u00ebtij vendi, ndaj a e dini pse fitorja jon\u00eb \u00ebsht\u00eb e padiskutueshme? \u00cbsht\u00eb e till\u00eb sepse ata q\u00eb duan Shqip\u00ebrin\u00eb jan\u00eb m\u00eb shum\u00eb se ata q\u00eb duan thjesht Sali Berish\u00ebn.<\/span><\/p>\n<p><span style=\"color: #000000;\">S\u00eb fundmi, \u00e7do mas\u00eb q\u00eb merr ky pushtet ndaj meje dhe opozit\u00ebs \u00ebsht\u00eb e p\u00ebrkohshme. Ajo q\u00eb mbetet e pamposhtur \u00ebsht\u00eb mosdor\u00ebzimi yn\u00eb dhe vendosm\u00ebria jone q\u00eb izolimin e opozit\u00ebs ta kthejm\u00eb n\u00eb betej\u00eb lirie dhe n\u00eb fitore p\u00ebr shqiptar\u00ebt.<\/span><\/p>\n<p><span style=\"color: #000000;\">Ndaj dhe ju ftoj t\u00eb vazhdojm\u00eb me moton \u201cO SOT O KURR\u00cb\u201d betej\u00ebn ton\u00eb pa kthim edhe m\u00eb t\u00eb fort\u00eb, t\u00eb vendosur dhe m\u00eb me pasion e guxim se kurr\u00eb m\u00eb par\u00eb.<\/span><\/p>\n","protected":false,"gt_translate_keys":[{"key":"rendered","format":"html"}]},"excerpt":{"rendered":"<p>Ish-kryeministri Sali Berisha ka reaguar lidhur me vendimin p\u00ebr arrestin sht\u00ebpiak nga Gjykata Kund\u00ebr Korrupsionit dhe Krimit t\u00eb Organizuar. Berisha e quan mas\u00ebn arrest politik dhe d\u00ebshmi t\u00eb nj\u00eb hakmarrje t\u00eb verb\u00ebr politike t\u00eb Edi Ram\u00ebs. Berisha thot\u00eb se nuk e ndal masa e arrestit dhe do vijoj\u00eb t\u00eb punoj\u00eb dhe luftoj\u00eb n\u00eb \u00e7do minut\u00eb [&hellip;]<\/p>\n","protected":false,"gt_translate_keys":[{"key":"rendered","format":"html"}]},"author":32,"featured_media":642535,"comment_status":"closed","ping_status":"closed","sticky":false,"template":"","format":"standard","meta":{"footnotes":""},"categories":[65,13],"tags":[],"class_list":["post-643369","post","type-post","status-publish","format-standard","has-post-thumbnail","hentry","category-lajme","category-te-fundit"],"gt_translate_keys":[{"key":"link","format":"url"}],"_links":{"self":[{"href":"https:\/\/www.hashtag.al\/index.php\/wp-json\/wp\/v2\/posts\/643369","targetHints":{"allow":["GET"]}}],"collection":[{"href":"https:\/\/www.hashtag.al\/index.php\/wp-json\/wp\/v2\/posts"}],"about":[{"href":"https:\/\/www.hashtag.al\/index.php\/wp-json\/wp\/v2\/types\/post"}],"author":[{"embeddable":true,"href":"https:\/\/www.hashtag.al\/index.php\/wp-json\/wp\/v2\/users\/32"}],"replies":[{"embeddable":true,"href":"https:\/\/www.hashtag.al\/index.php\/wp-json\/wp\/v2\/comments?post=643369"}],"version-history":[{"count":0,"href":"https:\/\/www.hashtag.al\/index.php\/wp-json\/wp\/v2\/posts\/643369\/revisions"}],"wp:featuredmedia":[{"embeddable":true,"href":"https:\/\/www.hashtag.al\/index.php\/wp-json\/wp\/v2\/media\/642535"}],"wp:attachment":[{"href":"https:\/\/www.hashtag.al\/index.php\/wp-json\/wp\/v2\/media?parent=643369"}],"wp:term":[{"taxonomy":"category","embeddable":true,"href":"https:\/\/www.hashtag.al\/index.php\/wp-json\/wp\/v2\/categories?post=643369"},{"taxonomy":"post_tag","embeddable":true,"href":"https:\/\/www.hashtag.al\/index.php\/wp-json\/wp\/v2\/tags?post=643369"}],"curies":[{"name":"wp","href":"https:\/\/api.w.org\/{rel}","templated":true}]}}