{"id":643004,"date":"2023-12-28T21:45:06","date_gmt":"2023-12-28T20:45:06","guid":{"rendered":"https:\/\/www.hashtag.al\/?p=643004"},"modified":"2023-12-28T21:45:06","modified_gmt":"2023-12-28T20:45:06","slug":"okb-vrasja-e-femijeve-ne-bregun-perendimor-ne-nivel-te-papracedente","status":"publish","type":"post","link":"https:\/\/www.hashtag.al\/index.php\/2023\/12\/28\/okb-vrasja-e-femijeve-ne-bregun-perendimor-ne-nivel-te-papracedente\/","title":{"rendered":"OKB: Vrasja e f\u00ebmij\u00ebve n\u00eb Bregun Per\u00ebndimor, n\u00eb nivel t\u00eb papracedent\u00eb","gt_translate_keys":[{"key":"rendered","format":"text"}]},"content":{"rendered":"<p style=\"text-align: left;\"><span style=\"color: #000000;\"><img loading=\"lazy\" decoding=\"async\" class=\"size-full wp-image-643006 aligncenter\" src=\"https:\/\/www.hashtag.al\/wp-content\/uploads\/2023\/12\/Screenshot-2023-12-28-190935.png\" alt=\"\" width=\"896\" height=\"481\" srcset=\"https:\/\/www.hashtag.al\/wp-content\/uploads\/2023\/12\/Screenshot-2023-12-28-190935.png 896w, https:\/\/www.hashtag.al\/wp-content\/uploads\/2023\/12\/Screenshot-2023-12-28-190935-300x161.png 300w, https:\/\/www.hashtag.al\/wp-content\/uploads\/2023\/12\/Screenshot-2023-12-28-190935-768x412.png 768w\" sizes=\"auto, (max-width: 896px) 100vw, 896px\" \/><\/span><\/p>\n<p style=\"text-align: left;\"><span style=\"color: #000000;\">Numri i f\u00ebmij\u00ebve q\u00eb jan\u00eb vrar\u00eb n\u00eb Bregun Per\u00ebndimor, duke p\u00ebrfshir\u00eb Jerusalemin Lindor, ka arritur nj\u00eb nivel \u201ct\u00eb paprecedent\u00eb\u201d, ka paralajm\u00ebruar Fondi i OKB-s\u00eb p\u00ebr F\u00ebmij\u00eb (UNICEF).<\/span><\/p>\n<p style=\"text-align: left;\"><span style=\"color: #000000;\"><em>\u201cTet\u00ebdhjet\u00eb e tre f\u00ebmij\u00eb jan\u00eb vrar\u00eb n\u00eb Bregun Per\u00ebndimor n\u00eb 12 jav\u00ebt e fundit, tha n\u00eb nj\u00eb deklarat\u00eb t\u00eb enjten drejtoresha rajonale e UNICEF-it p\u00ebr Lindjen e Mesme dhe Afrik\u00ebn e Veriut, Adele Khodr. Kjo shif\u00ebr \u00ebsht\u00eb m\u00eb shum\u00eb se dyfishi i numrit t\u00eb f\u00ebmij\u00ebve t\u00eb vrar\u00eb n\u00eb t\u00eb gjith\u00eb vitin 2022\u201d,<\/em> tha ajo, shkruan The Guardian.<\/span><\/p>\n<p style=\"text-align: left;\"><span style=\"color: #000000;\"><em>\u201cKy vit ka qen\u00eb viti m\u00eb vdekjeprur\u00ebs i regjistruar p\u00ebr f\u00ebmij\u00ebt n\u00eb Bregun Per\u00ebndimor,\u201d<\/em> tha ajo. P\u00ebrve\u00e7 k\u00ebsaj, ajo tha se m\u00eb shum\u00eb se 576 f\u00ebmij\u00eb jan\u00eb plagosur dhe t\u00eb tjer\u00eb thuhet se jan\u00eb ndaluar q\u00eb nga 7 tetori.<\/span><\/p>\n<p style=\"text-align: left;\"><span style=\"color: #000000;\">\u00a0Ajo shtoi: <em>Nd\u00ebrsa bota shikon me tmerr situat\u00ebn n\u00eb Rripin e Gaz\u00ebs, f\u00ebmij\u00ebt n\u00eb Bregun Per\u00ebndimor po p\u00ebrjetojn\u00eb nj\u00eb makth t\u00eb tyren. T\u00eb jetosh me nj\u00eb ndjenj\u00eb pothuajse t\u00eb vazhdueshme frike dhe pik\u00ebllimi \u00ebsht\u00eb, fatkeq\u00ebsisht, shum\u00eb e zakonshme p\u00ebr f\u00ebmij\u00ebt e prekur.<\/em><\/span><\/p>\n","protected":false,"gt_translate_keys":[{"key":"rendered","format":"html"}]},"excerpt":{"rendered":"<p>Numri i f\u00ebmij\u00ebve q\u00eb jan\u00eb vrar\u00eb n\u00eb Bregun Per\u00ebndimor, duke p\u00ebrfshir\u00eb Jerusalemin Lindor, ka arritur nj\u00eb nivel \u201ct\u00eb paprecedent\u00eb\u201d, ka paralajm\u00ebruar Fondi i OKB-s\u00eb p\u00ebr F\u00ebmij\u00eb (UNICEF). \u201cTet\u00ebdhjet\u00eb e tre f\u00ebmij\u00eb jan\u00eb vrar\u00eb n\u00eb Bregun Per\u00ebndimor n\u00eb 12 jav\u00ebt e fundit, tha n\u00eb nj\u00eb deklarat\u00eb t\u00eb enjten drejtoresha rajonale e UNICEF-it p\u00ebr Lindjen e Mesme [&hellip;]<\/p>\n","protected":false,"gt_translate_keys":[{"key":"rendered","format":"html"}]},"author":4,"featured_media":643006,"comment_status":"closed","ping_status":"closed","sticky":false,"template":"","format":"standard","meta":{"footnotes":""},"categories":[6],"tags":[],"class_list":["post-643004","post","type-post","status-publish","format-standard","has-post-thumbnail","hentry","category-nderkombetare"],"gt_translate_keys":[{"key":"link","format":"url"}],"_links":{"self":[{"href":"https:\/\/www.hashtag.al\/index.php\/wp-json\/wp\/v2\/posts\/643004","targetHints":{"allow":["GET"]}}],"collection":[{"href":"https:\/\/www.hashtag.al\/index.php\/wp-json\/wp\/v2\/posts"}],"about":[{"href":"https:\/\/www.hashtag.al\/index.php\/wp-json\/wp\/v2\/types\/post"}],"author":[{"embeddable":true,"href":"https:\/\/www.hashtag.al\/index.php\/wp-json\/wp\/v2\/users\/4"}],"replies":[{"embeddable":true,"href":"https:\/\/www.hashtag.al\/index.php\/wp-json\/wp\/v2\/comments?post=643004"}],"version-history":[{"count":0,"href":"https:\/\/www.hashtag.al\/index.php\/wp-json\/wp\/v2\/posts\/643004\/revisions"}],"wp:featuredmedia":[{"embeddable":true,"href":"https:\/\/www.hashtag.al\/index.php\/wp-json\/wp\/v2\/media\/643006"}],"wp:attachment":[{"href":"https:\/\/www.hashtag.al\/index.php\/wp-json\/wp\/v2\/media?parent=643004"}],"wp:term":[{"taxonomy":"category","embeddable":true,"href":"https:\/\/www.hashtag.al\/index.php\/wp-json\/wp\/v2\/categories?post=643004"},{"taxonomy":"post_tag","embeddable":true,"href":"https:\/\/www.hashtag.al\/index.php\/wp-json\/wp\/v2\/tags?post=643004"}],"curies":[{"name":"wp","href":"https:\/\/api.w.org\/{rel}","templated":true}]}}