{"id":642974,"date":"2023-12-28T19:27:50","date_gmt":"2023-12-28T18:27:50","guid":{"rendered":"https:\/\/www.hashtag.al\/?p=642974"},"modified":"2023-12-29T13:33:16","modified_gmt":"2023-12-29T12:33:16","slug":"lavrov-kievi-nuk-ka-vullnet-per-paqe","status":"publish","type":"post","link":"https:\/\/www.hashtag.al\/index.php\/2023\/12\/28\/lavrov-kievi-nuk-ka-vullnet-per-paqe\/","title":{"rendered":"Lavrov: Kievi nuk ka vullnet p\u00ebr paqe","gt_translate_keys":[{"key":"rendered","format":"text"}]},"content":{"rendered":"<p><em><img loading=\"lazy\" decoding=\"async\" class=\"size-full wp-image-558700 aligncenter\" src=\"https:\/\/www.hashtag.al\/wp-content\/uploads\/2022\/11\/Lavrov.jpg\" alt=\"\" width=\"785\" height=\"487\" srcset=\"https:\/\/www.hashtag.al\/wp-content\/uploads\/2022\/11\/Lavrov.jpg 785w, https:\/\/www.hashtag.al\/wp-content\/uploads\/2022\/11\/Lavrov-300x186.jpg 300w, https:\/\/www.hashtag.al\/wp-content\/uploads\/2022\/11\/Lavrov-768x476.jpg 768w\" sizes=\"auto, (max-width: 785px) 100vw, 785px\" \/><\/em><\/p>\n<p style=\"text-align: left;\"><span style=\"color: #000000;\"><em>&#8220;Regjimi i presidentit ukrainas Vladimir Zelensky po vepron brenda retorik\u00ebs s\u00eb luft\u00ebs, pa ndonj\u00eb vullnet p\u00ebr paqe.\u201d<\/em><\/span><\/p>\n<p style=\"text-align: left;\"><span style=\"color: #000000;\">U shpreh ministri i Jasht\u00ebm rus Sergey Lavrov n\u00eb nj\u00eb intervist\u00eb p\u00ebr\u00a0<span style=\"color: #0000ff;\"><a style=\"color: #0000ff;\" href=\"https:\/\/tass.com\/politics\/1727317\"><strong>TASS<\/strong><\/a>.<\/span><\/span><\/p>\n<p style=\"text-align: left;\"><span style=\"color: #000000;\"><em>\u201cDuhet t\u00eb konstatojm\u00eb munges\u00ebn e ndonj\u00eb vullneti p\u00ebr paqe nga ana e regjimit Zelensky. P\u00ebrfaq\u00ebsuesit e tij po mendojn\u00eb brenda kushteve t\u00eb luft\u00ebs, duke iu drejtuar retorik\u00ebs mjaft agresive. \u00c7do nd\u00ebrprerje e luftimeve \u00ebsht\u00eb jasht\u00eb diskutimit nga ana e tyre. Ndalimi i 30 shtatorit 2022 p\u00ebr zhvillimin e negociatave me udh\u00ebheqjen ruse, i prezantuar nga Zelensky, mbetet n\u00eb fuqi. Nxirrni konkluzionet tuaja\u201d,<\/em> tha diplomati i lart\u00eb rus.<\/span><\/p>\n","protected":false,"gt_translate_keys":[{"key":"rendered","format":"html"}]},"excerpt":{"rendered":"<p>&#8220;Regjimi i presidentit ukrainas Vladimir Zelensky po vepron brenda retorik\u00ebs s\u00eb luft\u00ebs, pa ndonj\u00eb vullnet p\u00ebr paqe.\u201d U shpreh ministri i Jasht\u00ebm rus Sergey Lavrov n\u00eb nj\u00eb intervist\u00eb p\u00ebr\u00a0TASS. \u201cDuhet t\u00eb konstatojm\u00eb munges\u00ebn e ndonj\u00eb vullneti p\u00ebr paqe nga ana e regjimit Zelensky. P\u00ebrfaq\u00ebsuesit e tij po mendojn\u00eb brenda kushteve t\u00eb luft\u00ebs, duke iu drejtuar [&hellip;]<\/p>\n","protected":false,"gt_translate_keys":[{"key":"rendered","format":"html"}]},"author":4,"featured_media":546405,"comment_status":"closed","ping_status":"closed","sticky":false,"template":"","format":"standard","meta":{"footnotes":""},"categories":[6],"tags":[],"class_list":["post-642974","post","type-post","status-publish","format-standard","has-post-thumbnail","hentry","category-nderkombetare"],"gt_translate_keys":[{"key":"link","format":"url"}],"_links":{"self":[{"href":"https:\/\/www.hashtag.al\/index.php\/wp-json\/wp\/v2\/posts\/642974","targetHints":{"allow":["GET"]}}],"collection":[{"href":"https:\/\/www.hashtag.al\/index.php\/wp-json\/wp\/v2\/posts"}],"about":[{"href":"https:\/\/www.hashtag.al\/index.php\/wp-json\/wp\/v2\/types\/post"}],"author":[{"embeddable":true,"href":"https:\/\/www.hashtag.al\/index.php\/wp-json\/wp\/v2\/users\/4"}],"replies":[{"embeddable":true,"href":"https:\/\/www.hashtag.al\/index.php\/wp-json\/wp\/v2\/comments?post=642974"}],"version-history":[{"count":0,"href":"https:\/\/www.hashtag.al\/index.php\/wp-json\/wp\/v2\/posts\/642974\/revisions"}],"wp:featuredmedia":[{"embeddable":true,"href":"https:\/\/www.hashtag.al\/index.php\/wp-json\/wp\/v2\/media\/546405"}],"wp:attachment":[{"href":"https:\/\/www.hashtag.al\/index.php\/wp-json\/wp\/v2\/media?parent=642974"}],"wp:term":[{"taxonomy":"category","embeddable":true,"href":"https:\/\/www.hashtag.al\/index.php\/wp-json\/wp\/v2\/categories?post=642974"},{"taxonomy":"post_tag","embeddable":true,"href":"https:\/\/www.hashtag.al\/index.php\/wp-json\/wp\/v2\/tags?post=642974"}],"curies":[{"name":"wp","href":"https:\/\/api.w.org\/{rel}","templated":true}]}}