{"id":642836,"date":"2023-12-28T10:18:14","date_gmt":"2023-12-28T09:18:14","guid":{"rendered":"https:\/\/www.hashtag.al\/?p=642836"},"modified":"2023-12-28T10:18:14","modified_gmt":"2023-12-28T09:18:14","slug":"spak-kerkon-arrest-shtepie-gjkko-jep-sot-vendimin-per-berishen-avokatet-kerkese-ne-gjykate-per-marrjen-e-provave","status":"publish","type":"post","link":"https:\/\/www.hashtag.al\/index.php\/2023\/12\/28\/spak-kerkon-arrest-shtepie-gjkko-jep-sot-vendimin-per-berishen-avokatet-kerkese-ne-gjykate-per-marrjen-e-provave\/","title":{"rendered":"SPAK k\u00ebrkon \u2018arrest sht\u00ebpie\u2019, GJKKO jep sot vendimin p\u00ebr Berish\u00ebn, avokat\u00ebt k\u00ebrkes\u00eb n\u00eb gjykat\u00eb p\u00ebr marrjen e provave","gt_translate_keys":[{"key":"rendered","format":"text"}]},"content":{"rendered":"<p><img loading=\"lazy\" decoding=\"async\" class=\"size-full wp-image-642837 aligncenter\" src=\"https:\/\/www.hashtag.al\/wp-content\/uploads\/2023\/12\/1703580821_gencgjokutajdhesokolmengjesi-1.jpg\" alt=\"\" width=\"780\" height=\"440\" srcset=\"https:\/\/www.hashtag.al\/wp-content\/uploads\/2023\/12\/1703580821_gencgjokutajdhesokolmengjesi-1.jpg 780w, https:\/\/www.hashtag.al\/wp-content\/uploads\/2023\/12\/1703580821_gencgjokutajdhesokolmengjesi-1-300x169.jpg 300w, https:\/\/www.hashtag.al\/wp-content\/uploads\/2023\/12\/1703580821_gencgjokutajdhesokolmengjesi-1-768x433.jpg 768w\" sizes=\"auto, (max-width: 780px) 100vw, 780px\" \/><\/p>\n<p><span style=\"font-weight: 400; color: #000000;\">Avokat\u00ebt e Berish\u00ebs po k\u00ebrkojn\u00eb t\u00eb shtyjn\u00eb s\u00ebrish koh\u00ebn e marrjes s\u00eb vendimit nga GJKKO p\u00ebr caktimin e mas\u00ebs s\u00eb siguris\u00eb p\u00ebr Sali Berish\u00ebn.<\/span><\/p>\n<p><span style=\"font-weight: 400; color: #000000;\">Avokat\u00ebt e Berish\u00ebs dor\u00ebzojn\u00eb k\u00ebrkes\u00eb n\u00eb gjykat\u00eb p\u00ebr marrjen e provave.\u00a0<\/span><\/p>\n<p><span style=\"font-weight: 400; color: #000000;\">Mbrojt\u00ebsit kan\u00eb k\u00ebrkuar audion e seanc\u00ebs dhe procesverbalet, p\u00ebr t\u00eb provuar nj\u00ebanshm\u00ebrin e gjyqtares Irena Gjoka.<\/span><\/p>\n<p><span style=\"font-weight: 400; color: #000000;\">Avokat\u00ebt k\u00ebrkojn\u00eb t\u00eb gjitha vendimet e arsyetuara, t\u00eb dh\u00ebna nga gjyqtarja Gjoka por edhe vendimet e dh\u00ebna nga gjyqtar\u00ebt e tjer\u00eb q\u00eb kan\u00eb rr\u00ebzuar k\u00ebrkesat e avokat\u00ebve p\u00ebr p\u00ebrjashtimin e saj nga \u00e7\u00ebshtja Berisha.<\/span><\/p>\n","protected":false,"gt_translate_keys":[{"key":"rendered","format":"html"}]},"excerpt":{"rendered":"<p>Avokat\u00ebt e Berish\u00ebs po k\u00ebrkojn\u00eb t\u00eb shtyjn\u00eb s\u00ebrish koh\u00ebn e marrjes s\u00eb vendimit nga GJKKO p\u00ebr caktimin e mas\u00ebs s\u00eb siguris\u00eb p\u00ebr Sali Berish\u00ebn. Avokat\u00ebt e Berish\u00ebs dor\u00ebzojn\u00eb k\u00ebrkes\u00eb n\u00eb gjykat\u00eb p\u00ebr marrjen e provave.\u00a0 Mbrojt\u00ebsit kan\u00eb k\u00ebrkuar audion e seanc\u00ebs dhe procesverbalet, p\u00ebr t\u00eb provuar nj\u00ebanshm\u00ebrin e gjyqtares Irena Gjoka. Avokat\u00ebt k\u00ebrkojn\u00eb t\u00eb gjitha [&hellip;]<\/p>\n","protected":false,"gt_translate_keys":[{"key":"rendered","format":"html"}]},"author":4,"featured_media":642837,"comment_status":"closed","ping_status":"closed","sticky":false,"template":"","format":"standard","meta":{"footnotes":""},"categories":[65],"tags":[],"class_list":["post-642836","post","type-post","status-publish","format-standard","has-post-thumbnail","hentry","category-lajme"],"gt_translate_keys":[{"key":"link","format":"url"}],"_links":{"self":[{"href":"https:\/\/www.hashtag.al\/index.php\/wp-json\/wp\/v2\/posts\/642836","targetHints":{"allow":["GET"]}}],"collection":[{"href":"https:\/\/www.hashtag.al\/index.php\/wp-json\/wp\/v2\/posts"}],"about":[{"href":"https:\/\/www.hashtag.al\/index.php\/wp-json\/wp\/v2\/types\/post"}],"author":[{"embeddable":true,"href":"https:\/\/www.hashtag.al\/index.php\/wp-json\/wp\/v2\/users\/4"}],"replies":[{"embeddable":true,"href":"https:\/\/www.hashtag.al\/index.php\/wp-json\/wp\/v2\/comments?post=642836"}],"version-history":[{"count":0,"href":"https:\/\/www.hashtag.al\/index.php\/wp-json\/wp\/v2\/posts\/642836\/revisions"}],"wp:featuredmedia":[{"embeddable":true,"href":"https:\/\/www.hashtag.al\/index.php\/wp-json\/wp\/v2\/media\/642837"}],"wp:attachment":[{"href":"https:\/\/www.hashtag.al\/index.php\/wp-json\/wp\/v2\/media?parent=642836"}],"wp:term":[{"taxonomy":"category","embeddable":true,"href":"https:\/\/www.hashtag.al\/index.php\/wp-json\/wp\/v2\/categories?post=642836"},{"taxonomy":"post_tag","embeddable":true,"href":"https:\/\/www.hashtag.al\/index.php\/wp-json\/wp\/v2\/tags?post=642836"}],"curies":[{"name":"wp","href":"https:\/\/api.w.org\/{rel}","templated":true}]}}