{"id":642421,"date":"2023-12-26T16:18:09","date_gmt":"2023-12-26T15:18:09","guid":{"rendered":"https:\/\/www.hashtag.al\/?p=642421"},"modified":"2023-12-26T16:18:09","modified_gmt":"2023-12-26T15:18:09","slug":"prej-dy-ditesh-asnje-gjurme-babai-ne-korce-denoncon-zhdukjen-e-vajzes-15-vjecare","status":"publish","type":"post","link":"https:\/\/www.hashtag.al\/index.php\/2023\/12\/26\/prej-dy-ditesh-asnje-gjurme-babai-ne-korce-denoncon-zhdukjen-e-vajzes-15-vjecare\/","title":{"rendered":"Prej dy dit\u00ebsh asnj\u00eb gjurm\u00eb, babai n\u00eb Kor\u00e7\u00eb denoncon zhdukjen e vajz\u00ebs 15-vje\u00e7are","gt_translate_keys":[{"key":"rendered","format":"text"}]},"content":{"rendered":"<p><span style=\"color: #000000;\"><a href=\"https:\/\/www.hashtag.al\/wp-content\/uploads\/2023\/12\/CE-770x374-1.jpg\"><img loading=\"lazy\" decoding=\"async\" class=\"aligncenter size-full wp-image-642422\" src=\"https:\/\/www.hashtag.al\/wp-content\/uploads\/2023\/12\/CE-770x374-1.jpg\" alt=\"\" width=\"770\" height=\"374\" srcset=\"https:\/\/www.hashtag.al\/wp-content\/uploads\/2023\/12\/CE-770x374-1.jpg 770w, https:\/\/www.hashtag.al\/wp-content\/uploads\/2023\/12\/CE-770x374-1-300x146.jpg 300w, https:\/\/www.hashtag.al\/wp-content\/uploads\/2023\/12\/CE-770x374-1-768x373.jpg 768w\" sizes=\"auto, (max-width: 770px) 100vw, 770px\" \/><\/a><\/span><\/p>\n<p><span style=\"color: #000000;\">Nj\u00eb baba n\u00eb Kor\u00e7\u00eb ka denoncuar zhdukjen e vajz\u00ebs s\u00eb tij 15 vje\u00e7are n\u00eb fshatin Drenov\u00eb.<\/span><\/p>\n<p><span style=\"color: #000000;\">56 vje\u00e7ari M.T, ka kall\u00ebzuar n\u00eb polici se e bija \u00ebsht\u00eb larguar nga banesa q\u00eb prej dat\u00ebs 24 dhjetor dhe q\u00eb prej asaj dite nuk ka asnj\u00eb t\u00eb dh\u00ebn\u00eb rreth saj.<\/span><\/p>\n<p><span style=\"color: #000000;\">Policia ka nisur hetimet p\u00ebr gjetjen e t\u00eb mitur\u00ebs.<\/span><\/p>\n<p><span style=\"color: #000000;\">Njoftimi:<\/span><\/p>\n<p>&nbsp;<\/p>\n<p><span style=\"color: #000000;\"><em>M\u00eb dat\u00eb 25.12.2023, n\u00eb Komisariatin e Policis\u00eb Kor\u00e7\u00eb, \u00ebsht\u00eb paraqitur shtetasi M. T., 56 vje\u00e7, banues n\u00eb fshatin Drenov\u00eb, Kor\u00e7\u00eb, i cili kall\u00ebzoi se q\u00eb prej dat\u00ebs 24.12.2023, \u00ebsht\u00eb larguar nga banesa, vajza e tij 15-vje\u00e7are. Po punohet p\u00ebr gjetjen e saj.<\/em><\/span><\/p>\n","protected":false,"gt_translate_keys":[{"key":"rendered","format":"html"}]},"excerpt":{"rendered":"<p>Nj\u00eb baba n\u00eb Kor\u00e7\u00eb ka denoncuar zhdukjen e vajz\u00ebs s\u00eb tij 15 vje\u00e7are n\u00eb fshatin Drenov\u00eb. 56 vje\u00e7ari M.T, ka kall\u00ebzuar n\u00eb polici se e bija \u00ebsht\u00eb larguar nga banesa q\u00eb prej dat\u00ebs 24 dhjetor dhe q\u00eb prej asaj dite nuk ka asnj\u00eb t\u00eb dh\u00ebn\u00eb rreth saj. Policia ka nisur hetimet p\u00ebr gjetjen e t\u00eb [&hellip;]<\/p>\n","protected":false,"gt_translate_keys":[{"key":"rendered","format":"html"}]},"author":30,"featured_media":642422,"comment_status":"closed","ping_status":"closed","sticky":false,"template":"","format":"standard","meta":{"footnotes":""},"categories":[65],"tags":[],"class_list":["post-642421","post","type-post","status-publish","format-standard","has-post-thumbnail","hentry","category-lajme"],"gt_translate_keys":[{"key":"link","format":"url"}],"_links":{"self":[{"href":"https:\/\/www.hashtag.al\/index.php\/wp-json\/wp\/v2\/posts\/642421","targetHints":{"allow":["GET"]}}],"collection":[{"href":"https:\/\/www.hashtag.al\/index.php\/wp-json\/wp\/v2\/posts"}],"about":[{"href":"https:\/\/www.hashtag.al\/index.php\/wp-json\/wp\/v2\/types\/post"}],"author":[{"embeddable":true,"href":"https:\/\/www.hashtag.al\/index.php\/wp-json\/wp\/v2\/users\/30"}],"replies":[{"embeddable":true,"href":"https:\/\/www.hashtag.al\/index.php\/wp-json\/wp\/v2\/comments?post=642421"}],"version-history":[{"count":0,"href":"https:\/\/www.hashtag.al\/index.php\/wp-json\/wp\/v2\/posts\/642421\/revisions"}],"wp:featuredmedia":[{"embeddable":true,"href":"https:\/\/www.hashtag.al\/index.php\/wp-json\/wp\/v2\/media\/642422"}],"wp:attachment":[{"href":"https:\/\/www.hashtag.al\/index.php\/wp-json\/wp\/v2\/media?parent=642421"}],"wp:term":[{"taxonomy":"category","embeddable":true,"href":"https:\/\/www.hashtag.al\/index.php\/wp-json\/wp\/v2\/categories?post=642421"},{"taxonomy":"post_tag","embeddable":true,"href":"https:\/\/www.hashtag.al\/index.php\/wp-json\/wp\/v2\/tags?post=642421"}],"curies":[{"name":"wp","href":"https:\/\/api.w.org\/{rel}","templated":true}]}}