{"id":642301,"date":"2023-12-26T09:15:07","date_gmt":"2023-12-26T08:15:07","guid":{"rendered":"https:\/\/www.hashtag.al\/?p=642301"},"modified":"2023-12-26T09:16:09","modified_gmt":"2023-12-26T08:16:09","slug":"lindjet-ne-renie-por-shpenzimet-per-bonusin-rritje-25-me-shume-se-plani-ne-11-mujor","status":"publish","type":"post","link":"https:\/\/www.hashtag.al\/index.php\/2023\/12\/26\/lindjet-ne-renie-por-shpenzimet-per-bonusin-rritje-25-me-shume-se-plani-ne-11-mujor\/","title":{"rendered":"Lindjet n\u00eb r\u00ebnie, por shpenzimet p\u00ebr bonusin, rritje 25% m\u00eb shum\u00eb se plani n\u00eb 11-mujor","gt_translate_keys":[{"key":"rendered","format":"text"}]},"content":{"rendered":"<p><span style=\"color: #000000;\"><a href=\"https:\/\/www.hashtag.al\/wp-content\/uploads\/2023\/12\/1200-630-bonusibebes.jpg\"><img loading=\"lazy\" decoding=\"async\" class=\"aligncenter size-full wp-image-642302\" src=\"https:\/\/www.hashtag.al\/wp-content\/uploads\/2023\/12\/1200-630-bonusibebes.jpg\" alt=\"\" width=\"1200\" height=\"630\" srcset=\"https:\/\/www.hashtag.al\/wp-content\/uploads\/2023\/12\/1200-630-bonusibebes.jpg 1200w, https:\/\/www.hashtag.al\/wp-content\/uploads\/2023\/12\/1200-630-bonusibebes-300x158.jpg 300w, https:\/\/www.hashtag.al\/wp-content\/uploads\/2023\/12\/1200-630-bonusibebes-1024x538.jpg 1024w, https:\/\/www.hashtag.al\/wp-content\/uploads\/2023\/12\/1200-630-bonusibebes-768x403.jpg 768w\" sizes=\"auto, (max-width: 1200px) 100vw, 1200px\" \/><\/a><\/span><\/p>\n<p><span style=\"color: #000000;\">N\u00eb shtator t\u00eb k\u00ebtij viti, Kuvendi i Shqip\u00ebris\u00eb miratoi nj\u00eb ligj sipas t\u00eb cilit bebet q\u00eb lindin jasht\u00eb vendit nuk p\u00ebrftojn\u00eb bonusin e v\u00ebn\u00eb n\u00eb dispozicion nga qeveria.<\/span><\/p>\n<p><span style=\"color: #000000;\">Kjo nism\u00eb erdhi p\u00ebr shkak se m\u00eb shum\u00eb se 45 p\u00ebr qind fondit vjetor n\u00eb buxhetor ikte p\u00ebr f\u00ebmij\u00ebt e lindur jasht\u00eb vendit, n\u00eb nj\u00eb koh\u00eb q\u00eb instrumenti u nd\u00ebrmor p\u00ebr stimuluar lindshm\u00ebrin\u00eb p\u00ebr ata q\u00eb jetojn\u00eb n\u00eb Shqip\u00ebri.<\/span><\/p>\n<p><span style=\"color: #000000;\">Megjith\u00ebse lindjet n\u00eb Shqip\u00ebri kan\u00eb sh\u00ebnuar r\u00ebnie vjetore me 12 p\u00ebr qind n\u00eb 9-mujorin 2023 dhe ligji kufizon dh\u00ebnien e bonusit jasht\u00eb vendit, shpenzimet n\u00eb k\u00ebt\u00eb z\u00eb sh\u00ebnuan rritje n\u00eb 11 mujor si me planin e periudh\u00ebs dhe si m\u00eb faktin e vitit t\u00eb kaluar.<\/span><\/p>\n<p><span style=\"color: #000000;\">Sipas t\u00eb dh\u00ebnave nga Ministria e Financave gjat\u00eb janar-n\u00ebntor 2023 u akorduan rreth 3 miliard\u00eb lek\u00eb (29 milion\u00eb euro) si bonus p\u00ebr bebet. Kjo shum\u00eb ishte 25 p\u00ebr qind m\u00eb lart\u00eb se plani i 11- mujorit dhe 7 p\u00ebr qind m\u00eb shum\u00eb se fakti i vitit t\u00eb kaluar.<\/span><\/p>\n<p><span style=\"color: #000000;\">T\u00eb dh\u00ebna zyrtar\u00eb t\u00eb INSTAT tregojn\u00eb se n\u00eb 9 -mujorin k\u00ebtij viti lind\u00ebn n\u00eb t\u00eb gjith\u00eb vendin 16,300 bebe me r\u00ebnie 16 % n\u00eb krahasim 9 -mujorin 2022.<\/span><\/p>\n<p><span style=\"color: #000000;\">T\u00eb dh\u00ebna nga Ministria e Financave tregojn\u00eb se q\u00eb nga viti 2019 kur hyri n\u00eb fuqi pagesa p\u00ebr bonusin e bebeve deri n\u00eb n\u00ebntor 2023 jan\u00eb paguar nga buxheti i shtetit 146 miliard\u00eb lek ose 140 milion\u00eb euro. T\u00eb dh\u00ebnat vjetore t\u00eb konsultuara ne numrin e lindjeve brenda vendit tregojn\u00eb se mbi 45 p\u00ebr qind e k\u00ebsaj shume, rreth 65 milion\u00eb euro kan\u00eb shkuar p\u00ebr lindjet jasht\u00eb vendit.<\/span><\/p>\n<p><span style=\"color: #000000;\">Demograf\u00ebt sugjerojn\u00eb se politikat m\u00eb efikase p\u00ebr rritjen e lindjeve jan\u00eb ato q\u00eb kan\u00eb t\u00eb b\u00ebjn\u00eb m\u00eb uljen e kostos s\u00eb jetes\u00ebs p\u00ebr familjet e reja. Psh n\u00eb Shqip\u00ebri familjet e reja \u00e7do dit\u00eb e m\u00eb shum\u00eb po p\u00ebrballem me shpenzime n\u00eb rritje p\u00ebr arsimin parashkollor, qira t\u00eb larta dhe n\u00eb zonat suburbane. Kostot e larta t\u00eb lidhura me rritjen e f\u00ebmij\u00ebve, si arsimi, kujdesi sh\u00ebndet\u00ebsor, strehimi dhe kujdesi p\u00ebr f\u00ebmij\u00ebt, mund t\u00eb dekurajojn\u00eb \u00e7iftet q\u00eb t\u00eb ken\u00eb m\u00eb shum\u00eb f\u00ebmij\u00eb.<\/span><\/p>\n<p><span style=\"color: #000000;\">Demograf\u00ebt sugjerojn\u00eb se zhvillimi ekonomik duhet t\u00eb jet\u00eb i shp\u00ebrndar\u00eb drejt rajoneve, pasi l\u00ebvizjet e popullsis\u00eb nga periferia drejt qendr\u00ebs jan\u00eb b\u00ebr\u00eb n\u00eb raport t\u00eb zhdrejt\u00eb me burimet ekonomike. Nj\u00eb zhvillimin i balancuar rajonal dhe nj\u00eb paket\u00eb politikash pro familjes, n\u00eb nj\u00eb afat m\u00eb t\u00eb gjat\u00eb do t\u00eb p\u00ebrmir\u00ebsonte treguesit e fertilitetit.<\/span><\/p>\n<p><span style=\"color: #000000;\">N\u00eb vendet e zhvilluara, q\u00eb kan\u00eb p\u00ebrjetuar para nesh r\u00ebnie t\u00eb popullsis\u00eb, kombinimi i emigrimit dhe r\u00ebnies s\u00eb lindjeve, q\u00eb shkaktojn\u00eb r\u00ebnie t\u00eb popullsis\u00eb dhe ndryshim t\u00eb struktur\u00ebs s\u00eb saj, mund t\u00eb ket\u00eb efekte t\u00eb d\u00ebmshme n\u00eb zhvillimin e q\u00ebndruesh\u00ebm t\u00eb vendit.<\/span><\/p>\n<p><span style=\"color: #000000;\">N\u00eb nj\u00eb popullsi n\u00eb plakje, kompanit\u00eb investojn\u00eb m\u00eb pak p\u00ebr t\u00eb ardhmen, pasi pun\u00ebtor\u00ebt mbi t\u00eb 50-tat priren t\u00eb grumbullojn\u00eb kursime p\u00ebr t\u00eb financuar pensionin e tyre.\/B.Hoxha<\/span><\/p>\n<p><span style=\"color: #ff0000;\"><strong>VINI RE:<\/strong><\/span> <span style=\"color: #000000;\">Artikulli \u00ebsht\u00eb pron\u00eb intelektuale e<\/span> <a href=\"https:\/\/www.monitor.al\/lindjet-ne-renie-por-shpenzimet-per-bonusin-rritje-25-me-shume-se-plani-ne-11-mujor\/\"><span style=\"color: #3366ff;\"><strong>Revista Monitor<\/strong><\/span><\/a><\/p>\n","protected":false,"gt_translate_keys":[{"key":"rendered","format":"html"}]},"excerpt":{"rendered":"<p>N\u00eb shtator t\u00eb k\u00ebtij viti, Kuvendi i Shqip\u00ebris\u00eb miratoi nj\u00eb ligj sipas t\u00eb cilit bebet q\u00eb lindin jasht\u00eb vendit nuk p\u00ebrftojn\u00eb bonusin e v\u00ebn\u00eb n\u00eb dispozicion nga qeveria. Kjo nism\u00eb erdhi p\u00ebr shkak se m\u00eb shum\u00eb se 45 p\u00ebr qind fondit vjetor n\u00eb buxhetor ikte p\u00ebr f\u00ebmij\u00ebt e lindur jasht\u00eb vendit, n\u00eb nj\u00eb koh\u00eb q\u00eb [&hellip;]<\/p>\n","protected":false,"gt_translate_keys":[{"key":"rendered","format":"html"}]},"author":32,"featured_media":642302,"comment_status":"closed","ping_status":"closed","sticky":false,"template":"","format":"standard","meta":{"footnotes":""},"categories":[65,13],"tags":[],"class_list":["post-642301","post","type-post","status-publish","format-standard","has-post-thumbnail","hentry","category-lajme","category-te-fundit"],"gt_translate_keys":[{"key":"link","format":"url"}],"_links":{"self":[{"href":"https:\/\/www.hashtag.al\/index.php\/wp-json\/wp\/v2\/posts\/642301","targetHints":{"allow":["GET"]}}],"collection":[{"href":"https:\/\/www.hashtag.al\/index.php\/wp-json\/wp\/v2\/posts"}],"about":[{"href":"https:\/\/www.hashtag.al\/index.php\/wp-json\/wp\/v2\/types\/post"}],"author":[{"embeddable":true,"href":"https:\/\/www.hashtag.al\/index.php\/wp-json\/wp\/v2\/users\/32"}],"replies":[{"embeddable":true,"href":"https:\/\/www.hashtag.al\/index.php\/wp-json\/wp\/v2\/comments?post=642301"}],"version-history":[{"count":0,"href":"https:\/\/www.hashtag.al\/index.php\/wp-json\/wp\/v2\/posts\/642301\/revisions"}],"wp:featuredmedia":[{"embeddable":true,"href":"https:\/\/www.hashtag.al\/index.php\/wp-json\/wp\/v2\/media\/642302"}],"wp:attachment":[{"href":"https:\/\/www.hashtag.al\/index.php\/wp-json\/wp\/v2\/media?parent=642301"}],"wp:term":[{"taxonomy":"category","embeddable":true,"href":"https:\/\/www.hashtag.al\/index.php\/wp-json\/wp\/v2\/categories?post=642301"},{"taxonomy":"post_tag","embeddable":true,"href":"https:\/\/www.hashtag.al\/index.php\/wp-json\/wp\/v2\/tags?post=642301"}],"curies":[{"name":"wp","href":"https:\/\/api.w.org\/{rel}","templated":true}]}}