{"id":642295,"date":"2023-12-26T08:15:34","date_gmt":"2023-12-26T07:15:34","guid":{"rendered":"https:\/\/www.hashtag.al\/?p=642295"},"modified":"2023-12-26T08:15:34","modified_gmt":"2023-12-26T07:15:34","slug":"berisha-sot-ne-gjkko-shqyrtohet-kerkesa-per-arrest-shtepie","status":"publish","type":"post","link":"https:\/\/www.hashtag.al\/index.php\/2023\/12\/26\/berisha-sot-ne-gjkko-shqyrtohet-kerkesa-per-arrest-shtepie\/","title":{"rendered":"Berisha sot n\u00eb GJKKO, shqyrtohet k\u00ebrkesa p\u00ebr arrest sht\u00ebpie","gt_translate_keys":[{"key":"rendered","format":"text"}]},"content":{"rendered":"<p><span style=\"color: #000000;\"><a href=\"https:\/\/www.hashtag.al\/wp-content\/uploads\/2023\/12\/berisha-gjkko-768x433-1.jpg\"><img loading=\"lazy\" decoding=\"async\" class=\"aligncenter size-full wp-image-640843\" src=\"https:\/\/www.hashtag.al\/wp-content\/uploads\/2023\/12\/berisha-gjkko-768x433-1.jpg\" alt=\"\" width=\"768\" height=\"433\" srcset=\"https:\/\/www.hashtag.al\/wp-content\/uploads\/2023\/12\/berisha-gjkko-768x433-1.jpg 768w, https:\/\/www.hashtag.al\/wp-content\/uploads\/2023\/12\/berisha-gjkko-768x433-1-300x169.jpg 300w\" sizes=\"auto, (max-width: 768px) 100vw, 768px\" \/><\/a><\/span><\/p>\n<p><span style=\"color: #000000;\">Dit\u00ebn e sotme \u00ebsht\u00eb caktuar seanca n\u00eb shkall\u00ebn e par\u00eb t\u00eb Gjykat\u00ebs s\u00eb Posa\u00e7me Kund\u00ebr Korrupsionin dhe Krimit t\u00eb Organizuar p\u00ebr ish-kryeministrin Sali Berisha.<\/span><\/p>\n<p><span style=\"color: #000000;\">Seanca pritet t\u00eb jet\u00eb e gjat\u00eb dhe do t\u00eb mbahet me dyer t\u00eb mbyllura.<\/span><\/p>\n<p><span style=\"color: #000000;\">Kuvendi miratoi m\u00eb 22 dhjetor k\u00ebrkes\u00ebn e SPAK p\u00ebr heqjen e liris\u00eb t\u00eb deputetit Sali Berisha duke k\u00ebrkuar ashp\u00ebrsim t\u00eb mas\u00ebs s\u00eb m\u00ebparshme p\u00ebr akuzat p\u00ebr korrupsion p\u00ebr privatizimin e ish-klubit Partizani.<\/span><\/p>\n<p><span style=\"color: #000000;\">Prokuror\u00ebt e SPAK-ut kan\u00eb k\u00ebrkuar arrest sht\u00ebpie p\u00ebr Berish\u00ebn dhe vendimi \u00ebsht\u00eb tashm\u00eb n\u00eb dor\u00ebn e gjyqtares Irena Gjoka e cila n\u00eb seanc\u00ebn e sotme do ballafaqoj\u00eb pal\u00ebt.<\/span><\/p>\n<p>&nbsp;<\/p>\n","protected":false,"gt_translate_keys":[{"key":"rendered","format":"html"}]},"excerpt":{"rendered":"<p>Dit\u00ebn e sotme \u00ebsht\u00eb caktuar seanca n\u00eb shkall\u00ebn e par\u00eb t\u00eb Gjykat\u00ebs s\u00eb Posa\u00e7me Kund\u00ebr Korrupsionin dhe Krimit t\u00eb Organizuar p\u00ebr ish-kryeministrin Sali Berisha. Seanca pritet t\u00eb jet\u00eb e gjat\u00eb dhe do t\u00eb mbahet me dyer t\u00eb mbyllura. Kuvendi miratoi m\u00eb 22 dhjetor k\u00ebrkes\u00ebn e SPAK p\u00ebr heqjen e liris\u00eb t\u00eb deputetit Sali Berisha duke [&hellip;]<\/p>\n","protected":false,"gt_translate_keys":[{"key":"rendered","format":"html"}]},"author":32,"featured_media":640843,"comment_status":"closed","ping_status":"closed","sticky":false,"template":"","format":"standard","meta":{"footnotes":""},"categories":[65,13],"tags":[],"class_list":["post-642295","post","type-post","status-publish","format-standard","has-post-thumbnail","hentry","category-lajme","category-te-fundit"],"gt_translate_keys":[{"key":"link","format":"url"}],"_links":{"self":[{"href":"https:\/\/www.hashtag.al\/index.php\/wp-json\/wp\/v2\/posts\/642295","targetHints":{"allow":["GET"]}}],"collection":[{"href":"https:\/\/www.hashtag.al\/index.php\/wp-json\/wp\/v2\/posts"}],"about":[{"href":"https:\/\/www.hashtag.al\/index.php\/wp-json\/wp\/v2\/types\/post"}],"author":[{"embeddable":true,"href":"https:\/\/www.hashtag.al\/index.php\/wp-json\/wp\/v2\/users\/32"}],"replies":[{"embeddable":true,"href":"https:\/\/www.hashtag.al\/index.php\/wp-json\/wp\/v2\/comments?post=642295"}],"version-history":[{"count":0,"href":"https:\/\/www.hashtag.al\/index.php\/wp-json\/wp\/v2\/posts\/642295\/revisions"}],"wp:featuredmedia":[{"embeddable":true,"href":"https:\/\/www.hashtag.al\/index.php\/wp-json\/wp\/v2\/media\/640843"}],"wp:attachment":[{"href":"https:\/\/www.hashtag.al\/index.php\/wp-json\/wp\/v2\/media?parent=642295"}],"wp:term":[{"taxonomy":"category","embeddable":true,"href":"https:\/\/www.hashtag.al\/index.php\/wp-json\/wp\/v2\/categories?post=642295"},{"taxonomy":"post_tag","embeddable":true,"href":"https:\/\/www.hashtag.al\/index.php\/wp-json\/wp\/v2\/tags?post=642295"}],"curies":[{"name":"wp","href":"https:\/\/api.w.org\/{rel}","templated":true}]}}