{"id":642117,"date":"2023-12-25T12:30:39","date_gmt":"2023-12-25T11:30:39","guid":{"rendered":"https:\/\/www.hashtag.al\/?p=642117"},"modified":"2023-12-25T12:30:39","modified_gmt":"2023-12-25T11:30:39","slug":"vucic-akuza-opozites-sulmi-ndaj-nderteses-qeveritare-agresion-ndaj-sovranitetit-kane-dore-sherbimet-e-huaja","status":"publish","type":"post","link":"https:\/\/www.hashtag.al\/index.php\/2023\/12\/25\/vucic-akuza-opozites-sulmi-ndaj-nderteses-qeveritare-agresion-ndaj-sovranitetit-kane-dore-sherbimet-e-huaja\/","title":{"rendered":"Vu\u00e7i\u00e7 akuza opozit\u00ebs: Sulmi ndaj nd\u00ebrtes\u00ebs qeveritare agresion ndaj sovranitetit, kan\u00eb dor\u00eb sh\u00ebrbimet e huaja","gt_translate_keys":[{"key":"rendered","format":"text"}]},"content":{"rendered":"<p><img loading=\"lazy\" decoding=\"async\" class=\"aligncenter size-full wp-image-642120\" src=\"https:\/\/www.hashtag.al\/wp-content\/uploads\/2023\/12\/vucic.jpg\" alt=\"\" width=\"924\" height=\"630\" srcset=\"https:\/\/www.hashtag.al\/wp-content\/uploads\/2023\/12\/vucic.jpg 924w, https:\/\/www.hashtag.al\/wp-content\/uploads\/2023\/12\/vucic-300x205.jpg 300w, https:\/\/www.hashtag.al\/wp-content\/uploads\/2023\/12\/vucic-768x524.jpg 768w\" sizes=\"auto, (max-width: 924px) 100vw, 924px\" \/><\/p>\n<p><span style=\"color: #000000;\">P\u00ebrpjekja e mb\u00ebshtet\u00ebsve t\u00eb opozit\u00ebs pro-per\u00ebndimore p\u00ebr marrjen e nd\u00ebrtes\u00ebs s\u00eb administrat\u00ebs komunale t\u00eb Beogradit \u00ebsht\u00eb shkaktuar nga nj\u00eb ndikim i jasht\u00ebm dhe kishte p\u00ebr q\u00ebllim minimin e sovranitetit t\u00eb vendit, tha presidenti i Serbis\u00eb Aleksandar Vu\u00e7i\u00e7 gjat\u00eb nj\u00eb fjalimi t\u00eb emergjenc\u00ebs komb\u00ebtare, sipas Tass.<\/span><\/p>\n<p><span style=\"color: #000000;\"><em>&#8220;\u00cbsht\u00eb e qart\u00eb se kjo \u00ebsht\u00eb produkt i shum\u00eb kushteve t\u00eb m\u00ebdha gjeopolitike, me ndihm\u00ebn e t\u00eb cilave ata po tentojn\u00eb t\u00eb shkat\u00ebrrojn\u00eb pavar\u00ebsin\u00eb dhe sovranitetin e Serbis\u00eb. Ne do ta mbrojm\u00eb lirin\u00eb serbe pasi \u00ebsht\u00eb vlera m\u00eb e r\u00ebnd\u00ebsishme. Ne do e mbrojm\u00eb pavar\u00ebsin\u00eb, autonomin\u00eb dhe sovranitetin e vendit ton\u00eb\u201d<\/em>, tha ai.<\/span><\/p>\n<p><span style=\"color: #000000;\">Sipas Vu\u00e7iccit, p\u00ebrpjekja p\u00ebr marrjen e nd\u00ebrtes\u00ebs s\u00eb qeveris\u00eb komunale t\u00eb Beogradit nuk \u00ebsht\u00eb nj\u00eb revolucion, autoritetet serbe t\u00eb zbatimit t\u00eb ligjit jan\u00eb n\u00eb kontroll t\u00eb plot\u00eb t\u00eb situat\u00ebs.<\/span><\/p>\n<p><span style=\"color: #000000;\"><em>\u201cDua t&#8217;ju siguroj ju qytetar\u00eb serb\u00eb se p\u00ebrkund\u00ebr skenave dramatike nuk ka nevoj\u00eb t\u00eb shqet\u00ebsoheni. Nuk ka revolucion, ata nuk do ken\u00eb sukses dhe ne po p\u00ebrpiqemi t\u00eb mos d\u00ebmtojm\u00eb asnj\u00eb demonstrues t\u00eb rast\u00ebsish\u00ebm me nj\u00eb qasje t\u00eb qet\u00eb dhe paq\u00ebsore\u201d<\/em>, tha ai.<\/span><\/p>\n<p><span style=\"color: #000000;\">Ai shtoi gjithashtu se sh\u00ebrbimet e huaja t\u00eb inteligjenc\u00ebs paralajm\u00ebruan forcat serbe t\u00eb siguris\u00eb para kohe p\u00ebr trazirat e af\u00ebrta dhe synimet e simpatizant\u00ebve t\u00eb opozit\u00ebs p\u00ebr t\u00eb kapur nd\u00ebrtes\u00ebn e qeveris\u00eb s\u00eb qytetit t\u00eb Beogradit.<\/span><\/p>\n<p><span style=\"color: #000000;\"><em>&#8220;Kemi disa dit\u00eb q\u00eb paralajm\u00ebrojm\u00eb p\u00ebr faktorin e jasht\u00ebm, p\u00ebr at\u00eb q\u00eb po ndodh. Shum\u00eb u shtir\u00ebn si naiv\u00eb dhe kund\u00ebrshtuan t\u00eb d\u00ebgjonin apo t\u00eb shihnin se \u00e7far\u00eb po ndodhte. Fal\u00ebnderojm\u00eb sh\u00ebrbimet e huaja q\u00eb e b\u00ebn\u00eb t\u00eb qart\u00eb se e dinin sakt\u00ebsisht se \u00e7far\u00eb ishte duke u planifikuar dhe dhan\u00eb informacion p\u00ebr sh\u00ebrbimet tona speciale, t\u00eb cil\u00ebt u p\u00ebrgjigj\u00ebn shpejt dhe e dinin sakt\u00ebsisht se \u00e7far\u00eb po planifikonin autor\u00ebt\u201d<\/em>, tha ai.<\/span><\/p>\n<p><span style=\"color: #000000;\">M\u00eb her\u00ebt t\u00eb diel\u00ebn, mb\u00ebshtet\u00ebsit e koalicionit opozitar \u201cSerbia kund\u00ebr dhun\u00ebs\u201d, t\u00eb cil\u00ebt nis\u00ebn nj\u00eb seri tubimesh pran\u00eb nd\u00ebrtes\u00ebs s\u00eb Komisionit Republikan Zgjedhor n\u00eb qend\u00ebr t\u00eb Beogradit mbr\u00ebmjen e 18 dhjetorit, u p\u00ebrpoq\u00ebn t\u00eb sulmojn\u00eb nd\u00ebrtes\u00ebn e administrat\u00ebs s\u00eb qytetit. Protestuesit m\u00eb her\u00ebt u mblodh\u00ebn p\u00ebr nj\u00eb tjet\u00ebr protest\u00eb pran\u00eb nd\u00ebrtes\u00ebs s\u00eb Komisionit Zgjedhor.<\/span><\/p>\n<p>&nbsp;<\/p>\n","protected":false,"gt_translate_keys":[{"key":"rendered","format":"html"}]},"excerpt":{"rendered":"<p>P\u00ebrpjekja e mb\u00ebshtet\u00ebsve t\u00eb opozit\u00ebs pro-per\u00ebndimore p\u00ebr marrjen e nd\u00ebrtes\u00ebs s\u00eb administrat\u00ebs komunale t\u00eb Beogradit \u00ebsht\u00eb shkaktuar nga nj\u00eb ndikim i jasht\u00ebm dhe kishte p\u00ebr q\u00ebllim minimin e sovranitetit t\u00eb vendit, tha presidenti i Serbis\u00eb Aleksandar Vu\u00e7i\u00e7 gjat\u00eb nj\u00eb fjalimi t\u00eb emergjenc\u00ebs komb\u00ebtare, sipas Tass. &#8220;\u00cbsht\u00eb e qart\u00eb se kjo \u00ebsht\u00eb produkt i shum\u00eb kushteve [&hellip;]<\/p>\n","protected":false,"gt_translate_keys":[{"key":"rendered","format":"html"}]},"author":51,"featured_media":642120,"comment_status":"closed","ping_status":"closed","sticky":false,"template":"","format":"standard","meta":{"footnotes":""},"categories":[149],"tags":[],"class_list":["post-642117","post","type-post","status-publish","format-standard","has-post-thumbnail","hentry","category-kosoverajon"],"gt_translate_keys":[{"key":"link","format":"url"}],"_links":{"self":[{"href":"https:\/\/www.hashtag.al\/index.php\/wp-json\/wp\/v2\/posts\/642117","targetHints":{"allow":["GET"]}}],"collection":[{"href":"https:\/\/www.hashtag.al\/index.php\/wp-json\/wp\/v2\/posts"}],"about":[{"href":"https:\/\/www.hashtag.al\/index.php\/wp-json\/wp\/v2\/types\/post"}],"author":[{"embeddable":true,"href":"https:\/\/www.hashtag.al\/index.php\/wp-json\/wp\/v2\/users\/51"}],"replies":[{"embeddable":true,"href":"https:\/\/www.hashtag.al\/index.php\/wp-json\/wp\/v2\/comments?post=642117"}],"version-history":[{"count":0,"href":"https:\/\/www.hashtag.al\/index.php\/wp-json\/wp\/v2\/posts\/642117\/revisions"}],"wp:featuredmedia":[{"embeddable":true,"href":"https:\/\/www.hashtag.al\/index.php\/wp-json\/wp\/v2\/media\/642120"}],"wp:attachment":[{"href":"https:\/\/www.hashtag.al\/index.php\/wp-json\/wp\/v2\/media?parent=642117"}],"wp:term":[{"taxonomy":"category","embeddable":true,"href":"https:\/\/www.hashtag.al\/index.php\/wp-json\/wp\/v2\/categories?post=642117"},{"taxonomy":"post_tag","embeddable":true,"href":"https:\/\/www.hashtag.al\/index.php\/wp-json\/wp\/v2\/tags?post=642117"}],"curies":[{"name":"wp","href":"https:\/\/api.w.org\/{rel}","templated":true}]}}