{"id":642062,"date":"2023-12-25T09:39:50","date_gmt":"2023-12-25T08:39:50","guid":{"rendered":"https:\/\/www.hashtag.al\/?p=642062"},"modified":"2023-12-25T09:39:50","modified_gmt":"2023-12-25T08:39:50","slug":"japonia-mund-te-dergoje-astronautin-e-saj-te-pare-ne-hene-nen-misionin-e-udhehequr-nga-shba","status":"publish","type":"post","link":"https:\/\/www.hashtag.al\/index.php\/2023\/12\/25\/japonia-mund-te-dergoje-astronautin-e-saj-te-pare-ne-hene-nen-misionin-e-udhehequr-nga-shba\/","title":{"rendered":"Japonia mund\u00a0t\u00eb d\u00ebrgoj\u00eb astronautin e saj t\u00eb par\u00eb n\u00eb h\u00ebn\u00eb n\u00ebn misionin e udh\u00ebhequr nga SHBA","gt_translate_keys":[{"key":"rendered","format":"text"}]},"content":{"rendered":"<p><img loading=\"lazy\" decoding=\"async\" class=\"size-full wp-image-642064 aligncenter\" src=\"https:\/\/www.hashtag.al\/wp-content\/uploads\/2023\/12\/thumbs_b_c_8699ad47dbc3676a304b87e9fa39aefc.jpg\" alt=\"\" width=\"864\" height=\"486\" srcset=\"https:\/\/www.hashtag.al\/wp-content\/uploads\/2023\/12\/thumbs_b_c_8699ad47dbc3676a304b87e9fa39aefc.jpg 864w, https:\/\/www.hashtag.al\/wp-content\/uploads\/2023\/12\/thumbs_b_c_8699ad47dbc3676a304b87e9fa39aefc-300x169.jpg 300w, https:\/\/www.hashtag.al\/wp-content\/uploads\/2023\/12\/thumbs_b_c_8699ad47dbc3676a304b87e9fa39aefc-768x432.jpg 768w\" sizes=\"auto, (max-width: 864px) 100vw, 864px\" \/><\/p>\n<p><span style=\"font-weight: 400; color: #000000;\">Japonia ka gjasa t\u00eb d\u00ebrgoj\u00eb astronautin e saj t\u00eb par\u00eb ndonj\u00ebher\u00eb n\u00eb h\u00ebn\u00eb n\u00eb kuadrin e nj\u00eb programi eksplorimi h\u00ebnor t\u00eb udh\u00ebhequr nga SHBA, raportoi t\u00eb diel\u00ebn agjensia e lajmeve Kyodo me qend\u00ebr n\u00eb Tokio.\u00a0\u00a0<\/span><\/p>\n<p><span style=\"font-weight: 400; color: #000000;\">Uashingtoni dhe Tokio po b\u00ebjn\u00eb rregullimet p\u00ebrfundimtare p\u00ebr t\u00eb ulur p\u00ebr her\u00eb t\u00eb par\u00eb nj\u00eb astronaut japonez n\u00eb sip\u00ebrfaqen e h\u00ebn\u00ebs, raportoi agjencia duke cituar burime pa em\u00ebr t\u00eb njohura me k\u00ebt\u00eb \u00e7\u00ebshtje.\u00a0<\/span><\/p>\n<p><span style=\"font-weight: 400; color: #000000;\">Programi Artemis synon t\u00eb d\u00ebrgoj\u00eb astronaut\u00ebt e SH.B.A.-s\u00eb n\u00eb sip\u00ebrfaqen h\u00ebnore p\u00ebr her\u00eb t\u00eb par\u00eb n\u00eb m\u00eb shum\u00eb se gjysm\u00eb shekulli deri n\u00eb vitin 2025 m\u00eb her\u00ebt, dhe nj\u00eb &#8216;astronaut japonez mund t\u00eb jet\u00eb nd\u00ebr t\u00eb tjer\u00ebt q\u00eb do t\u00eb ulet n\u00eb satelitin e Tok\u00ebs&#8217;, thoshte ajo.\u00a0\u00a0<\/span><\/p>\n<p><span style=\"font-weight: 400; color: #000000;\">T\u00eb dy vendet po diskutojn\u00eb gjithashtu v\u00ebnien n\u00eb h\u00ebn\u00eb t\u00eb nj\u00eb astronauti t\u00eb dyt\u00eb japonez dhe pritet t\u00eb finalizojn\u00eb nj\u00eb plan sa m\u00eb shpejt muajin e ardhsh\u00ebm, sipas agjensis\u00eb s\u00eb lajmeve.<\/span><\/p>\n<p><span style=\"font-weight: 400; color: #000000;\">P\u00ebrve\u00e7 kthimit t\u00eb njer\u00ebzve n\u00eb h\u00ebn\u00eb dhe p\u00ebrparimit t\u00eb eksplorimit h\u00ebnor, q\u00ebllimi p\u00ebrfundimtar i programit Artemis \u00ebsht\u00eb t\u00eb eksploroj\u00eb Marsin.\u00a0 N\u00ebnpresidenti i SHBA Kamala Harris tha t\u00eb m\u00ebrkur\u00ebn se Uashingtoni ka nd\u00ebrmend t\u00eb ket\u00eb nj\u00eb astronaut nd\u00ebrkomb\u00ebtar q\u00eb t\u00eb shoq\u00ebroj\u00eb astronaut\u00ebt e SHBA n\u00eb sip\u00ebrfaqen e h\u00ebn\u00ebs deri n\u00eb 2029, ndonse ajo nuk tha se nga cili vend mund t\u00eb zgjidhet individi i parashikuar.\u00a0\u00a0<\/span><\/p>\n<p><span style=\"font-weight: 400; color: #000000;\">Kryeministri japonez Fumio Kishida konfirmoi t\u00eb premten n\u00eb nj\u00eb takim t\u00eb Selis\u00eb Strategjike p\u00ebr Zhvillimin Hap\u00ebsinor se t\u00eb dy vendet po p\u00ebrshpejtonin diskutimet.<\/span><\/p>\n<p><span style=\"font-weight: 400; color: #000000;\">Japonia do t\u00eb jet\u00eb p\u00ebrgjegj\u00ebse p\u00ebr transportimin e materialeve, si dhe zhvillimin e nj\u00eb roveri h\u00ebnor q\u00eb mund t\u00eb drejtohet pa nj\u00eb hap\u00ebsir\u00eb, p\u00ebrve\u00e7 pjes\u00ebmarrjes n\u00eb nd\u00ebrtimin e Gateway, nj\u00eb avant-poste me orbit\u00eb h\u00ebnore e planifikuar n\u00eb kuadrin e programit Artemis.<\/span><\/p>\n<p><span style=\"color: #000000;\"><span style=\"font-weight: 400;\"><span style=\"color: #ff0000;\">VINI RE:<\/span> Ky material \u00ebsht\u00eb pron\u00ebsi intelektuale e <\/span><span style=\"color: #0000ff;\"><a style=\"color: #0000ff;\" href=\"https:\/\/www.aa.com.tr\/en\/asia-pacific\/japan-likely-to-send-its-1st-astronaut-to-moon-under-us-led-mission\/3091359\"><span style=\"font-weight: 400;\">AA<\/span><\/a><\/span><span style=\"font-weight: 400;\">.<\/span><\/span><\/p>\n","protected":false,"gt_translate_keys":[{"key":"rendered","format":"html"}]},"excerpt":{"rendered":"<p>Japonia ka gjasa t\u00eb d\u00ebrgoj\u00eb astronautin e saj t\u00eb par\u00eb ndonj\u00ebher\u00eb n\u00eb h\u00ebn\u00eb n\u00eb kuadrin e nj\u00eb programi eksplorimi h\u00ebnor t\u00eb udh\u00ebhequr nga SHBA, raportoi t\u00eb diel\u00ebn agjensia e lajmeve Kyodo me qend\u00ebr n\u00eb Tokio.\u00a0\u00a0 Uashingtoni dhe Tokio po b\u00ebjn\u00eb rregullimet p\u00ebrfundimtare p\u00ebr t\u00eb ulur p\u00ebr her\u00eb t\u00eb par\u00eb nj\u00eb astronaut japonez n\u00eb sip\u00ebrfaqen e [&hellip;]<\/p>\n","protected":false,"gt_translate_keys":[{"key":"rendered","format":"html"}]},"author":4,"featured_media":642064,"comment_status":"closed","ping_status":"closed","sticky":false,"template":"","format":"standard","meta":{"footnotes":""},"categories":[53],"tags":[],"class_list":["post-642062","post","type-post","status-publish","format-standard","has-post-thumbnail","hentry","category-fast-foodi"],"gt_translate_keys":[{"key":"link","format":"url"}],"_links":{"self":[{"href":"https:\/\/www.hashtag.al\/index.php\/wp-json\/wp\/v2\/posts\/642062","targetHints":{"allow":["GET"]}}],"collection":[{"href":"https:\/\/www.hashtag.al\/index.php\/wp-json\/wp\/v2\/posts"}],"about":[{"href":"https:\/\/www.hashtag.al\/index.php\/wp-json\/wp\/v2\/types\/post"}],"author":[{"embeddable":true,"href":"https:\/\/www.hashtag.al\/index.php\/wp-json\/wp\/v2\/users\/4"}],"replies":[{"embeddable":true,"href":"https:\/\/www.hashtag.al\/index.php\/wp-json\/wp\/v2\/comments?post=642062"}],"version-history":[{"count":0,"href":"https:\/\/www.hashtag.al\/index.php\/wp-json\/wp\/v2\/posts\/642062\/revisions"}],"wp:featuredmedia":[{"embeddable":true,"href":"https:\/\/www.hashtag.al\/index.php\/wp-json\/wp\/v2\/media\/642064"}],"wp:attachment":[{"href":"https:\/\/www.hashtag.al\/index.php\/wp-json\/wp\/v2\/media?parent=642062"}],"wp:term":[{"taxonomy":"category","embeddable":true,"href":"https:\/\/www.hashtag.al\/index.php\/wp-json\/wp\/v2\/categories?post=642062"},{"taxonomy":"post_tag","embeddable":true,"href":"https:\/\/www.hashtag.al\/index.php\/wp-json\/wp\/v2\/tags?post=642062"}],"curies":[{"name":"wp","href":"https:\/\/api.w.org\/{rel}","templated":true}]}}