{"id":641620,"date":"2023-12-22T18:19:58","date_gmt":"2023-12-22T17:19:58","guid":{"rendered":"https:\/\/www.hashtag.al\/?p=641620"},"modified":"2023-12-22T18:19:58","modified_gmt":"2023-12-22T17:19:58","slug":"paralajmeroi-per-nje-tjeter-tragjedi-policia-ceke-arreston-te-riun-u-frymezova-nga-ai-dua-edhe-une-te-vras","status":"publish","type":"post","link":"https:\/\/www.hashtag.al\/index.php\/2023\/12\/22\/paralajmeroi-per-nje-tjeter-tragjedi-policia-ceke-arreston-te-riun-u-frymezova-nga-ai-dua-edhe-une-te-vras\/","title":{"rendered":"Paralajm\u00ebroi p\u00ebr nj\u00eb tjet\u00ebr tragjedi, policia \u00e7eke arreston t\u00eb riun: U frym\u00ebzova nga ai, dua edhe un\u00eb t\u00eb vras","gt_translate_keys":[{"key":"rendered","format":"text"}]},"content":{"rendered":"<p style=\"text-align: left;\"><span style=\"color: #000000;\"><img loading=\"lazy\" decoding=\"async\" class=\"size-full wp-image-641621 aligncenter\" src=\"https:\/\/www.hashtag.al\/wp-content\/uploads\/2023\/12\/Czech-police-arrest.webp\" alt=\"\" width=\"720\" height=\"405\" srcset=\"https:\/\/www.hashtag.al\/wp-content\/uploads\/2023\/12\/Czech-police-arrest.webp 720w, https:\/\/www.hashtag.al\/wp-content\/uploads\/2023\/12\/Czech-police-arrest-300x169.webp 300w\" sizes=\"auto, (max-width: 720px) 100vw, 720px\" \/><\/span><\/p>\n<p style=\"text-align: left;\"><span style=\"color: #000000;\">Policia \u00e7eke publikoi pamjet e arrestimit t\u00eb nj\u00eb personi t\u00eb dyshuar p\u00ebr t\u00eb cilin thon\u00eb se pranoi se ishte \u201cfrym\u00ebzuar\u201d nga agresori i Prag\u00ebs, David Kozak, dhe \u201cd\u00ebshironte t\u00eb blinte nj\u00eb arm\u00eb dhe gjithashtu t\u00eb vriste\u201d.<\/span><\/p>\n<p style=\"text-align: left;\"><span style=\"color: #000000;\">Sipas mediave t\u00eb huaja ky arrestim vjen pas masave t\u00eb marra p\u00ebr rritjen e siguris\u00eb n\u00eb institucionet arsimore dhe objektiva t\u00eb tjera t\u00eb mundshme pas sulmit tragjik q\u00eb tronditi Prag\u00ebn dje.<\/span><\/p>\n<p style=\"text-align: left;\"><span style=\"color: #000000;\"><em>\u201cDje n\u00eb or\u00ebn 11 e gjysm\u00eb telefonuesi na tha se ishte frym\u00ebzuar nga vras\u00ebsi, se donte t\u00eb blinte nj\u00eb arm\u00eb dhe gjithashtu t\u00eb vriste\u201d,<\/em> shkroi policia \u00e7eke n\u00eb nj\u00eb postim n\u00eb X.<\/span><\/p>\n<p style=\"text-align: left;\"><span style=\"color: #000000;\">Videoja e publikuar shfaq oficer\u00eb t\u00eb armatosur q\u00eb ngjiten n\u00eb shkall\u00ebt e nj\u00eb pallati p\u00ebrpara se t\u00eb shkallmojn\u00eb der\u00ebn dhe t\u00eb hyjn\u00eb n\u00eb nj\u00eb banes\u00eb teksa b\u00ebrtisnin. Nd\u00ebrkoh\u00eb, kryeministri \u00e7ek Petr Fiala tha se e shtuna do t\u00eb jet\u00eb nj\u00eb dit\u00eb zie komb\u00ebtare p\u00ebr viktimat e t\u00eb sht\u00ebnave n\u00eb Prag\u00eb, sipas Sky News.<\/span><\/p>\n<p style=\"text-align: left;\"><span style=\"color: #000000;\">Ministri i Brendsh\u00ebm Vit Rakusan tha se policia punoi gjat\u00eb nat\u00ebs dhe t\u00eb 14 personat q\u00eb vdiq\u00ebn n\u00eb sulm jan\u00eb identifikuar.\u00a0 Ministria e Jashtme \u00e7eke tha se tre nga t\u00eb plagosurit ishin t\u00eb huaj, dy nga Emiratet e Bashkuara Arabe dhe nj\u00eb nga Holanda.<\/span><\/p>\n","protected":false,"gt_translate_keys":[{"key":"rendered","format":"html"}]},"excerpt":{"rendered":"<p>Policia \u00e7eke publikoi pamjet e arrestimit t\u00eb nj\u00eb personi t\u00eb dyshuar p\u00ebr t\u00eb cilin thon\u00eb se pranoi se ishte \u201cfrym\u00ebzuar\u201d nga agresori i Prag\u00ebs, David Kozak, dhe \u201cd\u00ebshironte t\u00eb blinte nj\u00eb arm\u00eb dhe gjithashtu t\u00eb vriste\u201d. Sipas mediave t\u00eb huaja ky arrestim vjen pas masave t\u00eb marra p\u00ebr rritjen e siguris\u00eb n\u00eb institucionet arsimore dhe [&hellip;]<\/p>\n","protected":false,"gt_translate_keys":[{"key":"rendered","format":"html"}]},"author":4,"featured_media":641621,"comment_status":"closed","ping_status":"closed","sticky":false,"template":"","format":"standard","meta":{"footnotes":""},"categories":[6],"tags":[],"class_list":["post-641620","post","type-post","status-publish","format-standard","has-post-thumbnail","hentry","category-nderkombetare"],"gt_translate_keys":[{"key":"link","format":"url"}],"_links":{"self":[{"href":"https:\/\/www.hashtag.al\/index.php\/wp-json\/wp\/v2\/posts\/641620","targetHints":{"allow":["GET"]}}],"collection":[{"href":"https:\/\/www.hashtag.al\/index.php\/wp-json\/wp\/v2\/posts"}],"about":[{"href":"https:\/\/www.hashtag.al\/index.php\/wp-json\/wp\/v2\/types\/post"}],"author":[{"embeddable":true,"href":"https:\/\/www.hashtag.al\/index.php\/wp-json\/wp\/v2\/users\/4"}],"replies":[{"embeddable":true,"href":"https:\/\/www.hashtag.al\/index.php\/wp-json\/wp\/v2\/comments?post=641620"}],"version-history":[{"count":0,"href":"https:\/\/www.hashtag.al\/index.php\/wp-json\/wp\/v2\/posts\/641620\/revisions"}],"wp:featuredmedia":[{"embeddable":true,"href":"https:\/\/www.hashtag.al\/index.php\/wp-json\/wp\/v2\/media\/641621"}],"wp:attachment":[{"href":"https:\/\/www.hashtag.al\/index.php\/wp-json\/wp\/v2\/media?parent=641620"}],"wp:term":[{"taxonomy":"category","embeddable":true,"href":"https:\/\/www.hashtag.al\/index.php\/wp-json\/wp\/v2\/categories?post=641620"},{"taxonomy":"post_tag","embeddable":true,"href":"https:\/\/www.hashtag.al\/index.php\/wp-json\/wp\/v2\/tags?post=641620"}],"curies":[{"name":"wp","href":"https:\/\/api.w.org\/{rel}","templated":true}]}}