{"id":641427,"date":"2023-12-21T22:11:56","date_gmt":"2023-12-21T21:11:56","guid":{"rendered":"https:\/\/www.hashtag.al\/?p=641427"},"modified":"2023-12-21T22:18:55","modified_gmt":"2023-12-21T21:18:55","slug":"tepelene-familja-tralo-jeton-ne-shpelle-femijet-enderrojne-te-hane-tre-here-ne-dite","status":"publish","type":"post","link":"https:\/\/www.hashtag.al\/index.php\/2023\/12\/21\/tepelene-familja-tralo-jeton-ne-shpelle-femijet-enderrojne-te-hane-tre-here-ne-dite\/","title":{"rendered":"Tepelen\u00eb, familja Tralo jeton n\u00eb shpell\u00eb, f\u00ebmij\u00ebt \u00ebnd\u00ebrrojn\u00eb t\u00eb han\u00eb tre her\u00eb n\u00eb dit\u00eb","gt_translate_keys":[{"key":"rendered","format":"text"}]},"content":{"rendered":"<p><img loading=\"lazy\" decoding=\"async\" class=\"size-full wp-image-641428 aligncenter\" src=\"https:\/\/www.hashtag.al\/wp-content\/uploads\/2023\/12\/WhatsApp-Image-2023-12-21-at-10.04.57-PM.jpeg\" alt=\"\" width=\"1284\" height=\"733\" srcset=\"https:\/\/www.hashtag.al\/wp-content\/uploads\/2023\/12\/WhatsApp-Image-2023-12-21-at-10.04.57-PM.jpeg 1284w, https:\/\/www.hashtag.al\/wp-content\/uploads\/2023\/12\/WhatsApp-Image-2023-12-21-at-10.04.57-PM-300x171.jpeg 300w, https:\/\/www.hashtag.al\/wp-content\/uploads\/2023\/12\/WhatsApp-Image-2023-12-21-at-10.04.57-PM-1024x585.jpeg 1024w, https:\/\/www.hashtag.al\/wp-content\/uploads\/2023\/12\/WhatsApp-Image-2023-12-21-at-10.04.57-PM-768x438.jpeg 768w\" sizes=\"auto, (max-width: 1284px) 100vw, 1284px\" \/><\/p>\n<p style=\"text-align: left;\"><span style=\"color: #000000;\">Nd\u00ebrrimi i viteve i gjen ne kasollen pran\u00eb shpell\u00ebs pa lodra, pa drit\u00eb e sigurisht pa buk\u00eb.<\/span><\/p>\n<p style=\"text-align: left;\"><span style=\"color: #000000;\">Kjo \u00ebsht\u00eb drama e familjes Tralo q\u00eb kalon cdo imagjinat\u00eb d\u00ebshp\u00ebruese n\u00eb fshatin<\/span><\/p>\n<p style=\"text-align: left;\"><span style=\"color: #000000;\">Peshtan t\u00eb Tepelen\u00ebs. Ervini me bashk\u00ebshorten dhe dy femij\u00ebt e mitur e pret 2024 n\u00eb ni\u00eb kasolle t\u00eb improvizuar pran\u00eb shpell\u00ebs, si sht\u00ebpi pa kushte elementare p\u00ebr jetes\u00eb. Ai nuk kerkon shum\u00eb, thjesht nj\u00eb streh\u00eb ku f\u00ebmij\u00ebt e tij t\u00eb jetojn\u00eb normalisht. Bashk\u00ebshortja p\u00ebrgjigjet shkurt, pasi nuk mund t\u00eb thuash shum\u00eb n\u00eb kushtet e saj. Nd\u00ebrsa f\u00ebmij\u00ebt q\u00eb shkojn\u00eb n\u00eb shkoll\u00eb mes balt\u00ebs duan vet\u00ebm nj\u00eb sht\u00ebpi dhe pak buk\u00eb. Edhe pse kan\u00eb trokitur n\u00eb dyert e Bashkis\u00eb Tepelen\u00eb, familjen Tralo askush nuk e ka mb\u00ebshtetur. E vetmja ndihme jan\u00eb borxhet q\u00eb marrin e q\u00eb i lajn\u00eb sa her\u00eb shesin bimet medicinale t\u00eb mbledhura n\u00eb lart\u00ebsit\u00eb e malit Golik.<\/span><\/p>\n<p style=\"text-align: left;\"><span style=\"color: #000000;\">Pamjet n\u00eb video jan\u00eb treguesi i dhimbsh\u00ebm jet\u00ebsor i familjes Tralo.<\/span><\/p>\n<p style=\"text-align: left;\">\n<iframe loading=\"lazy\" title=\"YouTube video player\" src=\"https:\/\/www.youtube.com\/embed\/PSizmOVSDQQ?si=YrWKpHy37rxvC896\" width=\"560\" height=\"315\" frameborder=\"0\" allowfullscreen=\"allowfullscreen\"><\/iframe><\/p>\n<p><span style=\"color: #000000;\"><span style=\"color: #ff0000;\"><strong>VINI RE:<\/strong> <\/span>Artikulli \u00ebsht\u00eb pron\u00eb intelektuale e<\/span><a href=\"https:\/\/jugulajm.net\/video-trishtuese-tepelene-familja-tralo-jeton-ne-shpelle-femijet-enderrojne-te-hane-3-here-ne-dite\/\"><span style=\"color: #0000ff;\"><strong> Jugu lajm<\/strong><\/span><\/a><\/p>\n","protected":false,"gt_translate_keys":[{"key":"rendered","format":"html"}]},"excerpt":{"rendered":"<p>Nd\u00ebrrimi i viteve i gjen ne kasollen pran\u00eb shpell\u00ebs pa lodra, pa drit\u00eb e sigurisht pa buk\u00eb. Kjo \u00ebsht\u00eb drama e familjes Tralo q\u00eb kalon cdo imagjinat\u00eb d\u00ebshp\u00ebruese n\u00eb fshatin Peshtan t\u00eb Tepelen\u00ebs. Ervini me bashk\u00ebshorten dhe dy femij\u00ebt e mitur e pret 2024 n\u00eb ni\u00eb kasolle t\u00eb improvizuar pran\u00eb shpell\u00ebs, si sht\u00ebpi pa kushte [&hellip;]<\/p>\n","protected":false,"gt_translate_keys":[{"key":"rendered","format":"html"}]},"author":4,"featured_media":641428,"comment_status":"closed","ping_status":"closed","sticky":false,"template":"","format":"standard","meta":{"footnotes":""},"categories":[22],"tags":[],"class_list":["post-641427","post","type-post","status-publish","format-standard","has-post-thumbnail","hentry","category-ballina"],"gt_translate_keys":[{"key":"link","format":"url"}],"_links":{"self":[{"href":"https:\/\/www.hashtag.al\/index.php\/wp-json\/wp\/v2\/posts\/641427","targetHints":{"allow":["GET"]}}],"collection":[{"href":"https:\/\/www.hashtag.al\/index.php\/wp-json\/wp\/v2\/posts"}],"about":[{"href":"https:\/\/www.hashtag.al\/index.php\/wp-json\/wp\/v2\/types\/post"}],"author":[{"embeddable":true,"href":"https:\/\/www.hashtag.al\/index.php\/wp-json\/wp\/v2\/users\/4"}],"replies":[{"embeddable":true,"href":"https:\/\/www.hashtag.al\/index.php\/wp-json\/wp\/v2\/comments?post=641427"}],"version-history":[{"count":0,"href":"https:\/\/www.hashtag.al\/index.php\/wp-json\/wp\/v2\/posts\/641427\/revisions"}],"wp:featuredmedia":[{"embeddable":true,"href":"https:\/\/www.hashtag.al\/index.php\/wp-json\/wp\/v2\/media\/641428"}],"wp:attachment":[{"href":"https:\/\/www.hashtag.al\/index.php\/wp-json\/wp\/v2\/media?parent=641427"}],"wp:term":[{"taxonomy":"category","embeddable":true,"href":"https:\/\/www.hashtag.al\/index.php\/wp-json\/wp\/v2\/categories?post=641427"},{"taxonomy":"post_tag","embeddable":true,"href":"https:\/\/www.hashtag.al\/index.php\/wp-json\/wp\/v2\/tags?post=641427"}],"curies":[{"name":"wp","href":"https:\/\/api.w.org\/{rel}","templated":true}]}}