{"id":641290,"date":"2023-12-21T13:55:32","date_gmt":"2023-12-21T12:55:32","guid":{"rendered":"https:\/\/www.hashtag.al\/?p=641290"},"modified":"2023-12-21T13:55:32","modified_gmt":"2023-12-21T12:55:32","slug":"vucic-pretendon-se-nje-vend-i-rendesishem-nderhyri-ne-zgjedhjet-ne-serbi","status":"publish","type":"post","link":"https:\/\/www.hashtag.al\/index.php\/2023\/12\/21\/vucic-pretendon-se-nje-vend-i-rendesishem-nderhyri-ne-zgjedhjet-ne-serbi\/","title":{"rendered":"Vu\u00e7i\u00e7 pretendon se \u201cnj\u00eb vend i r\u00ebnd\u00ebsish\u00ebm\u201d nd\u00ebrhyri n\u00eb zgjedhjet n\u00eb Serbi","gt_translate_keys":[{"key":"rendered","format":"text"}]},"content":{"rendered":"<p><span style=\"color: #000000;\"><a href=\"https:\/\/www.hashtag.al\/wp-content\/uploads\/2023\/12\/Screenshot-2023-12-21-133256.png\"><img loading=\"lazy\" decoding=\"async\" class=\"aligncenter size-full wp-image-641291\" src=\"https:\/\/www.hashtag.al\/wp-content\/uploads\/2023\/12\/Screenshot-2023-12-21-133256.png\" alt=\"\" width=\"1171\" height=\"682\" srcset=\"https:\/\/www.hashtag.al\/wp-content\/uploads\/2023\/12\/Screenshot-2023-12-21-133256.png 1171w, https:\/\/www.hashtag.al\/wp-content\/uploads\/2023\/12\/Screenshot-2023-12-21-133256-300x175.png 300w, https:\/\/www.hashtag.al\/wp-content\/uploads\/2023\/12\/Screenshot-2023-12-21-133256-1024x596.png 1024w, https:\/\/www.hashtag.al\/wp-content\/uploads\/2023\/12\/Screenshot-2023-12-21-133256-768x447.png 768w, https:\/\/www.hashtag.al\/wp-content\/uploads\/2023\/12\/Screenshot-2023-12-21-133256-250x145.png 250w\" sizes=\"auto, (max-width: 1171px) 100vw, 1171px\" \/><\/a><\/span><\/p>\n<p><span style=\"color: #000000;\">Presidenti i Serbis\u00eb, Aleksandar Vu\u00e7i\u00e7, tha t\u00eb enjten se autoritetet shtet\u00ebrore t\u00eb Serbis\u00eb po e hartojn\u00eb \u201cnj\u00eb let\u00ebr t\u00eb r\u00ebnd\u00ebsishme p\u00ebr ndikimin dhe nd\u00ebrhyrjen e nj\u00eb vendi t\u00eb r\u00ebnd\u00ebsish\u00ebm n\u00eb procesin zgjedhor t\u00eb Serbis\u00eb n\u00eb m\u00ebnyr\u00ebn m\u00eb <em>brutale<\/em>\u201d.<\/span><\/p>\n<p><span style=\"color: #000000;\">Ai nuk specifikoi se cilit shtet po i referohej.<\/span><\/p>\n<p><span style=\"color: #000000;\"><em>\u201cDo t\u00eb kryhet deri n\u00eb Vitin e Ri dhe m\u00eb pas do ta d\u00ebrgojm\u00eb n\u00eb mbar\u00eb bot\u00ebn q\u00eb t\u00eb shihet se si b\u00ebhet nj\u00eb nd\u00ebrhyrje e till\u00eb n\u00eb procese q\u00eb i p\u00ebrkasin nj\u00eb vendi t\u00eb pavarur sovran<\/em>\u201d, tha Vu\u00e7i\u00e7 t\u00eb enjten.<\/span><\/p>\n<p><span style=\"color: #000000;\">Vu\u00e7i\u00e7 tha, po ashtu, se zgjedhjet e mbajtura m\u00eb 17 dhjetor \u201c<em>ishin m\u00eb t\u00eb pastrat dhe m\u00eb t\u00eb drejtat deri m\u00eb tani\u201d.<\/em><\/span><\/p>\n<p><span style=\"color: #000000;\">Fundjav\u00ebn e kaluar Serbia mbajti zgjedhje parlamentare, provinciale dhe lokale.<\/span><\/p>\n<p><span style=\"color: #000000;\">Koalicioni m\u00eb i madh opozitar &#8220;Serbia kund\u00ebr dhun\u00ebs&#8221; nuk i njeh rezultatet e zgjedhjeve dhe k\u00ebrkon mbajtjen e zgjedhjeve t\u00eb reja, duke pretenduar se fitorja e Partis\u00eb Progresive Serbe (SNS) \u00ebsht\u00eb rezultat i vjedhjes s\u00eb votave.<\/span><\/p>\n<p><span style=\"color: #000000;\">Nj\u00eb ekip v\u00ebzhgues nd\u00ebrkomb\u00ebtar i p\u00ebrb\u00ebr\u00eb nga an\u00ebtar\u00eb t\u00eb Misionit t\u00eb OSBE-s\u00eb p\u00ebr Institucione Demokratike dhe t\u00eb Drejtat e Njeriut, Parlamentit Evropian, Asambles\u00eb Parlamentare t\u00eb K\u00ebshillit t\u00eb Evrop\u00ebs dhe Asambles\u00eb Parlamentare t\u00eb OSBE-s\u00eb, vuri n\u00eb dukje &#8220;parregullsi serioze&#8221; gjat\u00eb zgjedhjeve n\u00eb Serbi.<\/span><\/p>\n<p><span style=\"color: #000000;\">M\u00eb 18 dhjetor, ata deklaruan se ato zgjedhje u sh\u00ebnuan, nd\u00ebr t\u00eb tjera, nga keqp\u00ebrdorimi i fondeve publike, dominimi mediatik i presidentit Aleksandar Vu\u00e7iq, nj\u00eb fushat\u00eb negative dhe p\u00ebrhapja e frik\u00ebs.<\/span><\/p>\n<p><span style=\"color: #000000;\">Pas k\u00ebtyre vler\u00ebsimeve kan\u00eb reaguar edhe P\u00ebrfaq\u00ebsuesi i Lart\u00eb i BE-s\u00eb Josep Borrell dhe komisionari p\u00ebr Zgjerim Oliver Varhelyi. M\u00eb 19 dhjetor, ata i b\u00ebn\u00eb thirrje Serbis\u00eb q\u00eb t\u00eb &#8220;p\u00ebrmir\u00ebsoj\u00eb ndjesh\u00ebm&#8221; procesin zgjedhor.<\/span><\/p>\n<p><span style=\"color: #000000;\">M\u00eb 19 dhjetor, Serbis\u00eb i b\u00ebn\u00eb thirrje edhe Shtetet e Bashkuara t\u00eb Amerik\u00ebs p\u00ebr t\u2019i hetuar pretendimet e v\u00ebzhguesve nd\u00ebrkomb\u00ebtar\u00eb p\u00ebr parregullsi zgjedhore.<\/span><\/p>\n<p><span style=\"color: #000000;\">SNS-ja n\u00eb disa raste ka hedhur posht\u00eb akuzat p\u00ebr ndryshim t\u00eb vullnetit zgjedhor dhe parregullsi.\/<span style=\"color: #0000ff;\"><a style=\"color: #0000ff;\" href=\"https:\/\/www.evropaelire.org\/a\/vuciqi-pretendon-nje-vend-nderhyri-ne-zgjedhjet-serbe\/32741741.html\">REL<\/a><\/span><\/span><\/p>\n","protected":false,"gt_translate_keys":[{"key":"rendered","format":"html"}]},"excerpt":{"rendered":"<p>Presidenti i Serbis\u00eb, Aleksandar Vu\u00e7i\u00e7, tha t\u00eb enjten se autoritetet shtet\u00ebrore t\u00eb Serbis\u00eb po e hartojn\u00eb \u201cnj\u00eb let\u00ebr t\u00eb r\u00ebnd\u00ebsishme p\u00ebr ndikimin dhe nd\u00ebrhyrjen e nj\u00eb vendi t\u00eb r\u00ebnd\u00ebsish\u00ebm n\u00eb procesin zgjedhor t\u00eb Serbis\u00eb n\u00eb m\u00ebnyr\u00ebn m\u00eb brutale\u201d. Ai nuk specifikoi se cilit shtet po i referohej. \u201cDo t\u00eb kryhet deri n\u00eb Vitin e Ri [&hellip;]<\/p>\n","protected":false,"gt_translate_keys":[{"key":"rendered","format":"html"}]},"author":30,"featured_media":641291,"comment_status":"closed","ping_status":"closed","sticky":false,"template":"","format":"standard","meta":{"footnotes":""},"categories":[149],"tags":[],"class_list":["post-641290","post","type-post","status-publish","format-standard","has-post-thumbnail","hentry","category-kosoverajon"],"gt_translate_keys":[{"key":"link","format":"url"}],"_links":{"self":[{"href":"https:\/\/www.hashtag.al\/index.php\/wp-json\/wp\/v2\/posts\/641290","targetHints":{"allow":["GET"]}}],"collection":[{"href":"https:\/\/www.hashtag.al\/index.php\/wp-json\/wp\/v2\/posts"}],"about":[{"href":"https:\/\/www.hashtag.al\/index.php\/wp-json\/wp\/v2\/types\/post"}],"author":[{"embeddable":true,"href":"https:\/\/www.hashtag.al\/index.php\/wp-json\/wp\/v2\/users\/30"}],"replies":[{"embeddable":true,"href":"https:\/\/www.hashtag.al\/index.php\/wp-json\/wp\/v2\/comments?post=641290"}],"version-history":[{"count":0,"href":"https:\/\/www.hashtag.al\/index.php\/wp-json\/wp\/v2\/posts\/641290\/revisions"}],"wp:featuredmedia":[{"embeddable":true,"href":"https:\/\/www.hashtag.al\/index.php\/wp-json\/wp\/v2\/media\/641291"}],"wp:attachment":[{"href":"https:\/\/www.hashtag.al\/index.php\/wp-json\/wp\/v2\/media?parent=641290"}],"wp:term":[{"taxonomy":"category","embeddable":true,"href":"https:\/\/www.hashtag.al\/index.php\/wp-json\/wp\/v2\/categories?post=641290"},{"taxonomy":"post_tag","embeddable":true,"href":"https:\/\/www.hashtag.al\/index.php\/wp-json\/wp\/v2\/tags?post=641290"}],"curies":[{"name":"wp","href":"https:\/\/api.w.org\/{rel}","templated":true}]}}