{"id":641222,"date":"2023-12-21T10:24:38","date_gmt":"2023-12-21T09:24:38","guid":{"rendered":"https:\/\/www.hashtag.al\/?p=641222"},"modified":"2023-12-21T11:23:51","modified_gmt":"2023-12-21T10:23:51","slug":"kuvendi-i-hoqi-imunitetin-berisha-parlamenti-voti-ne-kundershtim-me-cdo-procedure-ligjore","status":"publish","type":"post","link":"https:\/\/www.hashtag.al\/index.php\/2023\/12\/21\/kuvendi-i-hoqi-imunitetin-berisha-parlamenti-voti-ne-kundershtim-me-cdo-procedure-ligjore\/","title":{"rendered":"Kuvendi i hoqi imunitetin, Berisha: Parlamenti votoi n\u00eb kund\u00ebrshtim me \u00e7do procedur\u00eb ligjore","gt_translate_keys":[{"key":"rendered","format":"text"}]},"content":{"rendered":"<p><img loading=\"lazy\" decoding=\"async\" class=\"size-full wp-image-641223 aligncenter\" src=\"https:\/\/www.hashtag.al\/wp-content\/uploads\/2023\/12\/berishaa54455454.jpg\" alt=\"\" width=\"953\" height=\"479\" srcset=\"https:\/\/www.hashtag.al\/wp-content\/uploads\/2023\/12\/berishaa54455454.jpg 953w, https:\/\/www.hashtag.al\/wp-content\/uploads\/2023\/12\/berishaa54455454-300x151.jpg 300w, https:\/\/www.hashtag.al\/wp-content\/uploads\/2023\/12\/berishaa54455454-768x386.jpg 768w\" sizes=\"auto, (max-width: 953px) 100vw, 953px\" \/><\/p>\n<p><span style=\"font-weight: 400; color: #000000;\">Ish-kryeministri Sali Berisha ka reaguar pas vendimit t\u00eb Kuvendit, q\u00eb i hoqi imunitetin e deputetit, duke iu p\u00ebrgjigjur k\u00ebrkes\u00ebs s\u00eb SPAK, q\u00eb k\u00ebrkon arrestimin e tij.<\/span><\/p>\n<p><span style=\"color: #000000;\"><i><span style=\"font-weight: 400;\">\u201cSot parlamenti antikushtetues, antidemokratike, votoi n\u00eb kund\u00ebrshtim me \u00e7do procedur\u00eb ligjore p\u00ebr heqjen e imunitetit dhe arrestimin tim.\u00a0<\/span><\/i><\/span><\/p>\n<p><span style=\"color: #000000;\"><i><span style=\"font-weight: 400;\">Sot parlamenti vazhdoi vepr\u00ebn q\u00eb d\u00ebshtoi m\u00eb 9 shtator, dy vite m\u00eb par\u00eb.\u00a0<\/span><\/i><\/span><\/p>\n<p><span style=\"color: #000000;\"><i><span style=\"font-weight: 400;\">Por n\u00ebqoft\u00ebse d\u00ebshtoi m\u00eb 9 shtator, ju garantoj se sot do t\u00eb jet\u00eb m\u00eb i d\u00ebshtuar se kurr\u00eb.<\/span><\/i><\/span><\/p>\n<p><span style=\"color: #000000;\"><i><span style=\"font-weight: 400;\">Ky vendim jo q\u00eb nuk do t\u00eb mund\u00eb t\u00eb realizoj\u00eb shkat\u00ebrrimin\u00a0 e opozit\u00ebs, por do ta mobilizoj\u00eb at\u00eb n\u00ebn moton \u2018o sot o kurr\u00eb\u2019 duke i dh\u00ebn\u00eb p\u00ebrgjigje t\u00eb merituar.\u201d<\/span><\/i><span style=\"font-weight: 400;\">, tha ai.<\/span><\/span><\/p>\n","protected":false,"gt_translate_keys":[{"key":"rendered","format":"html"}]},"excerpt":{"rendered":"<p>Ish-kryeministri Sali Berisha ka reaguar pas vendimit t\u00eb Kuvendit, q\u00eb i hoqi imunitetin e deputetit, duke iu p\u00ebrgjigjur k\u00ebrkes\u00ebs s\u00eb SPAK, q\u00eb k\u00ebrkon arrestimin e tij. \u201cSot parlamenti antikushtetues, antidemokratike, votoi n\u00eb kund\u00ebrshtim me \u00e7do procedur\u00eb ligjore p\u00ebr heqjen e imunitetit dhe arrestimin tim.\u00a0 Sot parlamenti vazhdoi vepr\u00ebn q\u00eb d\u00ebshtoi m\u00eb 9 shtator, dy vite [&hellip;]<\/p>\n","protected":false,"gt_translate_keys":[{"key":"rendered","format":"html"}]},"author":4,"featured_media":641223,"comment_status":"closed","ping_status":"closed","sticky":false,"template":"","format":"standard","meta":{"footnotes":""},"categories":[65],"tags":[],"class_list":["post-641222","post","type-post","status-publish","format-standard","has-post-thumbnail","hentry","category-lajme"],"gt_translate_keys":[{"key":"link","format":"url"}],"_links":{"self":[{"href":"https:\/\/www.hashtag.al\/index.php\/wp-json\/wp\/v2\/posts\/641222","targetHints":{"allow":["GET"]}}],"collection":[{"href":"https:\/\/www.hashtag.al\/index.php\/wp-json\/wp\/v2\/posts"}],"about":[{"href":"https:\/\/www.hashtag.al\/index.php\/wp-json\/wp\/v2\/types\/post"}],"author":[{"embeddable":true,"href":"https:\/\/www.hashtag.al\/index.php\/wp-json\/wp\/v2\/users\/4"}],"replies":[{"embeddable":true,"href":"https:\/\/www.hashtag.al\/index.php\/wp-json\/wp\/v2\/comments?post=641222"}],"version-history":[{"count":0,"href":"https:\/\/www.hashtag.al\/index.php\/wp-json\/wp\/v2\/posts\/641222\/revisions"}],"wp:featuredmedia":[{"embeddable":true,"href":"https:\/\/www.hashtag.al\/index.php\/wp-json\/wp\/v2\/media\/641223"}],"wp:attachment":[{"href":"https:\/\/www.hashtag.al\/index.php\/wp-json\/wp\/v2\/media?parent=641222"}],"wp:term":[{"taxonomy":"category","embeddable":true,"href":"https:\/\/www.hashtag.al\/index.php\/wp-json\/wp\/v2\/categories?post=641222"},{"taxonomy":"post_tag","embeddable":true,"href":"https:\/\/www.hashtag.al\/index.php\/wp-json\/wp\/v2\/tags?post=641222"}],"curies":[{"name":"wp","href":"https:\/\/api.w.org\/{rel}","templated":true}]}}