{"id":641127,"date":"2023-12-20T20:26:00","date_gmt":"2023-12-20T19:26:00","guid":{"rendered":"https:\/\/www.hashtag.al\/?p=641127"},"modified":"2023-12-20T20:26:51","modified_gmt":"2023-12-20T19:26:51","slug":"depozitohen-ne-kuvend-dy-raportet-e-keshillit-te-mandateve-per-imunitetin-e-berishes","status":"publish","type":"post","link":"https:\/\/www.hashtag.al\/index.php\/2023\/12\/20\/depozitohen-ne-kuvend-dy-raportet-e-keshillit-te-mandateve-per-imunitetin-e-berishes\/","title":{"rendered":"Depozitohen n\u00eb Kuvend dy raportet e K\u00ebshillit t\u00eb Mandateve p\u00ebr imunitetin e Berish\u00ebs","gt_translate_keys":[{"key":"rendered","format":"text"}]},"content":{"rendered":"<p><span style=\"color: #000000;\"><a href=\"https:\/\/www.hashtag.al\/wp-content\/uploads\/2023\/12\/keshilli-i-mandateve.jpg\"><img loading=\"lazy\" decoding=\"async\" class=\"aligncenter size-full wp-image-641130\" src=\"https:\/\/www.hashtag.al\/wp-content\/uploads\/2023\/12\/keshilli-i-mandateve.jpg\" alt=\"\" width=\"1200\" height=\"630\" \/><\/a><\/span><\/p>\n<p><span style=\"color: #000000;\">K\u00ebshilli i Mandateve ka dor\u00ebzuar n\u00eb Kuvend 2 raporte lidhur me k\u00ebrkes\u00ebn e SPAK p\u00ebr dh\u00ebnien e autorizimit p\u00ebr arrestimin e ish-kryeministrit Sali Berisha.<\/span><\/p>\n<p><span style=\"color: #000000;\">Konkretisht, jan\u00eb dor\u00ebzuar n\u00eb Kuvend \u201cRaporti rekomandues i <strong><a href=\"https:\/\/web-api.parlament.al\/Files\/202312201844379712Raport%20i%20deputet%C3%ABve%20an%C3%ABtar%C3%AB%20t%C3%AB%20mazhoranc%C3%ABs%20n%C3%AB%20K%C3%ABshillin%20p%C3%ABr%20Rregulloren,%20Mandatet%20dhe%20Imunitetin.pdf\">deputet\u00ebve t\u00eb shumic\u00ebs <\/a><\/strong>parlamentare, an\u00ebtar\u00eb t\u00eb K\u00ebshillit p\u00ebr Rregulloren, Mandatet dhe Imunitetin&#8221;\u00a0dhe &#8220;Raporti rekomandues i <strong><a href=\"https:\/\/web-api.parlament.al\/Files\/202312201844379808Raport%20i%20deputetit%20Enkelejd%20Alibeaj,%20an%C3%ABtar%20i%20K%C3%ABshillit%20p%C3%ABr%20Rregulloren,%20Mandatet%20dhe%20Imunitetin.pdf\">deputetit Enkelejd Alibeaj<\/a>, <\/strong>an\u00ebtar i K\u00ebshillit p\u00ebr Rregulloren, Mandatet dhe Imunitetin&#8221;,<strong>\u00a0<\/strong>p\u00ebr shqyrtimin e k\u00ebrkes\u00ebs s\u00eb Prokuroris\u00eb s\u00eb Posa\u00e7me kund\u00ebr Korrupsionit dhe Krimit t\u00eb Organizuar p\u00ebr dh\u00ebnien e autorizimit p\u00ebr arrestim\/heqje lirie p\u00ebr Berish\u00ebn n\u00ebp\u00ebrmjet z\u00ebvend\u00ebsimit t\u00eb mas\u00ebs s\u00eb sigurimit.<\/span><\/p>\n<p><span style=\"color: #000000;\">Nj\u00eb raport \u00ebsht\u00eb depozuar nga deputet\u00ebt e deputet\u00ebve q\u00eb p\u00ebrfaq\u00ebsojn\u00eb p\u00ebr shumic\u00ebn socialiste n\u00eb K\u00ebshillin e Mandateve dhe tjetri nga deputeti Enkleejd Alibeaj nga Partia Demokratike n\u00eb K\u00ebshillin e Mandateve,<\/span><\/p>\n<p><span style=\"color: #000000;\">K\u00ebto 2 raporte do t\u00eb prezantohen n\u00eb seanc\u00ebn plenare t\u00eb dit\u00ebn s\u00eb nes\u00ebrme, ku pritet q\u00eb Kuvendi t\u00eb votoj\u00eb p\u00ebr imunitetin e Berish\u00ebs.<\/span><\/p>\n<p><span style=\"color: #000000;\">Kujtojm\u00eb se pak dit\u00eb m\u00eb par\u00eb, K\u00ebshilli i Mandateve dhe Imunitetit ka votuar pro dh\u00ebnies s\u00eb autorizimit t\u00eb SPAK p\u00ebr heqjen e liris\u00eb s\u00eb Sali Berish\u00ebs n\u00eb lidhje me \u00e7\u00ebshtjen \u201cPartizani\u201d.<\/span><\/p>\n<p><span style=\"color: #000000;\">Dit\u00ebn e nes\u00ebrme, deputet\u00ebt do t\u00eb votojn\u00eb p\u00ebr heqjen ose jo t\u00eb imunitetit t\u00eb Sali Berish\u00ebs.<\/span><\/p>\n","protected":false,"gt_translate_keys":[{"key":"rendered","format":"html"}]},"excerpt":{"rendered":"<p>K\u00ebshilli i Mandateve ka dor\u00ebzuar n\u00eb Kuvend 2 raporte lidhur me k\u00ebrkes\u00ebn e SPAK p\u00ebr dh\u00ebnien e autorizimit p\u00ebr arrestimin e ish-kryeministrit Sali Berisha. Konkretisht, jan\u00eb dor\u00ebzuar n\u00eb Kuvend \u201cRaporti rekomandues i deputet\u00ebve t\u00eb shumic\u00ebs parlamentare, an\u00ebtar\u00eb t\u00eb K\u00ebshillit p\u00ebr Rregulloren, Mandatet dhe Imunitetin&#8221;\u00a0dhe &#8220;Raporti rekomandues i deputetit Enkelejd Alibeaj, an\u00ebtar i K\u00ebshillit p\u00ebr Rregulloren, [&hellip;]<\/p>\n","protected":false,"gt_translate_keys":[{"key":"rendered","format":"html"}]},"author":32,"featured_media":641130,"comment_status":"closed","ping_status":"closed","sticky":false,"template":"","format":"standard","meta":{"footnotes":""},"categories":[65,13],"tags":[],"class_list":["post-641127","post","type-post","status-publish","format-standard","has-post-thumbnail","hentry","category-lajme","category-te-fundit"],"gt_translate_keys":[{"key":"link","format":"url"}],"_links":{"self":[{"href":"https:\/\/www.hashtag.al\/index.php\/wp-json\/wp\/v2\/posts\/641127","targetHints":{"allow":["GET"]}}],"collection":[{"href":"https:\/\/www.hashtag.al\/index.php\/wp-json\/wp\/v2\/posts"}],"about":[{"href":"https:\/\/www.hashtag.al\/index.php\/wp-json\/wp\/v2\/types\/post"}],"author":[{"embeddable":true,"href":"https:\/\/www.hashtag.al\/index.php\/wp-json\/wp\/v2\/users\/32"}],"replies":[{"embeddable":true,"href":"https:\/\/www.hashtag.al\/index.php\/wp-json\/wp\/v2\/comments?post=641127"}],"version-history":[{"count":0,"href":"https:\/\/www.hashtag.al\/index.php\/wp-json\/wp\/v2\/posts\/641127\/revisions"}],"wp:featuredmedia":[{"embeddable":true,"href":"https:\/\/www.hashtag.al\/index.php\/wp-json\/wp\/v2\/media\/641130"}],"wp:attachment":[{"href":"https:\/\/www.hashtag.al\/index.php\/wp-json\/wp\/v2\/media?parent=641127"}],"wp:term":[{"taxonomy":"category","embeddable":true,"href":"https:\/\/www.hashtag.al\/index.php\/wp-json\/wp\/v2\/categories?post=641127"},{"taxonomy":"post_tag","embeddable":true,"href":"https:\/\/www.hashtag.al\/index.php\/wp-json\/wp\/v2\/tags?post=641127"}],"curies":[{"name":"wp","href":"https:\/\/api.w.org\/{rel}","templated":true}]}}