{"id":641120,"date":"2023-12-20T19:59:07","date_gmt":"2023-12-20T18:59:07","guid":{"rendered":"https:\/\/www.hashtag.al\/?p=641120"},"modified":"2023-12-20T19:59:07","modified_gmt":"2023-12-20T18:59:07","slug":"gjyqtarja-e-gjkko-se-irena-gjoka-dhe-prokurori-i-spak-klodian-braho-falsifikuan-formularet-e-deklarimit","status":"publish","type":"post","link":"https:\/\/www.hashtag.al\/index.php\/2023\/12\/20\/gjyqtarja-e-gjkko-se-irena-gjoka-dhe-prokurori-i-spak-klodian-braho-falsifikuan-formularet-e-deklarimit\/","title":{"rendered":"Gjyqtarja e GJKKO-s\u00eb, Irena Gjoka dhe prokurori i SPAK, Klodian Braho falsifikuan formular\u00ebt e deklarimit","gt_translate_keys":[{"key":"rendered","format":"text"}]},"content":{"rendered":"<p><span style=\"color: #000000;\"><a style=\"color: #000000;\" href=\"https:\/\/www.hashtag.al\/wp-content\/uploads\/2023\/12\/irena-gjoka-klodian-braho.jpeg\"><img loading=\"lazy\" decoding=\"async\" class=\"aligncenter size-full wp-image-641121\" src=\"https:\/\/www.hashtag.al\/wp-content\/uploads\/2023\/12\/irena-gjoka-klodian-braho.jpeg\" alt=\"\" width=\"640\" height=\"447\" srcset=\"https:\/\/www.hashtag.al\/wp-content\/uploads\/2023\/12\/irena-gjoka-klodian-braho.jpeg 640w, https:\/\/www.hashtag.al\/wp-content\/uploads\/2023\/12\/irena-gjoka-klodian-braho-300x210.jpeg 300w, https:\/\/www.hashtag.al\/wp-content\/uploads\/2023\/12\/irena-gjoka-klodian-braho-360x252.jpeg 360w\" sizes=\"auto, (max-width: 640px) 100vw, 640px\" \/><\/a><\/span><\/p>\n<p><span style=\"color: #000000;\">Prokuroria e Posa\u00e7me njoftoi k\u00ebt\u00eb t\u00eb m\u00ebrkur\u00eb se ka dor\u00ebzuar n\u00eb gjykat\u00ebn e posa\u00e7me k\u00ebrkes\u00ebn p\u00ebr gjykim ndaj kryebashkiakut t\u00eb Ku\u00e7ov\u00ebs, Kreshnik Hajdari me akuz\u00ebn e falsifikimit t\u00eb vulave, stampave ose i formular\u00ebve.<\/span><\/p>\n<p><span style=\"color: #000000;\">Dosja n\u00eb ngarkim t\u00eb kryebashkiakut lidhet me formularin e dekriminalizimit q\u00eb ai ka plot\u00ebsuar n\u00eb kuad\u00ebr t\u00eb ligjit p\u00ebr integritetin e t\u00eb zgjedhurve dhe zyrtar\u00ebve qendror\u00eb dhe vendor\u00eb.<\/span><\/p>\n<p><span style=\"color: #000000;\">Por, \u00e7far\u00eb ka b\u00ebr\u00eb konkretisht Kreshnik Hajdari, q\u00eb sipas akuz\u00ebs rrezikon burg deri n\u00eb pes\u00eb vite? Sipas SPAK, nga aktet e administruara, provat e marra n\u00ebp\u00ebrmjet let\u00ebrporosis\u00eb nga autoritetet greke t\u00eb Drejt\u00ebsis\u00eb, rezulton se shtetasi Kreshnik Hajdari \u00ebsht\u00eb i d\u00ebnuar n\u00eb vitin 1999 me vendimin e form\u00ebs s\u00eb prer\u00eb t\u00eb gjykat\u00ebs s\u00eb Janin\u00ebs, me mas\u00ebn riedukuese t\u00eb qortimit sepse ka kaluar kufirin nga mali, ashtu si\u00e7 n\u00eb at\u00eb koh\u00eb kan\u00eb b\u00ebr\u00eb mbi 60 p\u00ebr qind e shqiptar\u00ebve.<\/span><\/p>\n<p><span style=\"color: #000000;\">Ky \u00ebsht\u00eb rasti i Kreshnik Hajdarit, nj\u00eb drejtues i nj\u00eb bashkie modeste, q\u00eb p\u00ebrve\u00e7se mund t\u00eb largohet nga detyra n\u00ebse gjendet fajtor, rrezikon edhe burgun. P\u00ebrball\u00eb k\u00ebtij rasti \u00ebsht\u00eb ai i prokurorit t\u00eb posa\u00e7\u00ebm, Klodjan Braho dhe ai i gjykat\u00ebses s\u00eb posa\u00e7me, Irena Gjoka.<\/span><\/p>\n<p><span style=\"color: #000000;\">Rasti i Brahos, sipas kall\u00ebzimit t\u00eb dor\u00ebzuar n\u00eb SPAK ndaj tij \u00ebsht\u00eb disa her\u00eb m\u00eb i r\u00ebnd\u00eb se Kreshnik Hajdari. Prokurori i Posa\u00e7\u00ebm, ashtu si Hajdari dyshohet se ka fshehur nga formular\u00ebt e deklarimit nj\u00eb udh\u00ebtim p\u00ebr n\u00eb Greqi.<\/span><\/p>\n<p><span style=\"color: #000000;\">Ndryshe nga Hajdari, q\u00eb ka ikur nga mali, Klodjan Braho ka kaluar me automjet m\u00eb 24 shkurt 2012 n\u00eb pik\u00ebn kufitare t\u00eb Kakavij\u00ebs dhe krejt\u00ebsisht ligj\u00ebrisht. Por, k\u00ebt\u00eb udh\u00ebtim n\u00eb drejtim t\u00eb Greqis\u00eb, sipas nj\u00eb kall\u00ebzimi t\u00eb depozituar n\u00eb SPAK, Klodjan Braho s\u2019e ka deklaruar n\u00eb formular\u00ebt e vettingu. Pse? Arsyja ndoshta lidhet me dyshimet e ngritura n\u00eb kall\u00ebzim se prokurori ka qen\u00eb n\u00eb nj\u00eb shoq\u00ebri t\u00eb pap\u00ebrshtatshme t\u00eb Ervis Gavellit, i d\u00ebnuar nga Italia me precedent\u00eb t\u00eb theksuar penal\u00eb, i akuzuar, hetuar e d\u00ebnuar p\u00ebr trafik droge dhe pastrim parash, subjekt OFL-je n\u00eb mars t\u00eb 2020 ku dosja referua n\u00eb SPAK. K\u00ebtu, sipas kall\u00ebzimit n\u00eb SPAK, dyshohet se Klodjan Braho ka nd\u00ebrhyr\u00eb p\u00ebr t\u00eb zhbllokuar pasurit\u00eb e dy miqve t\u00eb hersh\u00ebm t\u00eb tij.<\/span><\/p>\n<p><span style=\"color: #000000;\">Gjyqtarja e posa\u00e7me Irena Gjoka nga ana tjet\u00ebr u ka fshehur komisioneve t\u00eb vettingut shkarkimin nga detyra p\u00ebr paaft\u00ebsi me nj\u00eb vendim t\u00eb K\u00ebshillit t\u00eb Lart\u00eb t\u00eb Drejt\u00ebsis\u00eb t\u00eb 8 shkurtit 1996.<\/span><\/p>\n<p><span style=\"color: #000000;\">N\u00ebse para se t\u00eb kalonin vettingun, Klodjan Braho dhe Irena Gjoka do ta kishin deklaruar k\u00ebto detaje, sot prokurori dhe gjyqtarja e posa\u00e7me me gjasa do t\u00eb ishin pjes\u00eb e kontigjentit t\u00eb prokuror\u00ebve e gjyqtar\u00ebve q\u00eb u larguan nga sistemi, jo vet\u00ebm p\u00ebr mosjustifikim pasurie, por edhe p\u00ebr lidhje t\u00eb err\u00ebta me bot\u00ebn e krimit dhe p\u00ebr paaft\u00ebsi n\u00eb ushtrimin e detyr\u00ebs.<\/span><\/p>\n<p><span style=\"color: #000000;\">Q\u00eb drejt\u00ebsia e re t\u00eb mos katandiset n\u00eb nj\u00eb drejt\u00ebsi fasad\u00eb e s\u00eb vjetr\u00ebs dhe amorfe, rastet i Klodjan Brahos dhe Irena Gjok\u00ebs duhet t\u00eb jen\u00eb t\u00eb par\u00ebt q\u00eb duhet t\u00eb hetohen. SPAK e GJKKO m\u00eb par\u00eb duhet t\u00eb pastrojn\u00eb radh\u00ebt e veta, pastaj t\u00eb vihen n\u00eb gjueti t\u00eb zyrtar\u00ebve t\u00eb dor\u00ebs s\u00eb dyt\u00eb, a dor\u00ebs s\u00eb tret\u00eb q\u00eb t\u00eb vetmin faj q\u00eb kan\u00eb \u00ebsht\u00eb emigrimi si hallexhinj n\u00eb Greqi n\u00eb vitet e v\u00ebshtira t\u00eb Shqip\u00ebris\u00eb.<\/span><\/p>\n<p><span style=\"color: #000000;\"><span style=\"color: #ff0000;\"><strong>VINI RE:<\/strong> <\/span>Artikulli \u00ebsht\u00eb pron\u00eb intelektuale e <span style=\"color: #3366ff;\"><a style=\"color: #3366ff;\" href=\"https:\/\/www.voxnews.al\/fokus\/akuzat-gjyqtarja-e-gjkko-se-irena-gjoka-dhe-prokurori-i-spak-klodian-braho-i55114\"><strong>Vox News.al<\/strong><\/a><\/span><\/span><\/p>\n","protected":false,"gt_translate_keys":[{"key":"rendered","format":"html"}]},"excerpt":{"rendered":"<p>Prokuroria e Posa\u00e7me njoftoi k\u00ebt\u00eb t\u00eb m\u00ebrkur\u00eb se ka dor\u00ebzuar n\u00eb gjykat\u00ebn e posa\u00e7me k\u00ebrkes\u00ebn p\u00ebr gjykim ndaj kryebashkiakut t\u00eb Ku\u00e7ov\u00ebs, Kreshnik Hajdari me akuz\u00ebn e falsifikimit t\u00eb vulave, stampave ose i formular\u00ebve. Dosja n\u00eb ngarkim t\u00eb kryebashkiakut lidhet me formularin e dekriminalizimit q\u00eb ai ka plot\u00ebsuar n\u00eb kuad\u00ebr t\u00eb ligjit p\u00ebr integritetin e t\u00eb [&hellip;]<\/p>\n","protected":false,"gt_translate_keys":[{"key":"rendered","format":"html"}]},"author":32,"featured_media":641121,"comment_status":"closed","ping_status":"closed","sticky":false,"template":"","format":"standard","meta":{"footnotes":""},"categories":[65,13],"tags":[],"class_list":["post-641120","post","type-post","status-publish","format-standard","has-post-thumbnail","hentry","category-lajme","category-te-fundit"],"gt_translate_keys":[{"key":"link","format":"url"}],"_links":{"self":[{"href":"https:\/\/www.hashtag.al\/index.php\/wp-json\/wp\/v2\/posts\/641120","targetHints":{"allow":["GET"]}}],"collection":[{"href":"https:\/\/www.hashtag.al\/index.php\/wp-json\/wp\/v2\/posts"}],"about":[{"href":"https:\/\/www.hashtag.al\/index.php\/wp-json\/wp\/v2\/types\/post"}],"author":[{"embeddable":true,"href":"https:\/\/www.hashtag.al\/index.php\/wp-json\/wp\/v2\/users\/32"}],"replies":[{"embeddable":true,"href":"https:\/\/www.hashtag.al\/index.php\/wp-json\/wp\/v2\/comments?post=641120"}],"version-history":[{"count":0,"href":"https:\/\/www.hashtag.al\/index.php\/wp-json\/wp\/v2\/posts\/641120\/revisions"}],"wp:featuredmedia":[{"embeddable":true,"href":"https:\/\/www.hashtag.al\/index.php\/wp-json\/wp\/v2\/media\/641121"}],"wp:attachment":[{"href":"https:\/\/www.hashtag.al\/index.php\/wp-json\/wp\/v2\/media?parent=641120"}],"wp:term":[{"taxonomy":"category","embeddable":true,"href":"https:\/\/www.hashtag.al\/index.php\/wp-json\/wp\/v2\/categories?post=641120"},{"taxonomy":"post_tag","embeddable":true,"href":"https:\/\/www.hashtag.al\/index.php\/wp-json\/wp\/v2\/tags?post=641120"}],"curies":[{"name":"wp","href":"https:\/\/api.w.org\/{rel}","templated":true}]}}