{"id":641032,"date":"2023-12-20T16:50:37","date_gmt":"2023-12-20T15:50:37","guid":{"rendered":"https:\/\/www.hashtag.al\/?p=641032"},"modified":"2023-12-20T18:17:42","modified_gmt":"2023-12-20T17:17:42","slug":"trump-skualifikohet-ne-primaret-e-zgjedhjeve-presidenciale-ne-kolorado","status":"publish","type":"post","link":"https:\/\/www.hashtag.al\/index.php\/2023\/12\/20\/trump-skualifikohet-ne-primaret-e-zgjedhjeve-presidenciale-ne-kolorado\/","title":{"rendered":"Trump s&#8217;kualifikohet n\u00eb primaret e zgjedhjeve presidenciale n\u00eb Kolorado","gt_translate_keys":[{"key":"rendered","format":"text"}]},"content":{"rendered":"<p><a href=\"https:\/\/www.hashtag.al\/wp-content\/uploads\/2023\/12\/Screenshot-2023-12-20-131012.png\"><img loading=\"lazy\" decoding=\"async\" class=\"aligncenter size-full wp-image-641033\" src=\"https:\/\/www.hashtag.al\/wp-content\/uploads\/2023\/12\/Screenshot-2023-12-20-131012.png\" alt=\"\" width=\"1232\" height=\"672\" srcset=\"https:\/\/www.hashtag.al\/wp-content\/uploads\/2023\/12\/Screenshot-2023-12-20-131012.png 1232w, https:\/\/www.hashtag.al\/wp-content\/uploads\/2023\/12\/Screenshot-2023-12-20-131012-300x164.png 300w, https:\/\/www.hashtag.al\/wp-content\/uploads\/2023\/12\/Screenshot-2023-12-20-131012-1024x559.png 1024w, https:\/\/www.hashtag.al\/wp-content\/uploads\/2023\/12\/Screenshot-2023-12-20-131012-768x419.png 768w\" sizes=\"auto, (max-width: 1232px) 100vw, 1232px\" \/><\/a><\/p>\n<p><span style=\"color: #000000;\">Gjykata Supreme e Kolorados ka marr\u00eb vendim q\u00eb ish-presidenti amerikan Donald Trump, nuk mund t\u00eb garoj\u00eb n\u00eb zgjedhjet e ardhshme presidenciale, duke e cituar nj\u00eb klauzol\u00eb kushtetuese p\u00ebr kryengritje<\/span><\/p>\n<p><span style=\"color: #000000;\">Gjykata ka marr\u00eb vendim q\u00eb Trump nuk \u00ebsht\u00eb kandidat i p\u00ebrshtatsh\u00ebm, sepse \u00ebsht\u00eb p\u00ebrfshir\u00eb n\u00eb kryengritje, gjat\u00eb trazirave q\u00eb kan\u00eb ndodhur n\u00eb Kongresin amerikan, tre vjet m\u00eb par\u00eb<\/span><\/p>\n<p><span style=\"color: #000000;\">Fushata e Trumpit e ka cil\u00ebsuar vendimin si anti-demokratik dhe \u00ebsht\u00eb zotuar se do ta apeloj\u00eb at\u00eb<\/span><\/p>\n<p><span style=\"color: #000000;\">Kjo \u00ebsht\u00eb hera e par\u00eb q\u00eb interpretohet nj\u00eb pik\u00eb e Amadamentit t\u00eb 14-t\u00eb t\u00eb Kushtetut\u00ebs amerikane, p\u00ebr t\u00eb diskualifikuar nj\u00eb kandidat p\u00ebr president<\/span><\/p>\n<p><span style=\"color: #000000;\">Tentime t\u00eb ngjashme p\u00ebr t\u00eb pamund\u00ebsuar gar\u00ebn e Trumpit n\u00eb Nju Jork, Minesota dhe Mi\u00e7igan, kan\u00eb d\u00ebshtuar.<\/span><\/p>\n<p><span style=\"color: #000000;\">Vendimi i s\u00eb mart\u00ebs \u2013 i cili \u00ebsht\u00eb v\u00ebn\u00eb n\u00eb mbajtje deri n\u00eb vendimin e apelit, muajin tjet\u00ebr \u2013 nuk vlen p\u00ebr shtetet tjera, p\u00ebrve\u00e7 Kolorados, p\u00ebrcjell <span style=\"color: #0000ff;\"><a style=\"color: #0000ff;\" href=\"https:\/\/www.evropaelire.org\/a\/trump-diskualifikohet-per-zgjedhjet-presidenciale-ne-kolorado\/32739725.html\">REL.<\/a><\/span><\/span><\/p>\n<p><span style=\"color: #000000;\">Ky vendim vlen vet\u00ebm p\u00ebr votimet fillestare t\u00eb 5 marsit, kur republikan\u00ebt t\u00eb votojn\u00eb p\u00ebr kandidatin e tyre t\u00eb preferuar p\u00ebr president, ndon\u00ebse vendimi mund t\u00eb ket\u00eb ndikim n\u00eb zgjedhjet e p\u00ebrgjithshme t\u00eb SHBA-s\u00eb, q\u00eb mbahen n\u00eb n\u00ebntorin e vitit t\u00eb ardhsh\u00ebm.<\/span><\/p>\n<p><span style=\"color: #000000;\">Gjyqtar\u00ebt kan\u00eb th\u00ebn\u00eb se vendime t\u00eb tilla nuk i marrin leht\u00eb.<\/span><\/p>\n<p><span style=\"color: #000000;\"><em>\u201cNe jemi t\u00eb vet\u00ebdijsh\u00ebm p\u00ebr shkall\u00ebn dhe pesh\u00ebn e pyetjeve q\u00eb kemi p\u00ebrpara vetes\u201d.<\/em><\/span><\/p>\n<p><span style=\"color: #000000;\">Ky vendim p\u00ebrmbys nj\u00eb vendim tjet\u00ebr t\u00eb nj\u00eb gjyqtari n\u00eb Kolorado, i cili ka vendosur se ndalesa q\u00eb p\u00ebrmendet n\u00eb Amendamentin e 14-t\u00eb, nuk vlen p\u00ebr president\u00ebt, sepse ata nuk p\u00ebrmenden aty n\u00eb m\u00ebnyr\u00eb specifike.<\/span><\/p>\n<p><span style=\"color: #000000;\">I nj\u00ebjti gjyqtar pati gjetur se Trump ka marr\u00eb pjes\u00eb n\u00eb kryengritjen ndaj Kongresit.<\/span><\/p>\n<p><span style=\"color: #000000;\">Mb\u00ebshtet\u00ebsit e tij kan\u00eb kryer trazira m\u00eb 6 janar t\u00eb vitit 2021 n\u00eb k\u00ebt\u00eb nd\u00ebrtes\u00eb, derisa ligjv\u00ebn\u00ebsit kan\u00eb qen\u00eb duke e certifikuar fitoren e presidentit aktual Joe Biden.<\/span><\/p>\n<p><span style=\"color: #000000;\">P\u00ebrfaq\u00ebsuesit e fushat\u00ebs s\u00eb Bidenit nuk e kan\u00eb komentuar vendimin e Kolorados.<\/span><\/p>\n<p><span style=\"color: #000000;\">Aktualisht, Trump po p\u00ebrballet me kat\u00ebr raste penale n\u00ebp\u00ebr gjyqe, p\u00ebrfshir\u00eb nj\u00eb rast federal, dhe nj\u00eb padi tjet\u00ebr n\u00eb shtetin e Xhorxhias, lidhur me dyshimet se ka b\u00ebr\u00eb p\u00ebrpjekje p\u00ebr p\u00ebrmbysje t\u00eb rezultatit zgjedhor.<\/span><\/p>\n","protected":false,"gt_translate_keys":[{"key":"rendered","format":"html"}]},"excerpt":{"rendered":"<p>Gjykata Supreme e Kolorados ka marr\u00eb vendim q\u00eb ish-presidenti amerikan Donald Trump, nuk mund t\u00eb garoj\u00eb n\u00eb zgjedhjet e ardhshme presidenciale, duke e cituar nj\u00eb klauzol\u00eb kushtetuese p\u00ebr kryengritje Gjykata ka marr\u00eb vendim q\u00eb Trump nuk \u00ebsht\u00eb kandidat i p\u00ebrshtatsh\u00ebm, sepse \u00ebsht\u00eb p\u00ebrfshir\u00eb n\u00eb kryengritje, gjat\u00eb trazirave q\u00eb kan\u00eb ndodhur n\u00eb Kongresin amerikan, tre vjet [&hellip;]<\/p>\n","protected":false,"gt_translate_keys":[{"key":"rendered","format":"html"}]},"author":30,"featured_media":641033,"comment_status":"closed","ping_status":"closed","sticky":false,"template":"","format":"standard","meta":{"footnotes":""},"categories":[6],"tags":[],"class_list":["post-641032","post","type-post","status-publish","format-standard","has-post-thumbnail","hentry","category-nderkombetare"],"gt_translate_keys":[{"key":"link","format":"url"}],"_links":{"self":[{"href":"https:\/\/www.hashtag.al\/index.php\/wp-json\/wp\/v2\/posts\/641032","targetHints":{"allow":["GET"]}}],"collection":[{"href":"https:\/\/www.hashtag.al\/index.php\/wp-json\/wp\/v2\/posts"}],"about":[{"href":"https:\/\/www.hashtag.al\/index.php\/wp-json\/wp\/v2\/types\/post"}],"author":[{"embeddable":true,"href":"https:\/\/www.hashtag.al\/index.php\/wp-json\/wp\/v2\/users\/30"}],"replies":[{"embeddable":true,"href":"https:\/\/www.hashtag.al\/index.php\/wp-json\/wp\/v2\/comments?post=641032"}],"version-history":[{"count":0,"href":"https:\/\/www.hashtag.al\/index.php\/wp-json\/wp\/v2\/posts\/641032\/revisions"}],"wp:featuredmedia":[{"embeddable":true,"href":"https:\/\/www.hashtag.al\/index.php\/wp-json\/wp\/v2\/media\/641033"}],"wp:attachment":[{"href":"https:\/\/www.hashtag.al\/index.php\/wp-json\/wp\/v2\/media?parent=641032"}],"wp:term":[{"taxonomy":"category","embeddable":true,"href":"https:\/\/www.hashtag.al\/index.php\/wp-json\/wp\/v2\/categories?post=641032"},{"taxonomy":"post_tag","embeddable":true,"href":"https:\/\/www.hashtag.al\/index.php\/wp-json\/wp\/v2\/tags?post=641032"}],"curies":[{"name":"wp","href":"https:\/\/api.w.org\/{rel}","templated":true}]}}